{"id":2366,"date":"2025-08-19T20:04:30","date_gmt":"2025-08-19T23:04:30","guid":{"rendered":"https:\/\/cafecommessias.com.br\/?p=2366"},"modified":"2025-08-19T20:04:57","modified_gmt":"2025-08-19T23:04:57","slug":"adultizacao-camara-aprova-urgencia-para-protecao-de-criancas-na-internet","status":"publish","type":"post","link":"https:\/\/cafecommessias.com.br\/?p=2366","title":{"rendered":"Adultiza\u00e7\u00e3o: C\u00e2mara aprova urg\u00eancia para prote\u00e7\u00e3o de crian\u00e7as na internet"},"content":{"rendered":"\n<p>A C\u00e2mara dos Deputados aprovou nesta ter\u00e7a-feira (19) o regime de urg\u00eancia do projeto sobre a prote\u00e7\u00e3o de crian\u00e7as e adolescentes em ambientes digitais. Por acordo com l\u00edderes partid\u00e1rios, o m\u00e9rito da proposta deve ser analisado na quarta-feira (20).<\/p>\n\n\n\n<p>A aprova\u00e7\u00e3o ocurreu de maneira simb\u00f3lica, quando n\u00e3o h\u00e1 registro dos votos. Parlamentares da oposi\u00e7\u00e3o protestaram e Hugo Motta, entretanto, alegou n\u00e3o haver requerimento de vota\u00e7\u00e3o nominal sobre a Mesa no momento que antecedeu a aprova\u00e7\u00e3o.<\/p>\n\n\n\n<p>\u201cA decis\u00e3o est\u00e1 tomada, vota\u00e7\u00e3o feita e proclamado o resultado. Amanh\u00e3 votaremos o m\u00e9rito da mat\u00e9ria\u201d, afirmou Motta \u00e0 oposi\u00e7\u00e3o.<\/p>\n\n\n\n<p>O projeto j\u00e1 foi aprovado no Senado e chegou \u00e0 C\u00e2mara em dezembro de 2024. A urg\u00eancia acelera a an\u00e1lise e permite a vota\u00e7\u00e3o diretamente no plen\u00e1rio, sem passar pelas comiss\u00f5es da Casa.<\/p>\n\n\n\n<p>De autoria do senador Alessandro Vieira (MDB-SE), o texto tem sido chamado de \u201cECA digital\u201d, em refer\u00eancia ao Estatuto da Crian\u00e7a e do Adolescente. A mat\u00e9ria estabelece uma s\u00e9rie de regras para garantir os direitos e a prote\u00e7\u00e3o de menores de idade na internet.<\/p>\n\n\n\n<p>O tema da \u201cadultiza\u00e7\u00e3o\u201d ganhou destaque no debate p\u00fablico ap\u00f3s den\u00fancias feitas pelo youtuber e influenciador Felipe Bressanim Pereira, o Felca, sobre conte\u00fados nas redes sociais que exp\u00f5e a sexualiza\u00e7\u00e3o de menores de idade.<\/p>\n\n\n\n<p>A mat\u00e9ria estabelece a\u00e7\u00f5es em prol do controle parental, prote\u00e7\u00e3o de dados, publicidade digital, filtros de conte\u00fado e obriga\u00e7\u00f5es para provedores, aplica\u00e7\u00f5es e fornecedores de produtos na internet.<\/p>\n\n\n\n<p>Relator na Comiss\u00e3o de Comunica\u00e7\u00e3o, o deputado Jadyel Alencar (Republicanos-PI) avalia que o texto est\u00e1 maduro. Ele nega que a proposta esbarrar\u00e1 em censura.<\/p>\n\n\n\n<p>Na quarta-feira, o plen\u00e1rio da C\u00e2mara ter\u00e1 debate, em formato de comiss\u00e3o geral, para discutir o tema da \u201cadultiza\u00e7\u00e3o\u201d com especialistas. A Casa tamb\u00e9m deve continuar discutindo sobre o assunto em um grupo de trabalho.<\/p>\n\n\n\n<p><sub>Por CNN<\/sub><\/p>\n\n\n\n<p><\/p>\n","protected":false},"excerpt":{"rendered":"<p>A C\u00e2mara dos Deputados aprovou nesta ter\u00e7a-feira (19) o regime de urg\u00eancia do projeto sobre a prote\u00e7\u00e3o de crian\u00e7as e adolescentes em ambientes digitais. Por acordo com l\u00edderes partid\u00e1rios, o m\u00e9rito da proposta deve ser analisado na quarta-feira (20). A aprova\u00e7\u00e3o ocurreu de maneira simb\u00f3lica, quando n\u00e3o h\u00e1 registro dos votos. Parlamentares da oposi\u00e7\u00e3o protestaram&#8230;<\/p>\n","protected":false},"author":1,"featured_media":2367,"comment_status":"open","ping_status":"closed","sticky":false,"template":"","format":"standard","meta":{"footnotes":""},"categories":[3],"tags":[],"class_list":["post-2366","post","type-post","status-publish","format-standard","has-post-thumbnail","hentry","category-geral"],"_links":{"self":[{"href":"https:\/\/cafecommessias.com.br\/index.php?rest_route=\/wp\/v2\/posts\/2366","targetHints":{"allow":["GET"]}}],"collection":[{"href":"https:\/\/cafecommessias.com.br\/index.php?rest_route=\/wp\/v2\/posts"}],"about":[{"href":"https:\/\/cafecommessias.com.br\/index.php?rest_route=\/wp\/v2\/types\/post"}],"author":[{"embeddable":true,"href":"https:\/\/cafecommessias.com.br\/index.php?rest_route=\/wp\/v2\/users\/1"}],"replies":[{"embeddable":true,"href":"https:\/\/cafecommessias.com.br\/index.php?rest_route=%2Fwp%2Fv2%2Fcomments&post=2366"}],"version-history":[{"count":1,"href":"https:\/\/cafecommessias.com.br\/index.php?rest_route=\/wp\/v2\/posts\/2366\/revisions"}],"predecessor-version":[{"id":2368,"href":"https:\/\/cafecommessias.com.br\/index.php?rest_route=\/wp\/v2\/posts\/2366\/revisions\/2368"}],"wp:featuredmedia":[{"embeddable":true,"href":"https:\/\/cafecommessias.com.br\/index.php?rest_route=\/wp\/v2\/media\/2367"}],"wp:attachment":[{"href":"https:\/\/cafecommessias.com.br\/index.php?rest_route=%2Fwp%2Fv2%2Fmedia&parent=2366"}],"wp:term":[{"taxonomy":"category","embeddable":true,"href":"https:\/\/cafecommessias.com.br\/index.php?rest_route=%2Fwp%2Fv2%2Fcategories&post=2366"},{"taxonomy":"post_tag","embeddable":true,"href":"https:\/\/cafecommessias.com.br\/index.php?rest_route=%2Fwp%2Fv2%2Ftags&post=2366"}],"curies":[{"name":"wp","href":"https:\/\/api.w.org\/{rel}","templated":true}]}}