{"id":2369,"date":"2025-08-19T20:07:23","date_gmt":"2025-08-19T23:07:23","guid":{"rendered":"https:\/\/cafecommessias.com.br\/?p=2369"},"modified":"2025-08-19T20:07:42","modified_gmt":"2025-08-19T23:07:42","slug":"governo-trump-diz-que-vai-usar-toda-a-forca-contra-maduro-na-venezuela-eua-deslocam-navios-de-guerra-para-a-costa-do-pais","status":"publish","type":"post","link":"https:\/\/cafecommessias.com.br\/?p=2369","title":{"rendered":"Governo Trump diz que vai usar \u2018toda a for\u00e7a\u2019 contra Maduro na Venezuela; EUA deslocam navios de guerra para a costa do pa\u00eds"},"content":{"rendered":"\n<p>A porta-voz do governo Trump, dos EUA, Karoline Leavitt, disse nesta ter\u00e7a-feira (19) que vai usar \u201ctoda a for\u00e7a\u201d contra o regime de Nicol\u00e1s Maduro, na Venezuela.<\/p>\n\n\n\n<p>\u201cMaduro n\u00e3o \u00e9 um presidente leg\u00edtimo. Ele \u00e9 um fugitivo e chefe de um cartel narcoterrorista acusado nos EUA de tr\u00e1fico de drogas. Trump est\u00e1 preparado para usar toda a for\u00e7a americana para deter o tr\u00e1fico de drogas\u201d, disse Leavitt, a jornalistas, na Casa Branca.<\/p>\n\n\n\n<p>O termo em ingl\u00eas usado por Leavitt, \u201cpower\u201d, pode ser traduzido como \u201cfor\u00e7a\u201d ou \u201cpoder\u201d.<\/p>\n\n\n\n<p>Nesta semana, os EUA deslocaram tr\u00eas navios de guerra para o sul do Caribe, perto da costa da Venezuela, sob a alega\u00e7\u00e3o de conter amea\u00e7as de cart\u00e9is de tr\u00e1fico de drogas. O presidente Trump afirmou que iria usar for\u00e7as militares para perseguir o tr\u00e1fico organizado, cujos grupos foram designados como organiza\u00e7\u00f5es terroristas globais por Washington.<\/p>\n\n\n\n<p>De acordo com a Reuters, os navios deslocados s\u00e3o destr\u00f3iers com sistemas de m\u00edsseis guiados Aegis: USS Gravely, USS Jason Dunham e USS Sampson. A ag\u00eancia diz que mais de 4.000 militares ser\u00e3o posicionados na regi\u00e3o.<\/p>\n\n\n\n<p>O Minist\u00e9rio das Comunica\u00e7\u00f5es da Venezuela n\u00e3o respondeu imediatamente a um pedido de coment\u00e1rio da Reuters. Sem se referir aos navios de guerra, o presidente venezuelano disse na segunda-feira (18), em um discurso, que a Venezuela \u201cdefender\u00e1 nossos mares, nossos c\u00e9us e nossas terras\u201d. Ele aludiu ao que chamou de \u201ca amea\u00e7a bizarra e absurda de um imp\u00e9rio em decl\u00ednio\u201d.<\/p>\n\n\n\n<p><strong>Recompensa<\/strong><\/p>\n\n\n\n<p>No \u00faltimo dia 7, os EUA anunciaram que&nbsp;ir\u00e3o pagar at\u00e9 US$ 50 milh\u00f5es&nbsp;(cerca de R$ 270 milh\u00f5es) por informa\u00e7\u00f5es que levem \u00e0 pris\u00e3o ou condena\u00e7\u00e3o de Maduro. O valor \u00e9 maior do que o oferecido por detalhes do paradeiro de&nbsp;Osama Bin Laden&nbsp;ap\u00f3s os atentados terroristas de 11 de setembro de 2001.<\/p>\n\n\n\n<p>Segundo a procuradora-geral dos EUA, Pam Bondi, Maduro \u00e9 um dos \u201cmaiores narcotraficantes do mundo\u201d e representa uma amea\u00e7a \u00e0 seguran\u00e7a nacional dos Estados Unidos.<\/p>\n\n\n\n<p><strong>Acusa\u00e7\u00e3o formal sob Trump<\/strong><\/p>\n\n\n\n<p>Os EUA acusam formalmente Maduro de narcoterrorismo desde mar\u00e7o de 2020, durante o primeiro mandato de Donald Trump. Na \u00e9poca, o governo passou a oferecer uma recompensa de US$ 15 milh\u00f5es (cerca de R$ 75 milh\u00f5es).<\/p>\n\n\n\n<p>Esse valor foi aumentado para US$ 25 milh\u00f5es em janeiro de 2025, j\u00e1 sob o governo de Joe Biden, como retalia\u00e7\u00e3o \u00e0 posse de Maduro para um novo mandato como presidente. Agora, a recompensa foi dobrada e chegou a US$ 50 milh\u00f5es.<\/p>\n\n\n\n<p>O novo montante ultrapassa o valor oferecido pelos EUA por Osama Bin Laden logo ap\u00f3s os atentados de 11 de setembro. \u00c0 \u00e9poca, o governo americano anunciou uma recompensa de US$ 25 milh\u00f5es pelo l\u00edder da Al-Qaeda, e ele passou a ser o homem mais procurado do planeta.<\/p>\n\n\n\n<p>O Senado dos EUA chegou a aprovar a eleva\u00e7\u00e3o desse valor para US$ 50 milh\u00f5es, em 2007, mas n\u00e3o h\u00e1 registros de que a mudan\u00e7a tenha sido oficializada. Registros do Departamento de Estado indicam que a recompensa ficou em US$ 25 milh\u00f5es.<\/p>\n\n\n\n<p>Bin Laden foi morto em maio de 2011, durante uma opera\u00e7\u00e3o da Marinha dos EUA no Paquist\u00e3o. Segundo a imprensa americana, nenhuma recompensa foi paga, j\u00e1 que o l\u00edder da Al-Qaeda foi localizado por meio de dados da intelig\u00eancia norte-americana.<\/p>\n\n\n\n<p>Antes mesmo da morte de Bin Laden, em 2003, os Estados Unidos j\u00e1 haviam pagado uma recompensa superior \u2014 mas referente a dois alvos. Na ocasi\u00e3o, um homem recebeu US$ 30 milh\u00f5es por fornecer informa\u00e7\u00f5es sobre o paradeiro de Uday e Qusay Hussein, filhos do ent\u00e3o ditador iraquiano Saddam Hussein.<\/p>\n\n\n\n<p><strong>Buscas por Maduro<\/strong><\/p>\n\n\n\n<p>Segundo o Departamento de Justi\u00e7a dos EUA, Nicol\u00e1s Maduro \u00e9 acusado de envolvimento em conspira\u00e7\u00e3o com o narcoterrorismo, tr\u00e1fico de drogas, importa\u00e7\u00e3o de coca\u00edna e uso de armas em apoio a crimes relacionados ao tr\u00e1fico.<\/p>\n\n\n\n<p>Maduro tamb\u00e9m \u00e9 apontado pelo governo americano como l\u00edder do suposto Cartel de los Soles, grupo classificado recentemente pelos EUA como organiza\u00e7\u00e3o terrorista internacional.<\/p>\n\n\n\n<p>Ao anunciar a recompensa de US$ 50 milh\u00f5es, o governo americano afirmou que j\u00e1 apreendeu mais de US$ 700 milh\u00f5es em bens ligados ao venezuelano, incluindo dois jatos particulares e nove ve\u00edculos.<\/p>\n\n\n\n<p>Ainda de acordo com o governo, as autoridades interceptaram 30 toneladas de coca\u00edna ligadas a Maduro e seus aliados \u2014 quase 7 toneladas diretamente relacionadas ao presidente.<\/p>\n\n\n\n<p>Apesar disso, a recompensa oferecida pelos EUA tem efeito pr\u00e1tico limitado e \u00e9 vista como gesto pol\u00edtico. Maduro segue no comando da Venezuela, e a medida n\u00e3o equivale a um pedido internacional de pris\u00e3o.<\/p>\n\n\n\n<p>Como estrat\u00e9gia, para se blindar, Maduro continua mantendo rela\u00e7\u00f5es diplom\u00e1ticas com aliados estrat\u00e9gicos como R\u00fassia, China e Ir\u00e3.<\/p>\n\n\n\n<p><sub>Por g1<\/sub><\/p>\n\n\n\n<p><\/p>\n","protected":false},"excerpt":{"rendered":"<p>A porta-voz do governo Trump, dos EUA, Karoline Leavitt, disse nesta ter\u00e7a-feira (19) que vai usar \u201ctoda a for\u00e7a\u201d contra o regime de Nicol\u00e1s Maduro, na Venezuela. \u201cMaduro n\u00e3o \u00e9 um presidente leg\u00edtimo. Ele \u00e9 um fugitivo e chefe de um cartel narcoterrorista acusado nos EUA de tr\u00e1fico de drogas. Trump est\u00e1 preparado para usar&#8230;<\/p>\n","protected":false},"author":1,"featured_media":2370,"comment_status":"open","ping_status":"closed","sticky":false,"template":"","format":"standard","meta":{"footnotes":""},"categories":[2],"tags":[],"class_list":["post-2369","post","type-post","status-publish","format-standard","has-post-thumbnail","hentry","category-internacional"],"_links":{"self":[{"href":"https:\/\/cafecommessias.com.br\/index.php?rest_route=\/wp\/v2\/posts\/2369","targetHints":{"allow":["GET"]}}],"collection":[{"href":"https:\/\/cafecommessias.com.br\/index.php?rest_route=\/wp\/v2\/posts"}],"about":[{"href":"https:\/\/cafecommessias.com.br\/index.php?rest_route=\/wp\/v2\/types\/post"}],"author":[{"embeddable":true,"href":"https:\/\/cafecommessias.com.br\/index.php?rest_route=\/wp\/v2\/users\/1"}],"replies":[{"embeddable":true,"href":"https:\/\/cafecommessias.com.br\/index.php?rest_route=%2Fwp%2Fv2%2Fcomments&post=2369"}],"version-history":[{"count":1,"href":"https:\/\/cafecommessias.com.br\/index.php?rest_route=\/wp\/v2\/posts\/2369\/revisions"}],"predecessor-version":[{"id":2371,"href":"https:\/\/cafecommessias.com.br\/index.php?rest_route=\/wp\/v2\/posts\/2369\/revisions\/2371"}],"wp:featuredmedia":[{"embeddable":true,"href":"https:\/\/cafecommessias.com.br\/index.php?rest_route=\/wp\/v2\/media\/2370"}],"wp:attachment":[{"href":"https:\/\/cafecommessias.com.br\/index.php?rest_route=%2Fwp%2Fv2%2Fmedia&parent=2369"}],"wp:term":[{"taxonomy":"category","embeddable":true,"href":"https:\/\/cafecommessias.com.br\/index.php?rest_route=%2Fwp%2Fv2%2Fcategories&post=2369"},{"taxonomy":"post_tag","embeddable":true,"href":"https:\/\/cafecommessias.com.br\/index.php?rest_route=%2Fwp%2Fv2%2Ftags&post=2369"}],"curies":[{"name":"wp","href":"https:\/\/api.w.org\/{rel}","templated":true}]}}