{"id":2433,"date":"2025-08-21T01:04:14","date_gmt":"2025-08-21T04:04:14","guid":{"rendered":"https:\/\/cafecommessias.com.br\/?p=2433"},"modified":"2025-08-21T01:05:20","modified_gmt":"2025-08-21T04:05:20","slug":"moraes-da-48-horas-para-bolsonaro-explicar-descumprimento-de-medidas-cautelares-e-risco-de-fuga","status":"publish","type":"post","link":"https:\/\/cafecommessias.com.br\/?p=2433","title":{"rendered":"Moraes d\u00e1 48 horas para Bolsonaro explicar descumprimento de medidas cautelares e risco de fuga"},"content":{"rendered":"\n<p>Decis\u00e3o tamb\u00e9m menciona a reitera\u00e7\u00e3o de condutas il\u00edcitas atribu\u00eddas ao ex-presidente e, segundo Moraes, o &#8216;comprovado risco de fuga&#8217; apontado pela Pol\u00edcia Federal em relat\u00f3rio.<\/p>\n\n\n\n<p>O ministro Alexandre de Moraes, do Supremo Tribunal Federal (STF), determinou nesta quarta-feira (20) que a defesa do ex-presidente Jair Bolsonaro (PL) se manifeste no prazo de 48 horas sobre os reiterados descumprimentos de medidas cautelares impostas pela Corte.<\/p>\n\n\n\n<p>A decis\u00e3o tamb\u00e9m menciona a reitera\u00e7\u00e3o de condutas il\u00edcitas atribu\u00eddas ao ex-presidente e, segundo Moraes, o &#8220;comprovado risco de fuga&#8221; apontado pela Pol\u00edcia Federal em relat\u00f3rio.<\/p>\n\n\n\n<blockquote class=\"wp-block-quote is-layout-flow wp-block-quote-is-layout-flow\">\n<p>&#8220;Diante de todo o exposto, intime-se a defesa de Jair Messias Bolsonaro para que, no prazo de 48 (quarenta e oito) horas, preste esclarecimentos acerca: dos reiterados descumprimentos das medidas cautelares impostas; da reitera\u00e7\u00e3o das condutas il\u00edcitas; e da exist\u00eancia de comprovado risco de fuga&#8221;, escreveu o ministro.<\/p>\n\n\n\n<p>O ministro menciona a exist\u00eancia de um rascunho de pedido de asilo pol\u00edtico na Argentina. O documento, de fevereiro de 2024, foi produzido dias ap\u00f3s a opera\u00e7\u00e3o que realizou busca e apreens\u00e3o contra o ex-presidente.<\/p>\n\n\n\n<p>A exist\u00eancia do rascunho foi divulgada\u00a0nesta quarta, ap\u00f3s Bolsonaro ser indiciado pela PF por coa\u00e7\u00e3o de a\u00e7\u00e3o penal (veja mais abaixo).<\/p>\n\n\n\n<p>&#8220;Os elementos de prova obtidos pela Pol\u00edcia Federal indicam que Jair Messias Bolsonaro tinha posse de documento destinado a possibilitar sua evas\u00e3o do territ\u00f3rio nacional&#8221;, diz Moraes.<\/p>\n\n\n\n<p>Moraes ordenou que, ap\u00f3s a resposta da defesa, os autos sejam enviados imediatamente \u00e0 Procuradoria-Geral da Rep\u00fablica (PGR), que ter\u00e1 o mesmo prazo para se manifestar.<\/p>\n\n\n\n<h4 class=\"wp-block-heading\">Ex-presidente indiciado<\/h4>\n\n\n\n<p>Bolsonaro \u00e9 r\u00e9u no STF por tentativa de golpe de Estado e foi indiciado pelo PF nesta qurta por articular medidas para constranger autoridades da Corte.<\/p>\n\n\n\n<p>A PF identificou mensagens e \u00e1udios nos quais, segundo os investigadores, o ex-presidente e seu filho, Eduardo Bolsonaro, discutem estrat\u00e9gias para buscar apoio internacional e pressionar o Supremo.<\/p>\n\n\n\n<p>O relat\u00f3rio tamb\u00e9m apontou que Bolsonaro teria substitu\u00eddo aparelhos celulares ap\u00f3s apreens\u00f5es judiciais e continuado a atuar nas redes sociais em desacordo com medidas que lhe foram impostas.<\/p>\n\n\n\n<p>Por g1\u00a0\u2014 Bras\u00edlia<\/p>\n\n\n\n<p class=\"has-text-align-center\"><strong>PUBLICIDADE<\/strong><\/p>\n\n\n\n<figure class=\"wp-block-image size-large\"><img loading=\"lazy\" decoding=\"async\" width=\"1024\" height=\"158\" src=\"https:\/\/cafecommessias.com.br\/wp-content\/uploads\/2025\/08\/1300x200-2-1024x158.gif\" alt=\"\" class=\"wp-image-2437\" srcset=\"https:\/\/cafecommessias.com.br\/wp-content\/uploads\/2025\/08\/1300x200-2-1024x158.gif 1024w, https:\/\/cafecommessias.com.br\/wp-content\/uploads\/2025\/08\/1300x200-2-300x46.gif 300w, https:\/\/cafecommessias.com.br\/wp-content\/uploads\/2025\/08\/1300x200-2-768x118.gif 768w\" sizes=\"auto, (max-width: 1024px) 100vw, 1024px\" \/><\/figure>\n<\/blockquote>\n","protected":false},"excerpt":{"rendered":"<p>Decis\u00e3o tamb\u00e9m menciona a reitera\u00e7\u00e3o de condutas il\u00edcitas atribu\u00eddas ao ex-presidente e, segundo Moraes, o &#8216;comprovado risco de fuga&#8217; apontado pela Pol\u00edcia Federal em relat\u00f3rio. O ministro Alexandre de Moraes, do Supremo Tribunal Federal (STF), determinou nesta quarta-feira (20) que a defesa do ex-presidente Jair Bolsonaro (PL) se manifeste no prazo de 48 horas sobre&#8230;<\/p>\n","protected":false},"author":1,"featured_media":2434,"comment_status":"open","ping_status":"open","sticky":false,"template":"","format":"standard","meta":{"footnotes":""},"categories":[4,3],"tags":[],"class_list":["post-2433","post","type-post","status-publish","format-standard","has-post-thumbnail","hentry","category-anuncie-aqui","category-geral"],"_links":{"self":[{"href":"https:\/\/cafecommessias.com.br\/index.php?rest_route=\/wp\/v2\/posts\/2433","targetHints":{"allow":["GET"]}}],"collection":[{"href":"https:\/\/cafecommessias.com.br\/index.php?rest_route=\/wp\/v2\/posts"}],"about":[{"href":"https:\/\/cafecommessias.com.br\/index.php?rest_route=\/wp\/v2\/types\/post"}],"author":[{"embeddable":true,"href":"https:\/\/cafecommessias.com.br\/index.php?rest_route=\/wp\/v2\/users\/1"}],"replies":[{"embeddable":true,"href":"https:\/\/cafecommessias.com.br\/index.php?rest_route=%2Fwp%2Fv2%2Fcomments&post=2433"}],"version-history":[{"count":3,"href":"https:\/\/cafecommessias.com.br\/index.php?rest_route=\/wp\/v2\/posts\/2433\/revisions"}],"predecessor-version":[{"id":2438,"href":"https:\/\/cafecommessias.com.br\/index.php?rest_route=\/wp\/v2\/posts\/2433\/revisions\/2438"}],"wp:featuredmedia":[{"embeddable":true,"href":"https:\/\/cafecommessias.com.br\/index.php?rest_route=\/wp\/v2\/media\/2434"}],"wp:attachment":[{"href":"https:\/\/cafecommessias.com.br\/index.php?rest_route=%2Fwp%2Fv2%2Fmedia&parent=2433"}],"wp:term":[{"taxonomy":"category","embeddable":true,"href":"https:\/\/cafecommessias.com.br\/index.php?rest_route=%2Fwp%2Fv2%2Fcategories&post=2433"},{"taxonomy":"post_tag","embeddable":true,"href":"https:\/\/cafecommessias.com.br\/index.php?rest_route=%2Fwp%2Fv2%2Ftags&post=2433"}],"curies":[{"name":"wp","href":"https:\/\/api.w.org\/{rel}","templated":true}]}}