{"id":2492,"date":"2025-08-22T01:24:39","date_gmt":"2025-08-22T04:24:39","guid":{"rendered":"https:\/\/cafecommessias.com.br\/?p=2492"},"modified":"2025-08-22T10:45:20","modified_gmt":"2025-08-22T13:45:20","slug":"mastercard-bloqueia-cartao-de-alexandre-de-moraes","status":"publish","type":"post","link":"https:\/\/cafecommessias.com.br\/?p=2492","title":{"rendered":"Mastercard bloqueia cart\u00e3o de Alexandre de Moraes"},"content":{"rendered":"\n<p>A Mastercard, empresa americana, bloqueou um cart\u00e3o de cr\u00e9dito do ministro Alexandre de Moraes, do Supremo Tribunal Federal (STF), em raz\u00e3o das san\u00e7\u00f5es da Lei Magnitskyimpostas ao magistrado pelo governo dos Estados Unidos. O Banco do Brasil, institui\u00e7\u00e3o em que o ministro tem conta, ofereceu a ele um cart\u00e3o da bandeira Elo, que \u00e9 nacional. As informa\u00e7\u00f5es foram confirmadas pela Estad\u00e3o com pessoas a par do assunto do setor financeiro e do Judici\u00e1rio.<\/p>\n\n\n\n<p>O uso da bandeira Elo resolveria o problema de uso de cart\u00e3o de cr\u00e9dito pelo ministro em territ\u00f3rio brasileiro. Mesmo assim, ele continuaria sem ter como usar o cart\u00e3o em outro pa\u00eds porque, no exterior o servi\u00e7o \u00e9 oferecido em parceria com a operadora Discover, que \u00e9 americana.<\/p>\n\n\n\n<p>Procurado, o Banco do Brasil e o gabinete de Moraes disseram que n\u00e3o se manifestariam. A legisla\u00e7\u00e3o brasileira determina sigilo banc\u00e1rio e impede que as institui\u00e7\u00f5es forne\u00e7am qualquer informa\u00e7\u00e3o sobre relacionamento com os clientes.<\/p>\n\n\n\n<p>Na quarta-feira, 20, num evento sobre governan\u00e7a, a presidente do BB, Tarciana Medeiros, afirmou que o banco, obedece a legisla\u00e7\u00e3o brasileira e regulamenta\u00e7\u00f5es globais de mais de 20 pa\u00edses onde atua. Tamb\u00e9m destacou que o banco \u201csegue forte e robusto\u201d.<\/p>\n\n\n\n<p>Mais cedo, o BB afirmou que acumula s\u00f3lida experi\u00eancia em rela\u00e7\u00f5es internacionais e est\u00e1 preparado paralidar com temas complexos ou sens\u00edveis que envolvem regulamenta\u00e7\u00f5es globais.<\/p>\n\n\n\n<p>\u201c\u00c9 muita falta de responsabilidade quando algum brasileiro vem colocar em xeque a solidez, a seguran\u00e7a e a integridade de uma empresa como o Banco do Brasil\u201d, afirmou. \u201cQue a gente n\u00e3o acredite em fake news. Que a gente n\u00e3o propague mentiras; que a gente combata essas mentiras, como servidores p\u00fablicos que somos.\u201d, disse.<\/p>\n\n\n\n<p>Nesta semana, uma decis\u00e3o do ministro Fl\u00e1vio Dino que, na pr\u00e1tica, permitir\u00e1 a Moraes recorrer ao pr\u00f3prio STF contra as puni\u00e7\u00f5es do governo Donald Trump, provocou d\u00favidas nos bancos brasileiros sobre o que poderia ou n\u00e3o ser feito no relacionamento com Alexandre de Moraes.<\/p>\n\n\n\n<p>Um dos representantes dos banqueiros afirmou \u00e0 Coluna que a situa\u00e7\u00e3o era \u201cin\u00e9dita, complexa, sens\u00edvel e insol\u00favel\u201d. O setor tem caracter\u00edsticas peculiares, porque as rela\u00e7\u00f5es dos bancos s\u00e3o globais, interligadas com o mundo, comerciais e contratuais.<\/p>\n\n\n\n<p>Para al\u00e9m da preocupa\u00e7\u00e3o de institui\u00e7\u00f5es privadas, como Ita\u00fa, Bradesco, BTG, que nesta semana viu suas a\u00e7\u00f5es derreterem na Bolsa um dia ap\u00f3s a decis\u00e3o de Dino, um dos interlocutores que conversaram com o Estad\u00e3o observou que o Banco do Brasil, um banco p\u00fablico de capital aberto, por exemplo, tem opera\u00e7\u00f5es nos Estados Unidos e que tamb\u00e9m ficaria numa situa\u00e7\u00e3o complexa.<\/p>\n\n\n\n<p>A indaga\u00e7\u00e3o que fez foi a seguinte: \u201cO que o BB faz se for acionado pela lista da Ofac (Office of Foreign Assets Control), \u00f3rg\u00e3o do Tesouro dos EUA, determinando prazo para encerrar uma conta? Dir\u00e1 que est\u00e1 sujeito ao STF?\u201d. A primeira resposta aparece agora com a confirma\u00e7\u00e3o de que o BB bloqueou a bandeira americana do cart\u00e3o de cr\u00e9dito de Moraes na institui\u00e7\u00e3o.<\/p>\n\n\n\n<p>Ministros do STF ouvidos reservadamente afirmam que o STF est\u00e1 aberto a qualquer pedido de esclarecimento de setores do mercado financeiro e n\u00e3o veem motivo para alarde \u2014 ainda que internamente haja um grupo que fa\u00e7a cr\u00edticas \u00e0 forma como a decis\u00e3o foi tomada.<\/p>\n\n\n\n<p>Nos bastidores do STF, o entendimento \u00e9 que o momento exige cautela e que n\u00e3o \u00e9 poss\u00edvel agir mediante press\u00f5es, e que todos os esclarecimentos podem ser feitos, caso sejam solicitados \u00e0 Corte.<\/p>\n\n\n\n<p>Para esses ministros, Dino n\u00e3o fechou as possibilidades de discutir pontos da decis\u00e3o, mas n\u00e3o v\u00ea raz\u00e3o de modificar a ordem, que causou preocupa\u00e7\u00e3o no mercado financeiro e incertezas.<\/p>\n\n\n\n<p><sub>por <strong>Estad\u00e3o Conte\u00fado<\/strong><br>Ag\u00eancia de Not\u00edcia<\/sub><\/p>\n","protected":false},"excerpt":{"rendered":"<p>A Mastercard, empresa americana, bloqueou um cart\u00e3o de cr\u00e9dito do ministro Alexandre de Moraes, do Supremo Tribunal Federal (STF), em raz\u00e3o das san\u00e7\u00f5es da Lei Magnitskyimpostas ao magistrado pelo governo dos Estados Unidos. O Banco do Brasil, institui\u00e7\u00e3o em que o ministro tem conta, ofereceu a ele um cart\u00e3o da bandeira Elo, que \u00e9 nacional&#8230;.<\/p>\n","protected":false},"author":1,"featured_media":2493,"comment_status":"open","ping_status":"open","sticky":false,"template":"","format":"standard","meta":{"footnotes":""},"categories":[3],"tags":[],"class_list":["post-2492","post","type-post","status-publish","format-standard","has-post-thumbnail","hentry","category-geral"],"_links":{"self":[{"href":"https:\/\/cafecommessias.com.br\/index.php?rest_route=\/wp\/v2\/posts\/2492","targetHints":{"allow":["GET"]}}],"collection":[{"href":"https:\/\/cafecommessias.com.br\/index.php?rest_route=\/wp\/v2\/posts"}],"about":[{"href":"https:\/\/cafecommessias.com.br\/index.php?rest_route=\/wp\/v2\/types\/post"}],"author":[{"embeddable":true,"href":"https:\/\/cafecommessias.com.br\/index.php?rest_route=\/wp\/v2\/users\/1"}],"replies":[{"embeddable":true,"href":"https:\/\/cafecommessias.com.br\/index.php?rest_route=%2Fwp%2Fv2%2Fcomments&post=2492"}],"version-history":[{"count":1,"href":"https:\/\/cafecommessias.com.br\/index.php?rest_route=\/wp\/v2\/posts\/2492\/revisions"}],"predecessor-version":[{"id":2494,"href":"https:\/\/cafecommessias.com.br\/index.php?rest_route=\/wp\/v2\/posts\/2492\/revisions\/2494"}],"wp:featuredmedia":[{"embeddable":true,"href":"https:\/\/cafecommessias.com.br\/index.php?rest_route=\/wp\/v2\/media\/2493"}],"wp:attachment":[{"href":"https:\/\/cafecommessias.com.br\/index.php?rest_route=%2Fwp%2Fv2%2Fmedia&parent=2492"}],"wp:term":[{"taxonomy":"category","embeddable":true,"href":"https:\/\/cafecommessias.com.br\/index.php?rest_route=%2Fwp%2Fv2%2Fcategories&post=2492"},{"taxonomy":"post_tag","embeddable":true,"href":"https:\/\/cafecommessias.com.br\/index.php?rest_route=%2Fwp%2Fv2%2Ftags&post=2492"}],"curies":[{"name":"wp","href":"https:\/\/api.w.org\/{rel}","templated":true}]}}