{"id":2526,"date":"2025-08-23T14:34:30","date_gmt":"2025-08-23T17:34:30","guid":{"rendered":"https:\/\/cafecommessias.com.br\/?p=2526"},"modified":"2025-08-23T14:34:56","modified_gmt":"2025-08-23T17:34:56","slug":"homem-mata-policial-em-delegacia-foge-e-e-preso-apos-fazer-mulher-e-crianca-refens-por-17-horas-no-amapa","status":"publish","type":"post","link":"https:\/\/cafecommessias.com.br\/?p=2526","title":{"rendered":"Homem mata policial em delegacia, foge e \u00e9 preso ap\u00f3s fazer mulher e crian\u00e7a ref\u00e9ns por 17 horas no Amap\u00e1"},"content":{"rendered":"\n<p>O policial civil Mayson Viana de Freitas, 38, morreu baleado nesta sexta-feira (22) durante a apresenta\u00e7\u00e3o de um preso na Delegacia de Laranjal do Jari, no Amap\u00e1.<\/p>\n\n\n\n<p>O preso pegou a arma do policial e fez v\u00e1rios disparos contra a v\u00edtima. Depois, conseguiu fugir em uma moto, entrou em uma casa na passarela Vagalume e manteve ref\u00e9ns uma mulher e a filha de dez anos.<\/p>\n\n\n\n<p>A Pol\u00edcia Militar isolou o local e uma equipe de gerenciamento de crise comandou o processo de negocia\u00e7\u00e3o, que durou cerca de 17 horas.<\/p>\n\n\n\n<p>Por volta das 10h, o criminoso libertou a crian\u00e7a e, \u00e0s 11h, liberou a m\u00e3e e foi preso.<\/p>\n\n\n\n<p>\u201cConseguimos um desfecho nessa segunda etapa da liberta\u00e7\u00e3o das ref\u00e9ns, a crian\u00e7a e a m\u00e3e. O criminoso acabou de se entregar. Foram muitas horas de negocia\u00e7\u00e3o. V\u00e1rias equipes participaram e se revezaram na negocia\u00e7\u00e3o, que foi bem-sucedida ao final\u201d, afirmou Cl\u00e9cio Lu\u00eds (Solidariedade), governador do Amap\u00e1.<\/p>\n\n\n\n<p>Durante a madrugada, o criminoso, identificado como Lucas Nonato, fez uma transmiss\u00e3o por rede social. Ele disse que as ref\u00e9ns estavam bem e que elas seriam libertadas.<\/p>\n\n\n\n<p>\u201cVoc\u00eas podem me criticar, falar que sou bandido, vagabundo, que n\u00e3o mere\u00e7o ter uma oportunidade. Voc\u00eas podem at\u00e9 t\u00e1 certos em certo ponto. Mas essa que \u00e9 a vida, o ser humano sempre vai olhar pros defeitos\u201d, afirmou.<\/p>\n\n\n\n<p>Al\u00e9m da PM, policiais civis e o Grupo T\u00e1tico A\u00e9reo atuaram na ocorr\u00eancia. O secret\u00e1rio de Seguran\u00e7a P\u00fablica, Daniel Marsili, o delegado-geral da Pol\u00edcia Civil do Amap\u00e1, C\u00e9sar Vieira, e o comandante-geral da Pol\u00edcia Militar, coronel Costa J\u00fanior, acompanharam o caso.<\/p>\n\n\n\n<p>O policial morto era casado e esperava o primeiro filho. A mulher dele est\u00e1 no quinto m\u00eas de gesta\u00e7\u00e3o. O assassinato provocou como\u00e7\u00e3o em Laranjal do Jari.<\/p>\n\n\n\n<p>O governador estava em Laranjal do Jari nesta sexta para participar da inaugura\u00e7\u00e3o de uma quadra esportiva e da entrega de kits de alimenta\u00e7\u00e3o. Ele cancelou a agenda e lamentou a morte do policial.<\/p>\n\n\n\n<p><sub>Por Folhapress<\/sub><\/p>\n\n\n\n<p><\/p>\n","protected":false},"excerpt":{"rendered":"<p>O policial civil Mayson Viana de Freitas, 38, morreu baleado nesta sexta-feira (22) durante a apresenta\u00e7\u00e3o de um preso na Delegacia de Laranjal do Jari, no Amap\u00e1. O preso pegou a arma do policial e fez v\u00e1rios disparos contra a v\u00edtima. Depois, conseguiu fugir em uma moto, entrou em uma casa na passarela Vagalume e&#8230;<\/p>\n","protected":false},"author":1,"featured_media":2527,"comment_status":"open","ping_status":"closed","sticky":false,"template":"","format":"standard","meta":{"footnotes":""},"categories":[23],"tags":[],"class_list":["post-2526","post","type-post","status-publish","format-standard","has-post-thumbnail","hentry","category-crime"],"_links":{"self":[{"href":"https:\/\/cafecommessias.com.br\/index.php?rest_route=\/wp\/v2\/posts\/2526","targetHints":{"allow":["GET"]}}],"collection":[{"href":"https:\/\/cafecommessias.com.br\/index.php?rest_route=\/wp\/v2\/posts"}],"about":[{"href":"https:\/\/cafecommessias.com.br\/index.php?rest_route=\/wp\/v2\/types\/post"}],"author":[{"embeddable":true,"href":"https:\/\/cafecommessias.com.br\/index.php?rest_route=\/wp\/v2\/users\/1"}],"replies":[{"embeddable":true,"href":"https:\/\/cafecommessias.com.br\/index.php?rest_route=%2Fwp%2Fv2%2Fcomments&post=2526"}],"version-history":[{"count":1,"href":"https:\/\/cafecommessias.com.br\/index.php?rest_route=\/wp\/v2\/posts\/2526\/revisions"}],"predecessor-version":[{"id":2528,"href":"https:\/\/cafecommessias.com.br\/index.php?rest_route=\/wp\/v2\/posts\/2526\/revisions\/2528"}],"wp:featuredmedia":[{"embeddable":true,"href":"https:\/\/cafecommessias.com.br\/index.php?rest_route=\/wp\/v2\/media\/2527"}],"wp:attachment":[{"href":"https:\/\/cafecommessias.com.br\/index.php?rest_route=%2Fwp%2Fv2%2Fmedia&parent=2526"}],"wp:term":[{"taxonomy":"category","embeddable":true,"href":"https:\/\/cafecommessias.com.br\/index.php?rest_route=%2Fwp%2Fv2%2Fcategories&post=2526"},{"taxonomy":"post_tag","embeddable":true,"href":"https:\/\/cafecommessias.com.br\/index.php?rest_route=%2Fwp%2Fv2%2Ftags&post=2526"}],"curies":[{"name":"wp","href":"https:\/\/api.w.org\/{rel}","templated":true}]}}