{"id":2538,"date":"2025-08-23T14:45:25","date_gmt":"2025-08-23T17:45:25","guid":{"rendered":"https:\/\/cafecommessias.com.br\/?p=2538"},"modified":"2025-08-23T14:45:46","modified_gmt":"2025-08-23T17:45:46","slug":"governo-entrega-400-unidades-odontologicas-para-reforco-no-atendimento","status":"publish","type":"post","link":"https:\/\/cafecommessias.com.br\/?p=2538","title":{"rendered":"Governo entrega 400 Unidades Odontol\u00f3gicas para refor\u00e7o no atendimento"},"content":{"rendered":"\n<p>O presidente Luiz In\u00e1cio Lula da Silva entregou, nesta quinta-feira (21), 400 Unidades Odontol\u00f3gicas M\u00f3veis (UOMs). O equipamento permite levar atendimento de sa\u00fade bucal a popula\u00e7\u00f5es que t\u00eam dificuldade de acesso a esse servi\u00e7o, como ind\u00edgenas, quilombolas, pessoas em situa\u00e7\u00e3o de rua e assentadas. O investimento \u00e9 de R$ 152 milh\u00f5es via Novo Programa de Acelera\u00e7\u00e3o do Crescimento (PAC).<\/p>\n\n\n\n<p>A entrega \u00e9 a\u00e7\u00e3o estrat\u00e9gica do Brasil Sorridente, o programa de assist\u00eancia odontol\u00f3gica do governo, criado em 2004, no primeiro mandato de Lula na Presid\u00eancia. Lula defende que sa\u00fade bucal tamb\u00e9m deve ser prioridade para o Estado.<\/p>\n\n\n\n<p>\u201c\u00c9 muito f\u00e1cil voc\u00ea ser governante para fazer uma ponte. Agora \u00e9 muito dif\u00edcil voc\u00ea ser governante para fazer aquilo que o povo tem necessidade pr\u00e1tica, r\u00e1pida e muito necess\u00e1ria. E a quest\u00e3o odontol\u00f3gica \u00e9 uma delas\u201d, disse o presidente em evento em Sorocaba (SP).<\/p>\n\n\n\n<p>\u201cTem muita gente que n\u00e3o sabe que isso [sa\u00fade bucal] \u00e9 necessidade. Tem muita gente que n\u00e3o se d\u00e1 conta, que n\u00e3o faz falta, at\u00e9 acha bonito: \u2018Nossa, que mo\u00e7a bonita sem dente\u2019. N\u00e3o \u00e9 poss\u00edvel, n\u00e3o \u00e9 bonito, n\u00e3o \u00e9 moral, n\u00e3o \u00e9 decente. N\u00e3o para pessoa, mas para o Estado que deixa a pessoa ser daquele jeito\u201d, afirmou.<\/p>\n\n\n\n<p>Lula ressaltou ainda que as ambul\u00e2ncias do Brasil Sorridente atendem os locais mais distantes, mas tamb\u00e9m as periferias das cidades. \u201cA gente pensa que a mis\u00e9ria est\u00e1 longe, mas, \u00e0s vezes, ela est\u00e1 vizinha da gente e a gente n\u00e3o enxerga. N\u00e3o \u00e9 todo mundo que mora na cidade que tem dinheiro para pagar um dentista\u201d, disse.<\/p>\n\n\n\n<h2 class=\"wp-block-heading\">Sa\u00fade bucal<\/h2>\n\n\n\n<p>Ao falar da import\u00e2ncia da sa\u00fade bucal, o ministro da Sa\u00fade, Alexandre Padilha, lembrou que a falta de cuidados pode levar ao agravamento de outras condi\u00e7\u00f5es. \u201cMuitas doen\u00e7as s\u00e3o provocadas por uma m\u00e1 sa\u00fade bucal, inclusive c\u00e2ncer. Alguns tipos de c\u00e2ncer t\u00eam um risco maior de acontecer se a pessoa tem problema nos dentes\u201d, disse.<\/p>\n\n\n\n<p>O ministro citou ainda outras doen\u00e7as que podem ser causadas por problemas dent\u00e1rios.&nbsp;<\/p>\n\n\n\n<p>\u201cA m\u00e1 sa\u00fade bucal impacta tamb\u00e9m no seu sistema digestivo. Uma m\u00e1 sa\u00fade bucal pode impactar, por exemplo, em dores de cabe\u00e7a que a pessoa n\u00e3o sabe porque tem. Al\u00e9m disso, a sa\u00fade bucal impacta na dignidade da vida das pessoas. Todo mundo aqui sabe que uma pessoa que n\u00e3o tem os dentes, \u00e0s vezes, tem vergonha de conviver\u201d, acrescentou.<\/p>\n\n\n\n<p>As unidades m\u00f3veis entregues hoje v\u00e3o atender 400 munic\u00edpios em todos os estados do pa\u00eds. Nesta primeira etapa, o Nordeste \u00e9 a regi\u00e3o que mais vai receber UOMs, com 207 ve\u00edculos entregues, seguida do Norte (95), Sudeste (45), Centro-Oeste (32) e Sul (21).<\/p>\n\n\n\n<p>De acordo com o governo, os munic\u00edpios contemplados foram selecionados com base em crit\u00e9rios de vulnerabilidade socioecon\u00f4mica, extens\u00e3o territorial e proporcionalidade regional, buscando evitar a concentra\u00e7\u00e3o de recursos e ampliar a cobertura no Sistema \u00danico de Sa\u00fade (SUS).<\/p>\n\n\n\n<p>At\u00e9 2026, o Minist\u00e9rio da Sa\u00fade prev\u00ea a entrega de mais 400 unidades para refor\u00e7ar o atendimento em todo o pa\u00eds. A previs\u00e3o \u00e9 que a frota seja renovada a cada 5 anos.<\/p>\n\n\n\n<h2 class=\"wp-block-heading\">Funcionamento<\/h2>\n\n\n\n<p>Cada Unidade Odontol\u00f3gica M\u00f3vel \u00e9 equipada com cadeira odontol\u00f3gica completa, aparelho de raio-x, ar-condicionado, frigobar, exaustor, gerador de energia, canetas de alta e baixa rota\u00e7\u00e3o, fotopolimerizador, entre outros equipamentos essenciais para garantir a qualidade do atendimento odontol\u00f3gico.<\/p>\n\n\n\n<p>A UOM \u00e9 o componente m\u00f3vel do Brasil Sorridente e uma extens\u00e3o da Unidade B\u00e1sica de Sa\u00fade. Ela pode ofertar tanto procedimentos da aten\u00e7\u00e3o prim\u00e1ria quanto, conforme a organiza\u00e7\u00e3o local, a\u00e7\u00f5es especializadas como tratamento endod\u00f4ntico e a oferta de pr\u00f3teses dent\u00e1rias. Quando necess\u00e1rio, as pessoas atendidas podem ser encaminhadas para continuidade do cuidado em servi\u00e7os especializados, como os Centros de Especialidades Odontol\u00f3gicas (CEO) e os Servi\u00e7os de Especialidades em Sa\u00fade Bucal (Sesb), com foco em munic\u00edpios de at\u00e9 20 mil habitantes.<\/p>\n\n\n\n<p>Os ve\u00edculos ser\u00e3o utilizados pelas equipes de Sa\u00fade Bucal (eSB), compostas por cirurgi\u00e3o-dentista e auxiliar e\/ou t\u00e9cnico em sa\u00fade bucal, habilitadas pelo Minist\u00e9rio da Sa\u00fade. H\u00e1 34 mil eSB credenciadas no pa\u00eds, de acordo dados de 2024. Os gestores locais podem, ainda, compartilhar uma mesma UOM com mais de uma equipe, para ampliar o atendimento.<\/p>\n\n\n\n<h2 class=\"wp-block-heading\">Reajuste<\/h2>\n\n\n\n<p>Durante o evento em Sorocaba, o ministro Alexandre Padilha assinou portaria que reajusta os valores de implanta\u00e7\u00e3o das Unidades Odontol\u00f3gicas M\u00f3veis de R$ 7 mil para R$ 9.360, se igualando ao valor de repasse mensal de custeio, pago pelo governo aos munic\u00edpios.<\/p>\n\n\n\n<p>O documento tamb\u00e9m trata das regras de credenciamento das UOMs, com a lista m\u00ednima de equipamentos e caracter\u00edsticas recomendadas para a utiliza\u00e7\u00e3o das unidades pelas equipes de Sa\u00fade Bucal. Agora, al\u00e9m da fixa\u00e7\u00e3o na Sa\u00fade da Fam\u00edlia, as equipes das UOMs tamb\u00e9m poder\u00e3o ser vinculadas \u00e0s equipes de Sa\u00fade da Fam\u00edlia Ribeirinhas, e-Multi Ind\u00edgena e Consult\u00f3rio na Rua.<\/p>\n\n\n\n<p>Outra novidade \u00e9 que os munic\u00edpios podem credenciar junto ao Minist\u00e9rio da Sa\u00fade suas unidades pr\u00f3prias ou financiadas por emendas parlamentares, e n\u00e3o apenas as doadas pelo Minist\u00e9rio da Sa\u00fade.<\/p>\n\n\n\n<p><sub>Por <em>Ag\u00eancia Brasil<\/em><\/sub><\/p>\n","protected":false},"excerpt":{"rendered":"<p>O presidente Luiz In\u00e1cio Lula da Silva entregou, nesta quinta-feira (21), 400 Unidades Odontol\u00f3gicas M\u00f3veis (UOMs). O equipamento permite levar atendimento de sa\u00fade bucal a popula\u00e7\u00f5es que t\u00eam dificuldade de acesso a esse servi\u00e7o, como ind\u00edgenas, quilombolas, pessoas em situa\u00e7\u00e3o de rua e assentadas. O investimento \u00e9 de R$ 152 milh\u00f5es via Novo Programa de&#8230;<\/p>\n","protected":false},"author":1,"featured_media":2539,"comment_status":"open","ping_status":"closed","sticky":false,"template":"","format":"standard","meta":{"footnotes":""},"categories":[1],"tags":[],"class_list":["post-2538","post","type-post","status-publish","format-standard","has-post-thumbnail","hentry","category-saude"],"_links":{"self":[{"href":"https:\/\/cafecommessias.com.br\/index.php?rest_route=\/wp\/v2\/posts\/2538","targetHints":{"allow":["GET"]}}],"collection":[{"href":"https:\/\/cafecommessias.com.br\/index.php?rest_route=\/wp\/v2\/posts"}],"about":[{"href":"https:\/\/cafecommessias.com.br\/index.php?rest_route=\/wp\/v2\/types\/post"}],"author":[{"embeddable":true,"href":"https:\/\/cafecommessias.com.br\/index.php?rest_route=\/wp\/v2\/users\/1"}],"replies":[{"embeddable":true,"href":"https:\/\/cafecommessias.com.br\/index.php?rest_route=%2Fwp%2Fv2%2Fcomments&post=2538"}],"version-history":[{"count":1,"href":"https:\/\/cafecommessias.com.br\/index.php?rest_route=\/wp\/v2\/posts\/2538\/revisions"}],"predecessor-version":[{"id":2540,"href":"https:\/\/cafecommessias.com.br\/index.php?rest_route=\/wp\/v2\/posts\/2538\/revisions\/2540"}],"wp:featuredmedia":[{"embeddable":true,"href":"https:\/\/cafecommessias.com.br\/index.php?rest_route=\/wp\/v2\/media\/2539"}],"wp:attachment":[{"href":"https:\/\/cafecommessias.com.br\/index.php?rest_route=%2Fwp%2Fv2%2Fmedia&parent=2538"}],"wp:term":[{"taxonomy":"category","embeddable":true,"href":"https:\/\/cafecommessias.com.br\/index.php?rest_route=%2Fwp%2Fv2%2Fcategories&post=2538"},{"taxonomy":"post_tag","embeddable":true,"href":"https:\/\/cafecommessias.com.br\/index.php?rest_route=%2Fwp%2Fv2%2Ftags&post=2538"}],"curies":[{"name":"wp","href":"https:\/\/api.w.org\/{rel}","templated":true}]}}