{"id":2550,"date":"2025-08-24T23:08:19","date_gmt":"2025-08-25T02:08:19","guid":{"rendered":"https:\/\/cafecommessias.com.br\/?p=2550"},"modified":"2025-08-24T23:16:40","modified_gmt":"2025-08-25T02:16:40","slug":"nova-edicao-do-programa-cnh-popular-sera-lancada-nesta-segunda-feira-no-rn","status":"publish","type":"post","link":"https:\/\/cafecommessias.com.br\/?p=2550","title":{"rendered":"Nova edi\u00e7\u00e3o do Programa CNH Popular ser\u00e1 lan\u00e7ada nesta segunda-feira no RN"},"content":{"rendered":"\n<p>O Governo do Rio Grande do Norte anunciou que vai lan\u00e7ar, nesta segunda-feira (25), \u00e0s 11h30, a edi\u00e7\u00e3o 2025 do Programa CNH Popular. A iniciativa garante a gratuidade completa para obten\u00e7\u00e3o da primeira habilita\u00e7\u00e3o (categorias A ou B) ou mudan\u00e7a para categorias C, D ou E, incluindo exames, taxas e cursos te\u00f3ricos e pr\u00e1ticos.<\/p>\n\n\n\n<p>O programa \u00e9 voltado para pessoas de baixa renda inscritas no Cad\u00danico e em outros programas assistenciais, assegurando acesso integral ao processo de habilita\u00e7\u00e3o. Neste ano, ser\u00e3o disponibilizadas mil vagas, com investimento de R$ 1,67 milh\u00e3o. As inscri\u00e7\u00f5es ser\u00e3o abertas no dia 26 de agosto, pelo site do Detran e pelo Portal de Servi\u00e7os do Governo.<\/p>\n\n\n\n<p>O lan\u00e7amento acontece na Sala de Reuni\u00f5es da Governadora, com participa\u00e7\u00e3o da chefe do executivo, F\u00e1tima Bezerra, equipe do Detran e secretarias parceiras. A edi\u00e7\u00e3o 2023 do programa registrou mais de 71 mil inscritos, demonstrando o alcance social da a\u00e7\u00e3o.<\/p>\n\n\n\n<p><strong>Servi\u00e7o:<br><\/strong>O qu\u00ea: Lan\u00e7amento do Programa CNH Popular 2025<br>Quando: Segunda-feira, 25 de agosto, \u00e0s 11h30<br>Onde: Sala de Reuni\u00f5es da Governadora, Centro Administrativo, Natal\/RN<\/p>\n\n\n\n<p class=\"has-text-align-center\"><strong>PUBLICIDADE<\/strong><\/p>\n\n\n\n<figure class=\"wp-block-image size-full\"><img loading=\"lazy\" decoding=\"async\" width=\"750\" height=\"200\" src=\"https:\/\/cafecommessias.com.br\/wp-content\/uploads\/2025\/08\/9008695748366243746-1.gif\" alt=\"\" class=\"wp-image-2239\"\/><\/figure>\n","protected":false},"excerpt":{"rendered":"<p>O Governo do Rio Grande do Norte anunciou que vai lan\u00e7ar, nesta segunda-feira (25), \u00e0s 11h30, a edi\u00e7\u00e3o 2025 do Programa CNH Popular. A iniciativa garante a gratuidade completa para obten\u00e7\u00e3o da primeira habilita\u00e7\u00e3o (categorias A ou B) ou mudan\u00e7a para categorias C, D ou E, incluindo exames, taxas e cursos te\u00f3ricos e pr\u00e1ticos. O&#8230;<\/p>\n","protected":false},"author":1,"featured_media":2551,"comment_status":"open","ping_status":"open","sticky":false,"template":"","format":"standard","meta":{"footnotes":""},"categories":[4,3],"tags":[],"class_list":["post-2550","post","type-post","status-publish","format-standard","has-post-thumbnail","hentry","category-anuncie-aqui","category-geral"],"_links":{"self":[{"href":"https:\/\/cafecommessias.com.br\/index.php?rest_route=\/wp\/v2\/posts\/2550","targetHints":{"allow":["GET"]}}],"collection":[{"href":"https:\/\/cafecommessias.com.br\/index.php?rest_route=\/wp\/v2\/posts"}],"about":[{"href":"https:\/\/cafecommessias.com.br\/index.php?rest_route=\/wp\/v2\/types\/post"}],"author":[{"embeddable":true,"href":"https:\/\/cafecommessias.com.br\/index.php?rest_route=\/wp\/v2\/users\/1"}],"replies":[{"embeddable":true,"href":"https:\/\/cafecommessias.com.br\/index.php?rest_route=%2Fwp%2Fv2%2Fcomments&post=2550"}],"version-history":[{"count":2,"href":"https:\/\/cafecommessias.com.br\/index.php?rest_route=\/wp\/v2\/posts\/2550\/revisions"}],"predecessor-version":[{"id":2559,"href":"https:\/\/cafecommessias.com.br\/index.php?rest_route=\/wp\/v2\/posts\/2550\/revisions\/2559"}],"wp:featuredmedia":[{"embeddable":true,"href":"https:\/\/cafecommessias.com.br\/index.php?rest_route=\/wp\/v2\/media\/2551"}],"wp:attachment":[{"href":"https:\/\/cafecommessias.com.br\/index.php?rest_route=%2Fwp%2Fv2%2Fmedia&parent=2550"}],"wp:term":[{"taxonomy":"category","embeddable":true,"href":"https:\/\/cafecommessias.com.br\/index.php?rest_route=%2Fwp%2Fv2%2Fcategories&post=2550"},{"taxonomy":"post_tag","embeddable":true,"href":"https:\/\/cafecommessias.com.br\/index.php?rest_route=%2Fwp%2Fv2%2Ftags&post=2550"}],"curies":[{"name":"wp","href":"https:\/\/api.w.org\/{rel}","templated":true}]}}