{"id":2563,"date":"2025-08-25T00:17:59","date_gmt":"2025-08-25T03:17:59","guid":{"rendered":"https:\/\/cafecommessias.com.br\/?p=2563"},"modified":"2025-08-25T00:18:00","modified_gmt":"2025-08-25T03:18:00","slug":"imd-quer-formar-70-mil-pessoas-em-inteligencia-artificial-ate-2028","status":"publish","type":"post","link":"https:\/\/cafecommessias.com.br\/?p=2563","title":{"rendered":"IMD quer formar 70 mil pessoas em Intelig\u00eancia Artificial at\u00e9 2028"},"content":{"rendered":"\n<p>A demanda por solu\u00e7\u00f5es de Intelig\u00eancia Artificial (IA) exige profissionais qualificados para lidar com as profundas transforma\u00e7\u00f5es que essas novas tecnologias t\u00eam provocado nos mais diversos setores mundo afora. De olho nessa crescente necessidade, o Instituto Metr\u00f3pole Digital (IMD\/UFRN) implantou no ano passado o programa Metr\u00f3pole IA 360, com forma\u00e7\u00e3o em variados n\u00edveis de ensino voltada \u00e0 \u00e1rea, com a proje\u00e7\u00e3o de capacitar, ao menos, 70 mil pessoas at\u00e9 2028. Um dos resultados do programa \u00e9 a cria\u00e7\u00e3o do primeiro curso de gradua\u00e7\u00e3o em IA do Nordeste e do primeiro curso t\u00e9cnico da \u00e1rea em uma institui\u00e7\u00e3o p\u00fablica no Brasil.<\/p>\n\n\n\n<p>O curso de Bacharelado em Intelig\u00eancia Artificial (BIA) formou sua primeira turma no primeiro semestre deste ano, com 40 vagas, com uma forma\u00e7\u00e3o associada ao Bacharelado em Tecnologia da Informa\u00e7\u00e3o (BTI). A professora Ismenia Blavatsky, diretora de Ensino do IMD e coordenadora do BIA, explica que a forma\u00e7\u00e3o em IA, no caso da gradua\u00e7\u00e3o, \u00e9 feita em ciclos. Ap\u00f3s o primeiro, que contempla a forma\u00e7\u00e3o em BTI, com conte\u00fados como matem\u00e1tica, l\u00f3gica e computa\u00e7\u00e3o, o aluno poder\u00e1 optar, no ciclo seguinte, pelos conte\u00fados direcionados \u00e0 Intelig\u00eancia Artificial em \u00e1reas como jogos, ci\u00eancia de dados, empreendedorismo e inova\u00e7\u00e3o, redes, internet das coisas, dentre outros.<\/p>\n\n\n\n<p>O ingresso no BTI ocorre por meio do Sistema de Sele\u00e7\u00e3o Unificada (Sisu). Ap\u00f3s isso, a sele\u00e7\u00e3o \u00e9 feita por meio de crit\u00e9rios estabelecidos em edital \u2013 um deles prev\u00ea que, quanto mais o aluno cursou disciplinas relacionadas \u00e0 Intelig\u00eancia Artificial no BTI, maiores as chances de ingresso no BIA. \u201cO aluno vai encontrar, ainda, conte\u00fados como IA generativa, modelos de aprendizado de m\u00e1quina e estrutura\u00e7\u00e3o de ferramentas. Dependendo de como foi a forma\u00e7\u00e3o do estudante no BTI, em mais um ano e meio, ele consegue concluir a gradua\u00e7\u00e3o em Intelig\u00eancia Artificial\u201d, afirma Ismenia.<\/p>\n\n\n\n<p>Segundo a professora, 36 das 40 vagas ofertadas no in\u00edcio do ano est\u00e3o preenchidas. As outras quatro est\u00e3o em aberto porque os estudantes receberam boas propostas de trabalho e decidiram suspender os v\u00ednculos com o curso para se dedicar a novas oportunidades. Tales Alves, de 27 anos, est\u00e1 entre os mais de 30 alunos que est\u00e3o cursando a gradua\u00e7\u00e3o em Intelig\u00eancia Artificial na UFRN. Ele conta que as boas oportunidades no mercado de trabalho para quem domina as ferramentas de IA chamaram a aten\u00e7\u00e3o e serviram de atrativo na hora de optar por uma \u00e1rea ap\u00f3s a forma\u00e7\u00e3o em TI.<\/p>\n\n\n\n<p>\u201cDesde 2023 que eu estudo um pouco sobre IA, por causa do boom do ChatGPT. O futuro est\u00e1 nas m\u00e3os dos engenheiros de dados e isso est\u00e1 cada vez mais claro para as empresas\u201d, fala. Tales conta que a experi\u00eancia tem valido muito a pena. \u201cO curso \u00e9 excelente. As coisas que eu acompanho em sala de aula consigo aplicar muito bem no meu est\u00e1gio profissional e na bolsa da qual participo\u201d, afirma o estudante.<\/p>\n\n\n\n<p>A coordenadora do BIA diz que o mercado para os profissionais formados em Intelig\u00eancia Artificial \u00e9 amplo \u2013 vai desde a otimiza\u00e7\u00e3o de processos, passando pela constru\u00e7\u00e3o de modelos para otimiza\u00e7\u00e3o de ferramentas, at\u00e9 a aplica\u00e7\u00e3o em \u00e1reas de processos repetitivos, tomada de decis\u00f5es baseadas em dados, vendas ou educa\u00e7\u00e3o. \u201cTodas as \u00e1reas podem ser beneficiadas, porque comportam a necessidade de profissionais com forma\u00e7\u00e3o em IA\u201d, aponta Ismenia.<\/p>\n\n\n\n<p><strong>Edital ter\u00e1 40 mil vagas para professores<\/strong><\/p>\n\n\n\n<p>O professor Jos\u00e9 Ivonildo Rego, diretor-geral do IMD, afirma que o Metr\u00f3pole IA 360 foi criado para gerar uma sinergia entre educa\u00e7\u00e3o, inova\u00e7\u00e3o e a sociedade com vistas \u00e0 \u00e1rea de Intelig\u00eancia Artificial. \u201cA melhor forma de criar essa energia, tendo em vista as muitas oportunidades, \u00e9 a forma\u00e7\u00e3o em larga escala. E o programa foi pensado justamente tendo como ponto de partida essa ideia. Por isso, estamos oferecendo capacita\u00e7\u00e3o em diferentes n\u00edveis, com diferentes linhas de atua\u00e7\u00e3o\u201d, frisa.<\/p>\n\n\n\n<p>Al\u00e9m do bacharelado, o programa Metr\u00f3pole IA 360 oferta o curso t\u00e9cnico em Intelig\u00eancia Artificial, que tem dura\u00e7\u00e3o de dois anos. O ingresso \u00e9 feito por meio de sele\u00e7\u00e3o via edital. S\u00e3o ofertados quatro m\u00f3dulos a cada semestre, com certifica\u00e7\u00f5es entregues aos estudantes ao final de cada seis meses. Mas o aluno s\u00f3 recebe a certifica\u00e7\u00e3o de forma\u00e7\u00e3o t\u00e9cnica ao fim do quarto m\u00f3dulo, que \u00e9 uma esp\u00e9cie de est\u00e1gio. O curso tem carga hor\u00e1ria de mil horas e oferta 1,2 mil vagas anuais.<\/p>\n\n\n\n<p>Duas outras linhas s\u00e3o o Conecta IA e o Nano IA. O primeiro \u00e9 um curso voltado a alunos de qualquer gradua\u00e7\u00e3o da UFRN e tamb\u00e9m de egressos da institui\u00e7\u00e3o, que oferece certifica\u00e7\u00e3o para quem cumprir uma carga de 300 horas em capacita\u00e7\u00e3o em \u00e1reas ligadas \u00e0 Intelig\u00eancia Artificial, como ci\u00eancia de dados, internet das coisas, bioinform\u00e1tica, inform\u00e1tica internacional e outras. Para o p\u00fablico interno, o Conecta oferece 200 vagas anualmente, sendo que o aluno que optar pela forma\u00e7\u00e3o precisa apenas fazer a ades\u00e3o na pr\u00f3pria grade de ensino.<\/p>\n\n\n\n<p>Para o p\u00fablico externo, s\u00e3o 30 vagas por ano e, nesse caso, \u00e9 feita uma sele\u00e7\u00e3o. O Nano IA, por sua vez, \u00e9 um curso de dura\u00e7\u00e3o mais curta, de cerca de 40 horas, voltado a demandas espec\u00edficas de empresas. \u201cEstamos nos preparando para oferec\u00ea-lo ao Sebrae-RN, onde iremos treinar uma equipe de cerca de 400 colaboradores\u201d, explicou Ivonildo Rego. Para o dia 8 de setembro est\u00e1 previsto o lan\u00e7amento, dentro do Nano IA, de um edital pela UFRN em parceria com a Coordena\u00e7\u00e3o de Aperfei\u00e7oamento de Pessoal de N\u00edvel Superior (Capes), para um curso on-line de curta dura\u00e7\u00e3o de 45 horas voltado a professores da Educa\u00e7\u00e3o B\u00e1sica, com o objetivo de ampliar o acesso ao tema em escolas p\u00fablicas e contribuir para a inclus\u00e3o digital. As vagas ser\u00e3o destinadas a professores de todo o Pa\u00eds. \u201cA ideia \u00e9 que eles aprendam a usar tecnologias como o ChatGPT. Ainda n\u00e3o h\u00e1 previs\u00e3o de quando as aulas v\u00e3o ocorrer, mas as inscri\u00e7\u00f5es dever\u00e3o ser feitas entre outubro e novembro\u201d, pontua o diretor-geral do IMD.<\/p>\n\n\n\n<p>Al\u00e9m disso, o Metr\u00f3pole IA 360 prepara uma p\u00f3s-gradua\u00e7\u00e3o lato sensu com dura\u00e7\u00e3o de 18 meses, onde ser\u00e1 ofertada resid\u00eancia, com bolsas de R\\$ 3 mil. \u201cA resid\u00eancia ser\u00e1 feita em parceria com empresas e setores como o Judici\u00e1rio, que j\u00e1 oferecem bolsas para outras \u00e1reas. O in\u00edcio dessa resid\u00eancia, portanto, depende dessas parcerias\u201d, afirmou Ivonildo Rego. No programa tamb\u00e9m est\u00e1 incluso o N\u00facleo de Intelig\u00eancia Artificial e Ci\u00eancia de Dados, que ter\u00e1 laborat\u00f3rios e \u00e1reas destinadas a projetos de Pesquisa, Desenvolvimento &amp; Inova\u00e7\u00e3o. As obras j\u00e1 foram finalizadas e o N\u00facleo aguarda agora a aquisi\u00e7\u00e3o de equipamentos. N\u00e3o h\u00e1 previs\u00e3o de in\u00edcio de funcionamento.<\/p>\n\n\n\n<figure class=\"wp-block-image\"><img decoding=\"async\" src=\"https:\/\/tribunadonorte.com.br\/wp-content\/uploads\/2025\/08\/ESPECIAL_IMD_FT_ALEX-REGIS-20-1024x682.jpg\" alt=\"\" class=\"wp-image-854709\"\/><figcaption class=\"wp-element-caption\">Foto: Alex R\u00e9gis<\/figcaption><\/figure>\n\n\n\n<p><strong>Mercado busca profissionais qualificados<\/strong><\/p>\n\n\n\n<p>A forma\u00e7\u00e3o de profissionais ligados \u00e0 Intelig\u00eancia Artificial \u00e9 uma necessidade gritante nos dias atuais. A alta demanda por trabalhadores, puxada pelas mudan\u00e7as que a IA tem provocado nas empresas, evidencia que os impactos da forma\u00e7\u00e3o em larga escala ser\u00e3o positivos.<\/p>\n\n\n\n<p>Daniel Luz, CEO da beAnalytic, startup que desenvolve solu\u00e7\u00f5es em Intelig\u00eancia Artificial para outras empresas, avalia que, diante da escassez desses profissionais no mercado, \u00e9 preciso que institui\u00e7\u00f5es de ensino atentem para o fato de que \u00e9 preciso fazer frente a forma\u00e7\u00f5es para a \u00e1rea.<\/p>\n\n\n\n<p>\u201cA Intelig\u00eancia Artificial \u00e9 a nova revolu\u00e7\u00e3o industrial. Daqui para a frente, todas as empresas v\u00e3o us\u00e1-la de alguma forma. Ent\u00e3o, a demanda por esse tipo de profissional j\u00e1 \u00e9 muito grande\u201d, avalia. Al\u00e9m disso, Luz avalia que os bons sal\u00e1rios servir\u00e3o como um novo atrativo para a expans\u00e3o da \u00e1rea.<\/p>\n\n\n\n<p>\u201cHoje, um profissional iniciante entra no mercado ganhando na faixa dos R$ 5 mil. Depois disso, a depender do n\u00edvel de forma\u00e7\u00e3o, o c\u00e9u \u00e9 o limite, com sal\u00e1rios de at\u00e9 R\\$ 50 mil\u201d, afirma Daniel Luz, o CEO da beAnalytic.<\/p>\n\n\n\n<p>Ele conta que a beAnalytic, graduada no in\u00edcio do ano pela incubadora do Parque Metr\u00f3pole, do IMD, j\u00e1 desenvolveu solu\u00e7\u00f5es com IA para empresas como Telef\u00f4nica e Mapfre. Atualmente, a startup trabalha em um modelo de IA para uma grande rede nacional de farm\u00e1cias.<\/p>\n\n\n\n<p>\u201cA solu\u00e7\u00e3o envolve sugest\u00e3o de vendas de medicamentos por meio de um site\u201d, relata. A empresa conta atualmente com 30 funcion\u00e1rios, dos quais, a maioria possui forma\u00e7\u00e3o em outras \u00e1reas. \u201cGrande parte do nosso time ainda \u00e9 formada por profissionais de \u00e1reas que acabaram migrando para a de ci\u00eancia de dados, por isso a forma\u00e7\u00e3o em Intelig\u00eancia Artificial \u00e9 muito importante. Hoje, quando a gente procura profissionais de n\u00edvel pleno, costuma haver um processo bem complexo at\u00e9 encontr\u00e1-los\u201d, pontua Daniel Luz.<\/p>\n\n\n\n<p>Ismenia Blavatsky, diretora de Ensino do IMD e coordenadora do BIA, cita que a forma\u00e7\u00e3o deve ser um ponto de aten\u00e7\u00e3o para diversas \u00e1reas e que investir nessa \u00e1rea poder\u00e1 ser um diferencial no futuro.<\/p>\n\n\n\n<p>\u201cUm bom profissional da educa\u00e7\u00e3o, por exemplo, poder\u00e1 otimizar processos com Intelig\u00eancia Artificial e de forma mais efetiva trazer esses conte\u00fados para os estudantes. Pessoas que lidam com tomadas de decis\u00e3o podem utilizar as ferramentas para trazer mais seguran\u00e7a a produtos e processos na ind\u00fastria, com\u00e9rcio e servi\u00e7os. Ent\u00e3o, investir nesse tipo de conhecimento ser\u00e1 um diferencial para encarar os desafios futuros que a gente nem tem ideia de quais s\u00e3o exatamente\u201d, aponta Ismenia Blavatsky.<\/p>\n\n\n\n<p><sub>por Tribuna do Norte<\/sub><\/p>\n\n\n\n<p><a href=\"https:\/\/www.facebook.com\/sharer.php?u=https%3A%2F%2Ftribunadonorte.com.br%2Fnatal%2Fimd-quer-formar-70-mil-pessoas-em-inteligencia-artificial-ate-2028%2F\"><\/a><\/p>\n\n\n\n<p><a href=\"https:\/\/www.facebook.com\/sharer.php?u=https%3A%2F%2Ftribunadonorte.com.br%2Fnatal%2Fimd-quer-formar-70-mil-pessoas-em-inteligencia-artificial-ate-2028%2F\"><\/a><a href=\"https:\/\/twitter.com\/intent\/tweet?text=IMD+quer+formar+70+mil+pessoas+em+Intelig%C3%AAncia+Artificial+at%C3%A9+2028&amp;url=https%3A%2F%2Ftribunadonorte.com.br%2Fnatal%2Fimd-quer-formar-70-mil-pessoas-em-inteligencia-artificial-ate-2028%2F&amp;via=Tribuna+do+Norte\"><\/a><a href=\"https:\/\/api.whatsapp.com\/send?text=IMD+quer+formar+70+mil+pessoas+em+Intelig%C3%AAncia+Artificial+at%C3%A9+2028%20%0A%0A%20https:\/\/tribunadonorte.com.br\/natal\/imd-quer-formar-70-mil-pessoas-em-inteligencia-artificial-ate-2028\/\"><\/a><a href=\"https:\/\/telegram.me\/share\/url?url=https:\/\/tribunadonorte.com.br\/natal\/imd-quer-formar-70-mil-pessoas-em-inteligencia-artificial-ate-2028\/&amp;text=IMD+quer+formar+70+mil+pessoas+em+Intelig%C3%AAncia+Artificial+at%C3%A9+2028\"><\/a><\/p>\n","protected":false},"excerpt":{"rendered":"<p>A demanda por solu\u00e7\u00f5es de Intelig\u00eancia Artificial (IA) exige profissionais qualificados para lidar com as profundas transforma\u00e7\u00f5es que essas novas tecnologias t\u00eam provocado nos mais diversos setores mundo afora. De olho nessa crescente necessidade, o Instituto Metr\u00f3pole Digital (IMD\/UFRN) implantou no ano passado o programa Metr\u00f3pole IA 360, com forma\u00e7\u00e3o em variados n\u00edveis de ensino&#8230;<\/p>\n","protected":false},"author":1,"featured_media":2564,"comment_status":"open","ping_status":"open","sticky":false,"template":"","format":"standard","meta":{"footnotes":""},"categories":[3],"tags":[],"class_list":["post-2563","post","type-post","status-publish","format-standard","has-post-thumbnail","hentry","category-geral"],"_links":{"self":[{"href":"https:\/\/cafecommessias.com.br\/index.php?rest_route=\/wp\/v2\/posts\/2563","targetHints":{"allow":["GET"]}}],"collection":[{"href":"https:\/\/cafecommessias.com.br\/index.php?rest_route=\/wp\/v2\/posts"}],"about":[{"href":"https:\/\/cafecommessias.com.br\/index.php?rest_route=\/wp\/v2\/types\/post"}],"author":[{"embeddable":true,"href":"https:\/\/cafecommessias.com.br\/index.php?rest_route=\/wp\/v2\/users\/1"}],"replies":[{"embeddable":true,"href":"https:\/\/cafecommessias.com.br\/index.php?rest_route=%2Fwp%2Fv2%2Fcomments&post=2563"}],"version-history":[{"count":1,"href":"https:\/\/cafecommessias.com.br\/index.php?rest_route=\/wp\/v2\/posts\/2563\/revisions"}],"predecessor-version":[{"id":2565,"href":"https:\/\/cafecommessias.com.br\/index.php?rest_route=\/wp\/v2\/posts\/2563\/revisions\/2565"}],"wp:featuredmedia":[{"embeddable":true,"href":"https:\/\/cafecommessias.com.br\/index.php?rest_route=\/wp\/v2\/media\/2564"}],"wp:attachment":[{"href":"https:\/\/cafecommessias.com.br\/index.php?rest_route=%2Fwp%2Fv2%2Fmedia&parent=2563"}],"wp:term":[{"taxonomy":"category","embeddable":true,"href":"https:\/\/cafecommessias.com.br\/index.php?rest_route=%2Fwp%2Fv2%2Fcategories&post=2563"},{"taxonomy":"post_tag","embeddable":true,"href":"https:\/\/cafecommessias.com.br\/index.php?rest_route=%2Fwp%2Fv2%2Ftags&post=2563"}],"curies":[{"name":"wp","href":"https:\/\/api.w.org\/{rel}","templated":true}]}}