{"id":2638,"date":"2025-08-27T20:58:04","date_gmt":"2025-08-27T23:58:04","guid":{"rendered":"https:\/\/cafecommessias.com.br\/?p=2638"},"modified":"2025-08-27T20:58:17","modified_gmt":"2025-08-27T23:58:17","slug":"mprn-quer-apurar-por-que-brisa-classificou-role-vermelho-como-festa-tradicional-e-festejo-popular-do-municipio-de-natal-para-destinar-emenda-parlamentar","status":"publish","type":"post","link":"https:\/\/cafecommessias.com.br\/?p=2638","title":{"rendered":"MPRN quer apurar por que Brisa classificou \u201cRol\u00e9 Vermelho\u201d como \u201cfesta tradicional e festejo popular do munic\u00edpio de Natal\u201d para destinar emenda parlamentar"},"content":{"rendered":"\n<p>Uma das quest\u00f5es levantadas pelo MPRN na portaria que determinou a abertura de inqu\u00e9rito civil contra a vereadora do PT Brisa Bracchi \u00e9 sobre a natureza do evento para o qual foi destinada a emenda parlamentar no valor de R$ 18 mil.<\/p>\n\n\n\n<p>A classifica\u00e7\u00e3o do item or\u00e7ament\u00e1rio usada para justificar a destina\u00e7\u00e3o da emenda parlamentar para o \u2018Rol\u00ea Vermelho\u2019 est\u00e1 descrita no Di\u00e1rio Oficial do Munic\u00edpio como \u201capoio a festas tradicionais e os festejos populares do munic\u00edpio de Natal\u201d.<\/p>\n\n\n\n<p>No entanto, emendas individuais impositivas, por serem verbas do or\u00e7amento p\u00fablico, devem seguir os crit\u00e9rios de interesse p\u00fablico comum. Por crit\u00e9rios estabelecidos em lei, recursos do Fundo Partid\u00e1rio \u00e9 que podem servir \u00e0 movimenta\u00e7\u00e3o partid\u00e1ria e ideol\u00f3gica.<\/p>\n\n\n\n<p>Para averiguar esta quest\u00e3o, o MPRN determinou dilig\u00eancias junto \u00e0 Funda\u00e7\u00e3o Cultural Capitania das Artes (FUNCARTE) a fim de confirmar se as contrata\u00e7\u00f5es dos artistas que se apresentaram no evento no evento \u2018Rol\u00ea Vermelho \u2013 Bolsonaro na Cadeia\u2019&nbsp; tiveram suas despesas efetivamente realizadas, com empenho, liquida\u00e7\u00e3o e pagamento.<\/p>\n\n\n\n<p>Possivelmente, foi por esta raz\u00e3o e na tentativa de se defender e se livrar de uma eventual den\u00fancia e consequente condena\u00e7\u00e3o por Improbidade Administrativa, que Brisa chegou a anunciar em entrevista que os artistas solicitaram a anula\u00e7\u00e3o dos cach\u00eas via Funda\u00e7\u00e3o Capitania das Artes (Funcarte).<\/p>\n\n\n\n<p>A distribui\u00e7\u00e3o dos valores que totalizaram R$ 18 mil foi a seguinte:<\/p>\n\n\n\n<p>\u2013 R$ 15.000,00 para a cantora Khrystal e banda;<br>\u2013 R$ 2.500,00 para a banda Skarimb\u00f3;<br>\u2013 R$ 500,00 para o DJ Augusto.<\/p>\n\n\n\n<p>\u201cOs artistas todos me procuraram e, em solidariedade aos ataques que o mandato tem recebido, decidiram doar as suas apresenta\u00e7\u00f5es. Eles est\u00e3o pedindo a anula\u00e7\u00e3o dos cach\u00eas via Funcarte, porque reconhecem o compromisso que o mandato tem com a cultura\u201d, afirmou Brisa em entrevista.<\/p>\n\n\n\n<p><sub>por Blog do BG<\/sub><\/p>\n\n\n\n<p><\/p>\n","protected":false},"excerpt":{"rendered":"<p>Uma das quest\u00f5es levantadas pelo MPRN na portaria que determinou a abertura de inqu\u00e9rito civil contra a vereadora do PT Brisa Bracchi \u00e9 sobre a natureza do evento para o qual foi destinada a emenda parlamentar no valor de R$ 18 mil. A classifica\u00e7\u00e3o do item or\u00e7ament\u00e1rio usada para justificar a destina\u00e7\u00e3o da emenda parlamentar&#8230;<\/p>\n","protected":false},"author":1,"featured_media":2639,"comment_status":"open","ping_status":"open","sticky":false,"template":"","format":"standard","meta":{"footnotes":""},"categories":[3],"tags":[],"class_list":["post-2638","post","type-post","status-publish","format-standard","has-post-thumbnail","hentry","category-geral"],"_links":{"self":[{"href":"https:\/\/cafecommessias.com.br\/index.php?rest_route=\/wp\/v2\/posts\/2638","targetHints":{"allow":["GET"]}}],"collection":[{"href":"https:\/\/cafecommessias.com.br\/index.php?rest_route=\/wp\/v2\/posts"}],"about":[{"href":"https:\/\/cafecommessias.com.br\/index.php?rest_route=\/wp\/v2\/types\/post"}],"author":[{"embeddable":true,"href":"https:\/\/cafecommessias.com.br\/index.php?rest_route=\/wp\/v2\/users\/1"}],"replies":[{"embeddable":true,"href":"https:\/\/cafecommessias.com.br\/index.php?rest_route=%2Fwp%2Fv2%2Fcomments&post=2638"}],"version-history":[{"count":1,"href":"https:\/\/cafecommessias.com.br\/index.php?rest_route=\/wp\/v2\/posts\/2638\/revisions"}],"predecessor-version":[{"id":2640,"href":"https:\/\/cafecommessias.com.br\/index.php?rest_route=\/wp\/v2\/posts\/2638\/revisions\/2640"}],"wp:featuredmedia":[{"embeddable":true,"href":"https:\/\/cafecommessias.com.br\/index.php?rest_route=\/wp\/v2\/media\/2639"}],"wp:attachment":[{"href":"https:\/\/cafecommessias.com.br\/index.php?rest_route=%2Fwp%2Fv2%2Fmedia&parent=2638"}],"wp:term":[{"taxonomy":"category","embeddable":true,"href":"https:\/\/cafecommessias.com.br\/index.php?rest_route=%2Fwp%2Fv2%2Fcategories&post=2638"},{"taxonomy":"post_tag","embeddable":true,"href":"https:\/\/cafecommessias.com.br\/index.php?rest_route=%2Fwp%2Fv2%2Ftags&post=2638"}],"curies":[{"name":"wp","href":"https:\/\/api.w.org\/{rel}","templated":true}]}}