{"id":2645,"date":"2025-05-05T21:08:00","date_gmt":"2025-05-06T00:08:00","guid":{"rendered":"https:\/\/cafecommessias.com.br\/?p=2645"},"modified":"2025-08-27T21:08:58","modified_gmt":"2025-08-28T00:08:58","slug":"maio-amarelo-2025-alerta-atitudes-no-transito-que-nao-dao-tempo-de-voltar","status":"publish","type":"post","link":"https:\/\/cafecommessias.com.br\/?p=2645","title":{"rendered":"Maio Amarelo 2025 alerta: atitudes no tr\u00e2nsito que n\u00e3o d\u00e3o tempo de voltar"},"content":{"rendered":"\n<p>Campanha \u201cTem que Parar\u201d chama a aten\u00e7\u00e3o para decis\u00f5es que podem custar vidas<\/p>\n\n\n\n<p>No volante, n\u00e3o existe \u201cs\u00f3 um segundo\u201d.&nbsp;Cada escolha tem peso \u2014 e algumas n\u00e3o d\u00e3o direito a arrependimento.&nbsp;\u00c9 com esse alerta que a campanha&nbsp;<strong>Maio Amarelo 2025<\/strong>, com o tema&nbsp;<strong>\u201cTem que Parar\u201d<\/strong>, busca impactar motoristas da Zona da Mata e Vertentes.<\/p>\n\n\n\n<p>Neste ano, o foco est\u00e1 em atitudes perigosas que continuam a causar milhares de mortes nas ruas e estradas brasileiras. Uso de celular, dirigir sob efeito de \u00e1lcool e neglig\u00eancia com o cinto de seguran\u00e7a lideram os comportamentos de risco.<\/p>\n\n\n\n<p>Segundo dados da Pol\u00edcia Rodovi\u00e1ria Federal, em 2024 foram registrados mais de&nbsp;<strong>3.500 acidentes relacionados \u00e0 embriaguez ao volante<\/strong>, resultando em&nbsp;<strong>178 mortes<\/strong>&nbsp;e quase&nbsp;<strong>3 mil feridos<\/strong>. O uso de celular ao dirigir teve&nbsp;<strong>mais de 87 mil infra\u00e7\u00f5es<\/strong>&nbsp;registradas, enquanto&nbsp;<strong>6 em cada 10 v\u00edtimas fatais<\/strong>&nbsp;em rodovias n\u00e3o usavam cinto de seguran\u00e7a.<\/p>\n\n\n\n<p>O objetivo da campanha \u00e9 direto:&nbsp;interromper esse ciclo de neglig\u00eancia, lembrando que n\u00e3o existe desculpa que devolva uma vida.<\/p>\n\n\n\n<p><strong>Vozes que protegem vidas<\/strong><\/p>\n\n\n\n<p>Enquanto o Maio Amarelo pede reflex\u00e3o sobre responsabilidade no tr\u00e2nsito, h\u00e1 quem trabalhe todos os dias com o impacto que acidentes causam. Em meio a hist\u00f3rias dif\u00edceis, surgem profissionais que acolhem, orientam e constroem pontes entre o trauma e a retomada da vida.<\/p>\n\n\n\n<p>\u201cJ\u00e1 vi fam\u00edlias desamparadas porque achavam que \u2018n\u00e3o ia acontecer com elas\u2019. Quando o pior acontece, o seguro vira um abra\u00e7o. A gente cuida das pessoas quando elas mais precisam\u201d<\/p>\n\n\n\n<p>\u2014 conta um corretor de seguros que atua h\u00e1 mais de uma d\u00e9cada no setor.<\/p>\n\n\n\n<p>Outro relato emociona ao lembrar que a prote\u00e7\u00e3o vai al\u00e9m de contratos: \u201cUm cliente me ligou chorando. Disse que, se n\u00e3o fosse pelo seguro que fechamos juntos, ele teria perdido tudo. Ali percebi: a gente n\u00e3o vende um papel. A gente vende paz de esp\u00edrito.\u201d<\/p>\n\n\n\n<p>Esses profissionais, muitas vezes invis\u00edveis at\u00e9 o momento do imprevisto, vivem hist\u00f3rias reais marcadas por dor, supera\u00e7\u00e3o e recome\u00e7o.&nbsp;O Maio Amarelo tamb\u00e9m \u00e9 sobre isso:&nbsp;<strong>quem est\u00e1 ao nosso lado nos momentos mais dif\u00edceis.<\/strong><\/p>\n\n\n\n<p><strong>\u00c9 tempo de mudar<\/strong><\/p>\n\n\n\n<p>A campanha \u201cTem que Parar\u201d prop\u00f5e uma mudan\u00e7a de cultura, uma reconex\u00e3o com o valor da vida. Que os retrovisores n\u00e3o reflitam apenas o passado, mas tamb\u00e9m sirvam de lembrete para olhar com aten\u00e7\u00e3o o presente.<\/p>\n\n\n\n<p>N\u00e3o \u00e9 sobre culpa. \u00c9 sobre&nbsp;<strong>consci\u00eancia, empatia e escolha<\/strong>. Porque, no tr\u00e2nsito, cada decis\u00e3o pode ser a linha t\u00eanue entre o al\u00edvio e a trag\u00e9dia.<\/p>\n\n\n\n<blockquote class=\"wp-block-quote is-layout-flow wp-block-quote-is-layout-flow\">\n<p>Proteja-se tamb\u00e9m fora do volante. Se prevenir \u00e9 um ato de cuidado \u2014 com voc\u00ea, com sua fam\u00edlia, com todos ao seu redor.<\/p>\n<\/blockquote>\n\n\n\n<p><sub>por g1RN<\/sub><\/p>\n","protected":false},"excerpt":{"rendered":"<p>Campanha \u201cTem que Parar\u201d chama a aten\u00e7\u00e3o para decis\u00f5es que podem custar vidas No volante, n\u00e3o existe \u201cs\u00f3 um segundo\u201d.&nbsp;Cada escolha tem peso \u2014 e algumas n\u00e3o d\u00e3o direito a arrependimento.&nbsp;\u00c9 com esse alerta que a campanha&nbsp;Maio Amarelo 2025, com o tema&nbsp;\u201cTem que Parar\u201d, busca impactar motoristas da Zona da Mata e Vertentes. Neste ano,&#8230;<\/p>\n","protected":false},"author":1,"featured_media":2646,"comment_status":"open","ping_status":"open","sticky":false,"template":"","format":"standard","meta":{"footnotes":""},"categories":[3],"tags":[],"class_list":["post-2645","post","type-post","status-publish","format-standard","has-post-thumbnail","hentry","category-geral"],"_links":{"self":[{"href":"https:\/\/cafecommessias.com.br\/index.php?rest_route=\/wp\/v2\/posts\/2645","targetHints":{"allow":["GET"]}}],"collection":[{"href":"https:\/\/cafecommessias.com.br\/index.php?rest_route=\/wp\/v2\/posts"}],"about":[{"href":"https:\/\/cafecommessias.com.br\/index.php?rest_route=\/wp\/v2\/types\/post"}],"author":[{"embeddable":true,"href":"https:\/\/cafecommessias.com.br\/index.php?rest_route=\/wp\/v2\/users\/1"}],"replies":[{"embeddable":true,"href":"https:\/\/cafecommessias.com.br\/index.php?rest_route=%2Fwp%2Fv2%2Fcomments&post=2645"}],"version-history":[{"count":1,"href":"https:\/\/cafecommessias.com.br\/index.php?rest_route=\/wp\/v2\/posts\/2645\/revisions"}],"predecessor-version":[{"id":2647,"href":"https:\/\/cafecommessias.com.br\/index.php?rest_route=\/wp\/v2\/posts\/2645\/revisions\/2647"}],"wp:featuredmedia":[{"embeddable":true,"href":"https:\/\/cafecommessias.com.br\/index.php?rest_route=\/wp\/v2\/media\/2646"}],"wp:attachment":[{"href":"https:\/\/cafecommessias.com.br\/index.php?rest_route=%2Fwp%2Fv2%2Fmedia&parent=2645"}],"wp:term":[{"taxonomy":"category","embeddable":true,"href":"https:\/\/cafecommessias.com.br\/index.php?rest_route=%2Fwp%2Fv2%2Fcategories&post=2645"},{"taxonomy":"post_tag","embeddable":true,"href":"https:\/\/cafecommessias.com.br\/index.php?rest_route=%2Fwp%2Fv2%2Ftags&post=2645"}],"curies":[{"name":"wp","href":"https:\/\/api.w.org\/{rel}","templated":true}]}}