{"id":2669,"date":"2025-08-28T13:35:47","date_gmt":"2025-08-28T16:35:47","guid":{"rendered":"https:\/\/cafecommessias.com.br\/?p=2669"},"modified":"2025-08-28T13:37:07","modified_gmt":"2025-08-28T16:37:07","slug":"haddad-diz-que-megaoperacao-contra-pcc-conseguiu-chegar-ao-andar-de-cima-do-crime-organizado","status":"publish","type":"post","link":"https:\/\/cafecommessias.com.br\/?p=2669","title":{"rendered":"Haddad diz que megaopera\u00e7\u00e3o contra PCC conseguiu chegar &#8216;ao andar de cima&#8217; do crime organizado"},"content":{"rendered":"\n<p>Ministro da Fazenda participou de entrevista coletiva nesta quinta-feira (28) para dar informa\u00e7\u00f5es sobre a\u00e7\u00f5es realizadas em 10 estados contra uma rede ligada ao PCC que adulterava combust\u00edveis e lavava dinheiro.<\/p>\n\n\n\n<p>O ministro da Fazenda,\u00a0Fernando Haddad, avaliou\u00a0a megaopera\u00e7\u00e3o contra o Primeiro Comando da Capital (PCC), realizada nesta quinta-feira (28), como exemplar.<\/p>\n\n\n\n<p>Segundo ele, a opera\u00e7\u00e3o conseguiu chegar &#8220;ao andar de cima&#8221; do crime organizado.<\/p>\n\n\n\n<blockquote class=\"wp-block-quote is-layout-flow wp-block-quote-is-layout-flow\">\n<p>&#8220;Essa opera\u00e7\u00e3o \u00e9 exemplar, porque ela conseguiu chegar na cobertura do sistema, no andar de cima do sistema&#8221;, afirmou.<\/p>\n<\/blockquote>\n\n\n\n<p>\ud83d\udd0e<em>Mais cedo, um for\u00e7a-tarefa do Minist\u00e9rio P\u00fablico de S\u00e3o Paulo, Minist\u00e9rio P\u00fablico Federal e pol\u00edcias Federal, Civil e Militar cumpriu mandados em 10 estados contra rede ligada ao PCC que adulterava combust\u00edveis e lavava dinheiro. Os alvos s\u00e3o investigados por fraudes fiscais, ambientais e econ\u00f4micas.<\/em><\/p>\n\n\n\n<p>Haddad informou que&nbsp;<strong>R$ 52 bilh\u00f5es de organiza\u00e7\u00f5es criminosas transitaram por &#8220;fintechs&#8221;<\/strong>&nbsp;ligadas ao crime organizado nos \u00faltimos quatro anos.<\/p>\n\n\n\n<p>Ele avaliou que a identifica\u00e7\u00e3o e sequestro de recursos e bens irregulares pelo governo, ou seja, a chamada &#8220;desmonetiza\u00e7\u00e3o&#8221;, \u00e9 um passo importante no combate a organiza\u00e7\u00f5es criminosas no pa\u00eds.<\/p>\n\n\n\n<p><em>\ud83d\udd0e As fintechs s\u00e3o empresas que usam a tecnologia para oferecer servi\u00e7os financeiros de forma mais simples e r\u00e1pida que bancos tradicionais.<\/em><\/p>\n\n\n\n<p class=\"has-text-align-center\"><strong>PUBLICIDADE<\/strong><\/p>\n\n\n\n<figure class=\"wp-block-image size-large\"><img loading=\"lazy\" decoding=\"async\" width=\"1024\" height=\"171\" src=\"https:\/\/cafecommessias.com.br\/wp-content\/uploads\/2025\/08\/DISQUE-180_1320X220-1024x171.gif\" alt=\"\" class=\"wp-image-2421\" srcset=\"https:\/\/cafecommessias.com.br\/wp-content\/uploads\/2025\/08\/DISQUE-180_1320X220-1024x171.gif 1024w, https:\/\/cafecommessias.com.br\/wp-content\/uploads\/2025\/08\/DISQUE-180_1320X220-300x50.gif 300w, https:\/\/cafecommessias.com.br\/wp-content\/uploads\/2025\/08\/DISQUE-180_1320X220-768x128.gif 768w\" sizes=\"auto, (max-width: 1024px) 100vw, 1024px\" \/><\/figure>\n\n\n\n<h4 class=\"wp-block-heading\">Sofistica\u00e7\u00e3o do crime<\/h4>\n\n\n\n<p>Haddad ainda mencionou que o Estado conseguiu &#8220;sofisticar a sua atua\u00e7\u00e3o contra o crime organizado&#8221; \u2014 que sempre busca formas de burlar as leis.<\/p>\n\n\n\n<blockquote class=\"wp-block-quote is-layout-flow wp-block-quote-is-layout-flow\">\n<p>&#8220;A fiscaliza\u00e7\u00e3o da Receita Federal tem que ser colocada \u00e0 disposi\u00e7\u00e3o dos \u00f3rg\u00e3os de combate ao crime organizado, porque a sofistica\u00e7\u00e3o do crime organizado hoje, ela exige da parte da Receita que n\u00f3s consigamos decifrar o caminho do dinheiro, que \u00e9 muito sofisticado, justificou.<\/p>\n<\/blockquote>\n\n\n\n<p>Segundo o ministro, o esquema utilizado pelo crime organizado era altamente sofisticado do ponto de vista financeiro, com &#8220;muitas camadas&#8221; de prote\u00e7\u00e3o que tiveram de ser abertas pela atua\u00e7\u00e3o conjunta da Receita Federal e \u00f3rg\u00e3os de seguran\u00e7a p\u00fablica.<\/p>\n\n\n\n<p>&#8220;Vejo na PEC [da Seguran\u00e7a p\u00fablica] o caminho para que coordena\u00e7\u00e3o [com os estados] seja organizada. O Brasil com isso lidera e fortalece as institui\u00e7\u00f5es, protege o consumidor, e tamb\u00e9m a concorr\u00eancia leal entre os v\u00e1rios atores do mercado de combust\u00edveis&#8221;, declarou.<\/p>\n\n\n\n<p>Em sua avalia\u00e7\u00e3o,<strong>&nbsp;essa foi a maior a\u00e7\u00e3o de combate ao crime organizado da hist\u00f3ria do Brasil<\/strong>, que &#8220;inaugura&#8221; uma nova forma de trabalhar, com mais troca de informa\u00e7\u00f5es entre os v\u00e1rios \u00f3rg\u00e3os do Estado brasileiro. &#8220;Contra o crime organizado, tem de dar uma resposta organizada&#8221;, pontuou.<\/p>\n\n\n\n<p>Haddad participou de uma entrevista coletiva no Minist\u00e9rio da Justi\u00e7a para divulgar informa\u00e7\u00f5es sobre as a\u00e7\u00f5es realizadas de forma coordenada para combater os crimes.<\/p>\n\n\n\n<p><sub>por g1\u00a0\u2014 Bras\u00edlia<\/sub><\/p>\n\n\n\n<p><\/p>\n","protected":false},"excerpt":{"rendered":"<p>Ministro da Fazenda participou de entrevista coletiva nesta quinta-feira (28) para dar informa\u00e7\u00f5es sobre a\u00e7\u00f5es realizadas em 10 estados contra uma rede ligada ao PCC que adulterava combust\u00edveis e lavava dinheiro. O ministro da Fazenda,\u00a0Fernando Haddad, avaliou\u00a0a megaopera\u00e7\u00e3o contra o Primeiro Comando da Capital (PCC), realizada nesta quinta-feira (28), como exemplar. Segundo ele, a opera\u00e7\u00e3o&#8230;<\/p>\n","protected":false},"author":1,"featured_media":2670,"comment_status":"open","ping_status":"open","sticky":false,"template":"","format":"standard","meta":{"footnotes":""},"categories":[4,3],"tags":[],"class_list":["post-2669","post","type-post","status-publish","format-standard","has-post-thumbnail","hentry","category-anuncie-aqui","category-geral"],"_links":{"self":[{"href":"https:\/\/cafecommessias.com.br\/index.php?rest_route=\/wp\/v2\/posts\/2669","targetHints":{"allow":["GET"]}}],"collection":[{"href":"https:\/\/cafecommessias.com.br\/index.php?rest_route=\/wp\/v2\/posts"}],"about":[{"href":"https:\/\/cafecommessias.com.br\/index.php?rest_route=\/wp\/v2\/types\/post"}],"author":[{"embeddable":true,"href":"https:\/\/cafecommessias.com.br\/index.php?rest_route=\/wp\/v2\/users\/1"}],"replies":[{"embeddable":true,"href":"https:\/\/cafecommessias.com.br\/index.php?rest_route=%2Fwp%2Fv2%2Fcomments&post=2669"}],"version-history":[{"count":2,"href":"https:\/\/cafecommessias.com.br\/index.php?rest_route=\/wp\/v2\/posts\/2669\/revisions"}],"predecessor-version":[{"id":2673,"href":"https:\/\/cafecommessias.com.br\/index.php?rest_route=\/wp\/v2\/posts\/2669\/revisions\/2673"}],"wp:featuredmedia":[{"embeddable":true,"href":"https:\/\/cafecommessias.com.br\/index.php?rest_route=\/wp\/v2\/media\/2670"}],"wp:attachment":[{"href":"https:\/\/cafecommessias.com.br\/index.php?rest_route=%2Fwp%2Fv2%2Fmedia&parent=2669"}],"wp:term":[{"taxonomy":"category","embeddable":true,"href":"https:\/\/cafecommessias.com.br\/index.php?rest_route=%2Fwp%2Fv2%2Fcategories&post=2669"},{"taxonomy":"post_tag","embeddable":true,"href":"https:\/\/cafecommessias.com.br\/index.php?rest_route=%2Fwp%2Fv2%2Ftags&post=2669"}],"curies":[{"name":"wp","href":"https:\/\/api.w.org\/{rel}","templated":true}]}}