{"id":2674,"date":"2025-08-28T13:42:56","date_gmt":"2025-08-28T16:42:56","guid":{"rendered":"https:\/\/cafecommessias.com.br\/?p=2674"},"modified":"2025-08-28T13:42:57","modified_gmt":"2025-08-28T16:42:57","slug":"vacina-contra-herpes-zoster-pode-reduzir-risco-de-infarto-e-avc-aponta-estudo","status":"publish","type":"post","link":"https:\/\/cafecommessias.com.br\/?p=2674","title":{"rendered":"Vacina contra herpes-z\u00f3ster pode reduzir risco de infarto e AVC, aponta estudo"},"content":{"rendered":"\n<p>Meta-an\u00e1lise global sugere queda de at\u00e9 18% nos eventos cardiovasculares; especialista alerta que dados ainda s\u00e3o observacionais e refor\u00e7a necessidade de mais pesquisas.<\/p>\n\n\n\n<p>Um estudo global apresentado nesta quinta-feira (28) no Congresso Europeu de Cardiologia (ESC 2025), em Madri, aponta que a&nbsp;<strong>vacina\u00e7\u00e3o contra o herpes-z\u00f3ster&nbsp;<\/strong>\u2014 popularmente conhecido como cobreiro \u2014 est\u00e1 associada a uma&nbsp;redu\u00e7\u00e3o significativa no risco de infarto e acidente vascular cerebral (AVC).<\/p>\n\n\n\n<p>A pesquisa avaliou dados de quase duas d\u00e9cadas de estudos e encontrou uma&nbsp;<strong>diminui\u00e7\u00e3o de 18% nos eventos cardiovasculares&nbsp;<\/strong>em adultos acima de 18 anos e de 16% entre pessoas com mais de 50 anos.<\/p>\n\n\n\n<h2 class=\"wp-block-heading\">O que mostra o estudo<\/h2>\n\n\n\n<p>A meta-an\u00e1lise reuniu&nbsp;<strong>19 trabalhos cient\u00edficos<\/strong>&nbsp;(incluindo ensaios cl\u00ednicos e estudos observacionais) e \u00e9 a primeira a compilar evid\u00eancias globais sobre o impacto da vacina do z\u00f3ster na sa\u00fade cardiovascular.<\/p>\n\n\n\n<p>De acordo com os pesquisadores respons\u00e1veis pelo estudo, a aplica\u00e7\u00e3o da vacina \u2014 seja a vers\u00e3o recombinante ou a atenuada \u2014 foi associada a 1,2 a 2,2 eventos cardiovasculares a menos por mil pessoas vacinadas por ano. Na pr\u00e1tica,&nbsp;isso significa que, a cada mil pessoas vacinadas, de 1 a 2 casos de infarto ou AVC deixam de acontecer por ano.<\/p>\n\n\n\n<p>Apesar dos resultados, os autores destacam que a maior parte das evid\u00eancias vem de estudos observacionais, sujeitos a vi\u00e9s. Isso significa que, embora exista associa\u00e7\u00e3o, ainda n\u00e3o \u00e9 poss\u00edvel afirmar que a vacina seja a causa direta da redu\u00e7\u00e3o de infartos e AVCs.<\/p>\n\n\n\n<h2 class=\"wp-block-heading\">Como isso acontece?<\/h2>\n\n\n\n<p>Para o m\u00e9dico infectologista Renato Kfouri, vice-presidente da Sociedade Brasileira de Imuniza\u00e7\u00f5es (SBIm), o trabalho&nbsp;<strong>refor\u00e7a um conceito j\u00e1 observado com outras vacinas<\/strong>, como a da gripe:<\/p>\n\n\n\n<blockquote class=\"wp-block-quote is-layout-flow wp-block-quote-is-layout-flow\">\n<p>\u201cEssas doen\u00e7as virais podem aumentar a resposta inflamat\u00f3ria do organismo e desencadear complica\u00e7\u00f5es cardiovasculares. Prevenir essas infec\u00e7\u00f5es \u00e9 tamb\u00e9m uma forma de proteger o cora\u00e7\u00e3o.&#8221;<\/p>\n<\/blockquote>\n\n\n\n<p>Segundo ele, o processo inflamat\u00f3rio gerado por v\u00edrus como influenza, coronav\u00edrus, v\u00edrus sincicial respirat\u00f3rio e o pr\u00f3prio herpes-z\u00f3ster pode&nbsp;desestabilizar placas de gordura nas art\u00e9rias, favorecendo o desprendimento e levando a eventos graves como AVC e infarto.<\/p>\n\n\n\n<p>Ainda assim, Kfouri pondera: \u201c\u00c9 preciso considerar que se trata de um estudo financiado pelo produtor da vacina, o que exige uma leitura cr\u00edtica. Mas \u00e9 um dado importante que fortalece a vis\u00e3o de que a vacina\u00e7\u00e3o \u00e9 parte da estrat\u00e9gia de preven\u00e7\u00e3o cardiovascular\u201d.<\/p>\n\n\n\n<h2 class=\"wp-block-heading\">Situa\u00e7\u00e3o no Brasil<\/h2>\n\n\n\n<p>Atualmente, a vacina contra o z\u00f3ster est\u00e1 dispon\u00edvel no Brasil apenas na rede privada. A SBIm&nbsp;<strong>recomenda a aplica\u00e7\u00e3o rotineira a partir dos 60 anos e considera a partir dos 50<\/strong>. J\u00e1 para pessoas imunocomprometidas \u2014 como transplantados, pacientes em di\u00e1lise ou que usam imunossupressores \u2014&nbsp;a indica\u00e7\u00e3o pode come\u00e7ar aos 18 anos.<\/p>\n\n\n\n<p>A inclus\u00e3o no Programa Nacional de Imuniza\u00e7\u00f5es (PNI) ainda n\u00e3o tem previs\u00e3o. \u201c\u00c9 uma vacina cara e, se for introduzida, provavelmente come\u00e7ar\u00e1 pelos grupos mais vulner\u00e1veis, como os imunossuprimidos e idosos\u201d, explica Kfouri.<\/p>\n\n\n\n<h2 class=\"wp-block-heading\">Por que isso importa<\/h2>\n\n\n\n<p><strong>Doen\u00e7as cardiovasculares continuam sendo a principal causa de morte no mundo<\/strong>, respons\u00e1veis por mais de 3 milh\u00f5es de \u00f3bitos por ano, segundo a Sociedade Europeia de Cardiologia.<\/p>\n\n\n\n<p>A entidade publicou em 2025 um consenso cl\u00ednico defendendo que as vacinas passem a ser consideradas o \u201cquarto pilar\u201d da preven\u00e7\u00e3o cardiovascular, ao lado de medicamentos contra hipertens\u00e3o, colesterol e diabetes.<\/p>\n\n\n\n<p><sub>Por\u00a0g1<\/sub><\/p>\n\n\n\n<p><\/p>\n","protected":false},"excerpt":{"rendered":"<p>Meta-an\u00e1lise global sugere queda de at\u00e9 18% nos eventos cardiovasculares; especialista alerta que dados ainda s\u00e3o observacionais e refor\u00e7a necessidade de mais pesquisas. Um estudo global apresentado nesta quinta-feira (28) no Congresso Europeu de Cardiologia (ESC 2025), em Madri, aponta que a&nbsp;vacina\u00e7\u00e3o contra o herpes-z\u00f3ster&nbsp;\u2014 popularmente conhecido como cobreiro \u2014 est\u00e1 associada a uma&nbsp;redu\u00e7\u00e3o significativa&#8230;<\/p>\n","protected":false},"author":1,"featured_media":2675,"comment_status":"open","ping_status":"open","sticky":false,"template":"","format":"standard","meta":{"footnotes":""},"categories":[1],"tags":[],"class_list":["post-2674","post","type-post","status-publish","format-standard","has-post-thumbnail","hentry","category-saude"],"_links":{"self":[{"href":"https:\/\/cafecommessias.com.br\/index.php?rest_route=\/wp\/v2\/posts\/2674","targetHints":{"allow":["GET"]}}],"collection":[{"href":"https:\/\/cafecommessias.com.br\/index.php?rest_route=\/wp\/v2\/posts"}],"about":[{"href":"https:\/\/cafecommessias.com.br\/index.php?rest_route=\/wp\/v2\/types\/post"}],"author":[{"embeddable":true,"href":"https:\/\/cafecommessias.com.br\/index.php?rest_route=\/wp\/v2\/users\/1"}],"replies":[{"embeddable":true,"href":"https:\/\/cafecommessias.com.br\/index.php?rest_route=%2Fwp%2Fv2%2Fcomments&post=2674"}],"version-history":[{"count":1,"href":"https:\/\/cafecommessias.com.br\/index.php?rest_route=\/wp\/v2\/posts\/2674\/revisions"}],"predecessor-version":[{"id":2676,"href":"https:\/\/cafecommessias.com.br\/index.php?rest_route=\/wp\/v2\/posts\/2674\/revisions\/2676"}],"wp:featuredmedia":[{"embeddable":true,"href":"https:\/\/cafecommessias.com.br\/index.php?rest_route=\/wp\/v2\/media\/2675"}],"wp:attachment":[{"href":"https:\/\/cafecommessias.com.br\/index.php?rest_route=%2Fwp%2Fv2%2Fmedia&parent=2674"}],"wp:term":[{"taxonomy":"category","embeddable":true,"href":"https:\/\/cafecommessias.com.br\/index.php?rest_route=%2Fwp%2Fv2%2Fcategories&post=2674"},{"taxonomy":"post_tag","embeddable":true,"href":"https:\/\/cafecommessias.com.br\/index.php?rest_route=%2Fwp%2Fv2%2Ftags&post=2674"}],"curies":[{"name":"wp","href":"https:\/\/api.w.org\/{rel}","templated":true}]}}