{"id":2678,"date":"2025-08-29T13:44:21","date_gmt":"2025-08-29T16:44:21","guid":{"rendered":"https:\/\/cafecommessias.com.br\/?p=2678"},"modified":"2025-08-29T13:44:21","modified_gmt":"2025-08-29T16:44:21","slug":"brasil-inicia-acao-para-usar-lei-de-reciprocidade-contra-os-eua","status":"publish","type":"post","link":"https:\/\/cafecommessias.com.br\/?p=2678","title":{"rendered":"Brasil inicia a\u00e7\u00e3o para usar Lei de Reciprocidade contra os EUA"},"content":{"rendered":"\n<p>Ela permite ao Brasil contramedidas tarif\u00e1rias em situa\u00e7\u00f5es como a atual<\/p>\n\n\n\n<p>O\u00a0governo brasileiro\u00a0deu mais um passo visando a\u00a0aplica\u00e7\u00e3o da Lei de Reciprocidade econ\u00f4mica\u00a0contra os Estados Unidos, em resposta ao tarifa\u00e7o de 50% aplicado pelos EUA contra produtos brasileiros.<img decoding=\"async\" src=\"https:\/\/agenciabrasil.ebc.com.br\/ebc.png?id=1656357&amp;o=node\" alt=\"Brasil inicia a\u00e7\u00e3o para usar Lei de Reciprocidade contra os EUA - Agora RN\"><img decoding=\"async\" src=\"https:\/\/agenciabrasil.ebc.com.br\/ebc.gif?id=1656357&amp;o=node\" alt=\"Brasil inicia a\u00e7\u00e3o para usar Lei de Reciprocidade contra os EUA - Agora RN\"><\/p>\n\n\n\n<p>A aplica\u00e7\u00e3o da lei \u2013 aprovada pelo Congresso Nacional e sancionada em abril pelo presidente Luiz In\u00e1cio Lula da Silva \u2013 possibilita ao Brasil uma resposta a eventuais medidas unilaterais adotadas por outros pa\u00edses contra produtos brasileiros.<\/p>\n\n\n\n<p>Ela permite ao Brasil contramedidas tarif\u00e1rias em situa\u00e7\u00f5es como a atual, em que o EUA sobretarifam importa\u00e7\u00f5es prejudicando a competitividade das empresas de outros pa\u00edses.<\/p>\n\n\n\n<h2 class=\"wp-block-heading\"><sub>Ajuda para negocia\u00e7\u00e3o<\/sub><\/h2>\n\n\n\n<p>Diante da situa\u00e7\u00e3o, a C\u00e2mara de Com\u00e9rcio Exterior (Camex) \u2013 \u00f3rg\u00e3o colegiado de 10 minist\u00e9rios, respons\u00e1vel por formular, implementar e coordenar as pol\u00edticas de com\u00e9rcio exterior \u2013 foi provocada, dando in\u00edcio a um processo que tem, entre suas etapas, a de notificar os Estados Unidos sobre a resposta brasileira ao tarifa\u00e7o.<\/p>\n\n\n\n<p>Antes de embarcar de volta ao Brasil, ap\u00f3s miss\u00e3o oficial ao M\u00e9xico, o vice-presidente e ministro do Desenvolvimento, Ind\u00fastria, Com\u00e9rcio e Servi\u00e7os, Geraldo Alckmin, disse que a Lei de Reciprocidade pode ajudar o Brasil na negocia\u00e7\u00e3o com os EUA.<\/p>\n\n\n\n<p>\u201cEspero que isso at\u00e9 possa ajudar a gente acelerar o di\u00e1logo e a negocia\u00e7\u00e3o. Essa \u00e9 a disposi\u00e7\u00e3o que o Brasil sempre teve. Precisamos lembrar que temos 201 anos de parceria e amizade com os Estados Unidos e que temos uma boa complementariedade econ\u00f4mica\u201d, disse Alckmin.<\/p>\n\n\n\n<h2 class=\"wp-block-heading\"><sub>A\u00e7o e carv\u00e3o<\/sub><\/h2>\n\n\n\n<p>Ele citou como exemplo o setor do a\u00e7o. \u201cN\u00f3s somos o terceiro comprador de carv\u00e3o sider\u00fargico dos Estados Unidos [utilizado para a fabrica\u00e7\u00e3o de a\u00e7o]. Fazemos o semiplano e vendemos para os Estados Unidos, que fazem o a\u00e7o para o autom\u00f3vel, para o avi\u00e3o, para as m\u00e1quinas. Voc\u00ea tem uma complementariedade, uma integra\u00e7\u00e3o. Essa \u00e9 a l\u00f3gica do com\u00e9rcio exterior\u201d, argumentou.<\/p>\n\n\n\n<p>Dessa forma, acrescentou o vice-presidente, \u201cquem ganha \u00e9 o conjunto da sociedade com produtos mais baratos que beneficiam a sociedade\u201d.&nbsp;<\/p>\n\n\n\n<p><sub>por Agora RN<\/sub><\/p>\n\n\n\n<p><\/p>\n","protected":false},"excerpt":{"rendered":"<p>Ela permite ao Brasil contramedidas tarif\u00e1rias em situa\u00e7\u00f5es como a atual O\u00a0governo brasileiro\u00a0deu mais um passo visando a\u00a0aplica\u00e7\u00e3o da Lei de Reciprocidade econ\u00f4mica\u00a0contra os Estados Unidos, em resposta ao tarifa\u00e7o de 50% aplicado pelos EUA contra produtos brasileiros. A aplica\u00e7\u00e3o da lei \u2013 aprovada pelo Congresso Nacional e sancionada em abril pelo presidente Luiz In\u00e1cio&#8230;<\/p>\n","protected":false},"author":1,"featured_media":2679,"comment_status":"open","ping_status":"open","sticky":false,"template":"","format":"standard","meta":{"footnotes":""},"categories":[6],"tags":[],"class_list":["post-2678","post","type-post","status-publish","format-standard","has-post-thumbnail","hentry","category-politica"],"_links":{"self":[{"href":"https:\/\/cafecommessias.com.br\/index.php?rest_route=\/wp\/v2\/posts\/2678","targetHints":{"allow":["GET"]}}],"collection":[{"href":"https:\/\/cafecommessias.com.br\/index.php?rest_route=\/wp\/v2\/posts"}],"about":[{"href":"https:\/\/cafecommessias.com.br\/index.php?rest_route=\/wp\/v2\/types\/post"}],"author":[{"embeddable":true,"href":"https:\/\/cafecommessias.com.br\/index.php?rest_route=\/wp\/v2\/users\/1"}],"replies":[{"embeddable":true,"href":"https:\/\/cafecommessias.com.br\/index.php?rest_route=%2Fwp%2Fv2%2Fcomments&post=2678"}],"version-history":[{"count":1,"href":"https:\/\/cafecommessias.com.br\/index.php?rest_route=\/wp\/v2\/posts\/2678\/revisions"}],"predecessor-version":[{"id":2680,"href":"https:\/\/cafecommessias.com.br\/index.php?rest_route=\/wp\/v2\/posts\/2678\/revisions\/2680"}],"wp:featuredmedia":[{"embeddable":true,"href":"https:\/\/cafecommessias.com.br\/index.php?rest_route=\/wp\/v2\/media\/2679"}],"wp:attachment":[{"href":"https:\/\/cafecommessias.com.br\/index.php?rest_route=%2Fwp%2Fv2%2Fmedia&parent=2678"}],"wp:term":[{"taxonomy":"category","embeddable":true,"href":"https:\/\/cafecommessias.com.br\/index.php?rest_route=%2Fwp%2Fv2%2Fcategories&post=2678"},{"taxonomy":"post_tag","embeddable":true,"href":"https:\/\/cafecommessias.com.br\/index.php?rest_route=%2Fwp%2Fv2%2Ftags&post=2678"}],"curies":[{"name":"wp","href":"https:\/\/api.w.org\/{rel}","templated":true}]}}