{"id":2696,"date":"2025-09-01T10:00:34","date_gmt":"2025-09-01T13:00:34","guid":{"rendered":"https:\/\/cafecommessias.com.br\/?p=2696"},"modified":"2025-09-01T10:00:35","modified_gmt":"2025-09-01T13:00:35","slug":"natal-inicia-emissao-de-carteira-fisica-para-pessoas-com-autismo-nesta-segunda-feira","status":"publish","type":"post","link":"https:\/\/cafecommessias.com.br\/?p=2696","title":{"rendered":"Natal inicia emiss\u00e3o de carteira f\u00edsica para pessoas com autismo nesta segunda-feira"},"content":{"rendered":"\n<p>A Prefeitura do Natal come\u00e7a nesta segunda-feira (1\u00ba), a emiss\u00e3o da Carteira de Identifica\u00e7\u00e3o da Pessoa com Transtorno do Espectro Autista (CIPTEA) em formato f\u00edsico. A entrega do novo documento foi lan\u00e7ada durante a abertura da campanha Setembro Verde, que promove a\u00e7\u00f5es de inclus\u00e3o das pessoas com defici\u00eancia.<\/p>\n\n\n\n<p>A CIPTEA j\u00e1 existia em vers\u00e3o digital, mas a op\u00e7\u00e3o impressa era uma demanda antiga de fam\u00edlias at\u00edpicas da capital. Segundo a secret\u00e1ria municipal da Igualdade Racial, Direitos Humanos, Diversidade, Pessoas Idosas e Pessoas com Defici\u00eancia (Semidh), Luciana Dantas, o modelo f\u00edsico deve facilitar a rotina de cuidados e ampliar a seguran\u00e7a no acesso a servi\u00e7os e direitos.<\/p>\n\n\n\n<p>A emiss\u00e3o est\u00e1 dispon\u00edvel a partir desta ter\u00e7a-feira (2), na sede da Semidh, localizada na Rua Jundia\u00ed, 644, no bairro Tirol, zona Leste da capital. O atendimento ser\u00e1 realizado mediante agendamento no aplicativo Natal Digital.&nbsp;<\/p>\n\n\n\n<p>J\u00e1 a solicita\u00e7\u00e3o do documento pode ser realizada tanto por novos usu\u00e1rios quanto por quem j\u00e1 possui a vers\u00e3o digital.<\/p>\n\n\n\n<p><sub>por Reda\u00e7\u00e3o Tribuna do Norte<\/sub><\/p>\n","protected":false},"excerpt":{"rendered":"<p>A Prefeitura do Natal come\u00e7a nesta segunda-feira (1\u00ba), a emiss\u00e3o da Carteira de Identifica\u00e7\u00e3o da Pessoa com Transtorno do Espectro Autista (CIPTEA) em formato f\u00edsico. A entrega do novo documento foi lan\u00e7ada durante a abertura da campanha Setembro Verde, que promove a\u00e7\u00f5es de inclus\u00e3o das pessoas com defici\u00eancia. A CIPTEA j\u00e1 existia em vers\u00e3o digital,&#8230;<\/p>\n","protected":false},"author":1,"featured_media":2697,"comment_status":"open","ping_status":"open","sticky":false,"template":"","format":"standard","meta":{"footnotes":""},"categories":[3],"tags":[],"class_list":["post-2696","post","type-post","status-publish","format-standard","has-post-thumbnail","hentry","category-geral"],"_links":{"self":[{"href":"https:\/\/cafecommessias.com.br\/index.php?rest_route=\/wp\/v2\/posts\/2696","targetHints":{"allow":["GET"]}}],"collection":[{"href":"https:\/\/cafecommessias.com.br\/index.php?rest_route=\/wp\/v2\/posts"}],"about":[{"href":"https:\/\/cafecommessias.com.br\/index.php?rest_route=\/wp\/v2\/types\/post"}],"author":[{"embeddable":true,"href":"https:\/\/cafecommessias.com.br\/index.php?rest_route=\/wp\/v2\/users\/1"}],"replies":[{"embeddable":true,"href":"https:\/\/cafecommessias.com.br\/index.php?rest_route=%2Fwp%2Fv2%2Fcomments&post=2696"}],"version-history":[{"count":1,"href":"https:\/\/cafecommessias.com.br\/index.php?rest_route=\/wp\/v2\/posts\/2696\/revisions"}],"predecessor-version":[{"id":2698,"href":"https:\/\/cafecommessias.com.br\/index.php?rest_route=\/wp\/v2\/posts\/2696\/revisions\/2698"}],"wp:featuredmedia":[{"embeddable":true,"href":"https:\/\/cafecommessias.com.br\/index.php?rest_route=\/wp\/v2\/media\/2697"}],"wp:attachment":[{"href":"https:\/\/cafecommessias.com.br\/index.php?rest_route=%2Fwp%2Fv2%2Fmedia&parent=2696"}],"wp:term":[{"taxonomy":"category","embeddable":true,"href":"https:\/\/cafecommessias.com.br\/index.php?rest_route=%2Fwp%2Fv2%2Fcategories&post=2696"},{"taxonomy":"post_tag","embeddable":true,"href":"https:\/\/cafecommessias.com.br\/index.php?rest_route=%2Fwp%2Fv2%2Ftags&post=2696"}],"curies":[{"name":"wp","href":"https:\/\/api.w.org\/{rel}","templated":true}]}}