{"id":2699,"date":"2025-09-01T10:06:11","date_gmt":"2025-09-01T13:06:11","guid":{"rendered":"https:\/\/cafecommessias.com.br\/?p=2699"},"modified":"2025-09-01T10:06:26","modified_gmt":"2025-09-01T13:06:26","slug":"as-vesperas-de-julgamento-defesas-intensificam-busca-por-ministros-do-stf","status":"publish","type":"post","link":"https:\/\/cafecommessias.com.br\/?p=2699","title":{"rendered":"\u00c0s v\u00e9speras de julgamento, defesas intensificam busca por ministros do STF"},"content":{"rendered":"\n<p>Advogados apresentam vers\u00e3o reduzida de defesa e argumentam para absolvi\u00e7\u00e3o dos r\u00e9us ou penas mais brandas<\/p>\n\n\n\n<p>Os advogados dos r\u00e9us do\u00a0<strong>\u201cn\u00facleo 1\u201d<\/strong>\u00a0do processo sobre suposta trama golpista intensificaram a maratona nos gabinetes dos cinco ministros da Primeira Turma do\u00a0<strong>STF (Supremo Tribunal Federal)<\/strong>\u00a0\u00e0s v\u00e9speras do in\u00edcio do julgamento, marcado para come\u00e7ar nesta ter\u00e7a-feira (2).<\/p>\n\n\n\n<p>Os ministros&nbsp;<strong>Cristiano Zanin<\/strong>, presidente da Primeira Turma;&nbsp;<strong>Alexandre de Moraes<\/strong>, relator do processo;<strong>&nbsp;Luiz Fux<\/strong>&nbsp;e&nbsp;<strong>Fl\u00e1vio Dino<\/strong>&nbsp;j\u00e1 receberam advogados dos r\u00e9us.<\/p>\n\n\n\n<p>Os principais \u201cmaratonistas\u201d de gabinete em gabinete s\u00e3o os advogados do general&nbsp;<strong>Augusto Heleno<\/strong>, do ex-ministro&nbsp;<strong>Anderson Torres<\/strong>, do ex-ministro&nbsp;<strong>Paulo S\u00e9rgio Nogueira<\/strong>&nbsp;e do colaborador&nbsp;<strong>Mauro Cid<\/strong>, respectivamente representados por Matheus Milanez, Eumar Novacki, Andrew Fernandes e Cezar e V\u00e2nia Bitencourt.<\/p>\n\n\n\n<p>A ideia do p\u00e9riplo \u00e9 apresentar aos ministros alguns memoriais, que s\u00e3o vers\u00e3o reduzida das teses da defesa, e, claro, argumentos para tentar convencer os magistrados a absolver seus clientes ou, em \u00faltimo caso, abrandar poss\u00edveis penas.<\/p>\n\n\n\n<p>A equipe do colaborador Mauro Cid, que foi ajudante de ordens do ent\u00e3o presidente&nbsp;<strong>Jair Bolsonaro (PL)<\/strong>, j\u00e1 foi recebida pelos ministros Moraes, Zanin e Fux. Dino est\u00e1 marcado para a pr\u00f3xima semana.<\/p>\n\n\n\n<p>A estrat\u00e9gia de\u00a0visitar os gabinetes\u00a0come\u00e7ou na segunda quinzena de agosto. O ministro Zanin foi o primeiro a receber os encontros com os advogados.<\/p>\n\n\n\n<p>Heleno, Torres, Nogueira e Cid s\u00e3o acusados de integrar, ao lado de Bolsonaro,\u00a0<strong>Braga Netto<\/strong>,\u00a0<strong>Almir Garnier<\/strong>\u00a0e\u00a0<strong>Alexandre Ramagem<\/strong>\u00a0o chamado \u201cn\u00facleo crucial\u201d\u00a0de uma trama para manter o ex-presidente no poder e impedir a posse de\u00a0<strong>Luiz In\u00e1cio Lula da Silva (PT)<\/strong>. Todos negam as acusa\u00e7\u00f5es.<\/p>\n\n\n\n<p><sub>por CNN, Bras\u00edlia<\/sub><\/p>\n","protected":false},"excerpt":{"rendered":"<p>Advogados apresentam vers\u00e3o reduzida de defesa e argumentam para absolvi\u00e7\u00e3o dos r\u00e9us ou penas mais brandas Os advogados dos r\u00e9us do\u00a0\u201cn\u00facleo 1\u201d\u00a0do processo sobre suposta trama golpista intensificaram a maratona nos gabinetes dos cinco ministros da Primeira Turma do\u00a0STF (Supremo Tribunal Federal)\u00a0\u00e0s v\u00e9speras do in\u00edcio do julgamento, marcado para come\u00e7ar nesta ter\u00e7a-feira (2). Os ministros&nbsp;Cristiano&#8230;<\/p>\n","protected":false},"author":1,"featured_media":2700,"comment_status":"open","ping_status":"open","sticky":false,"template":"","format":"standard","meta":{"footnotes":""},"categories":[3],"tags":[],"class_list":["post-2699","post","type-post","status-publish","format-standard","has-post-thumbnail","hentry","category-geral"],"_links":{"self":[{"href":"https:\/\/cafecommessias.com.br\/index.php?rest_route=\/wp\/v2\/posts\/2699","targetHints":{"allow":["GET"]}}],"collection":[{"href":"https:\/\/cafecommessias.com.br\/index.php?rest_route=\/wp\/v2\/posts"}],"about":[{"href":"https:\/\/cafecommessias.com.br\/index.php?rest_route=\/wp\/v2\/types\/post"}],"author":[{"embeddable":true,"href":"https:\/\/cafecommessias.com.br\/index.php?rest_route=\/wp\/v2\/users\/1"}],"replies":[{"embeddable":true,"href":"https:\/\/cafecommessias.com.br\/index.php?rest_route=%2Fwp%2Fv2%2Fcomments&post=2699"}],"version-history":[{"count":1,"href":"https:\/\/cafecommessias.com.br\/index.php?rest_route=\/wp\/v2\/posts\/2699\/revisions"}],"predecessor-version":[{"id":2701,"href":"https:\/\/cafecommessias.com.br\/index.php?rest_route=\/wp\/v2\/posts\/2699\/revisions\/2701"}],"wp:featuredmedia":[{"embeddable":true,"href":"https:\/\/cafecommessias.com.br\/index.php?rest_route=\/wp\/v2\/media\/2700"}],"wp:attachment":[{"href":"https:\/\/cafecommessias.com.br\/index.php?rest_route=%2Fwp%2Fv2%2Fmedia&parent=2699"}],"wp:term":[{"taxonomy":"category","embeddable":true,"href":"https:\/\/cafecommessias.com.br\/index.php?rest_route=%2Fwp%2Fv2%2Fcategories&post=2699"},{"taxonomy":"post_tag","embeddable":true,"href":"https:\/\/cafecommessias.com.br\/index.php?rest_route=%2Fwp%2Fv2%2Ftags&post=2699"}],"curies":[{"name":"wp","href":"https:\/\/api.w.org\/{rel}","templated":true}]}}