{"id":2702,"date":"2025-09-01T10:07:58","date_gmt":"2025-09-01T13:07:58","guid":{"rendered":"https:\/\/cafecommessias.com.br\/?p=2702"},"modified":"2025-09-01T10:10:34","modified_gmt":"2025-09-01T13:10:34","slug":"saiba-as-mudancas-de-transito-para-abertura-da-semana-da-patria-em-natal","status":"publish","type":"post","link":"https:\/\/cafecommessias.com.br\/?p=2702","title":{"rendered":"Saiba as mudan\u00e7as de tr\u00e2nsito para abertura da Semana da P\u00e1tria em Natal"},"content":{"rendered":"\n<p>A Secretaria Municipal de Mobilidade Urbana (STTU) anunciou a opera\u00e7\u00e3o especial de tr\u00e2nsito para a abertura da Semana da P\u00e1tria 2025, que acontece nesta segunda-feira (1\u00ba), na Pra\u00e7a C\u00edvica, em Petr\u00f3polis, zona Leste de Natal.<\/p>\n\n\n\n<p>De acordo com o \u00f3rg\u00e3o, a Avenida Prudente de Morais ser\u00e1 interditada no trecho entre a Rua Potengi e a Rua Trairi, das 6h \u00e0s 12h. Agentes e inspetores de mobilidade estar\u00e3o no local para orientar condutores e garantir a seguran\u00e7a vi\u00e1ria.<\/p>\n\n\n\n<p><strong>Ruas interditadas no entorno da Pra\u00e7a C\u00edvica<\/strong><\/p>\n\n\n\n<p>Durante a cerim\u00f4nia, haver\u00e1 bloqueios em pontos estrat\u00e9gicos da regi\u00e3o:<\/p>\n\n\n\n<ul class=\"wp-block-list\">\n<li>Av. Prudente de Morais x Rua Ot\u00e1vio Lamartine<\/li>\n\n\n\n<li>Av. Campos Sales x Rua Trairi<\/li>\n\n\n\n<li>Av. Campos Sales x Rua Potengi<\/li>\n\n\n\n<li>Av. Prudente de Morais x Rua Serid\u00f3<\/li>\n\n\n\n<li>Av. Floriano Peixoto x Rua Trairi<\/li>\n\n\n\n<li>Av. Nilo Pe\u00e7anha x Rua Manoel Dantas<\/li>\n<\/ul>\n\n\n\n<p><strong>Mudan\u00e7as nas linhas de \u00f4nibus<\/strong><\/p>\n\n\n\n<p>A STTU informou ainda que diversas linhas de transporte p\u00fablico ter\u00e3o itiner\u00e1rios modificados. Confira as altera\u00e7\u00f5es:<\/p>\n\n\n\n<p><strong>Linhas N-05, N-15, O-22, N-61, N-64, N-70, N-75 e N-84<\/strong><\/p>\n\n\n\n<ul class=\"wp-block-list\">\n<li>Sentido Petr\u00f3polis: ruas Ulisses Caldas, Mossor\u00f3, Hermes da Fonseca, Coronel Joaquim Manoel e General Gustavo Cordeiro de Farias.<\/li>\n\n\n\n<li>Sentido Terminal: sem altera\u00e7\u00f5es.<\/li>\n<\/ul>\n\n\n\n<p><strong>Linhas O-33A, L-37, O-39, L-46, L-51 e L-56<\/strong><\/p>\n\n\n\n<ul class=\"wp-block-list\">\n<li>Sentido Ribeira: itiner\u00e1rio normal pela Av. Nilo Pe\u00e7anha, Rua Dr. Manoel Dantas e Av. Deodoro da Fonseca.<\/li>\n\n\n\n<li>Sentido Zona Sul: ruas Ulisses Caldas, Mossor\u00f3, Av. Floriano Peixoto, General Gustavo Cordeiro de Farias e Coronel Joaquim Manoel.<\/li>\n<\/ul>\n\n\n\n<p><strong>Linha O-33<\/strong><\/p>\n\n\n\n<ul class=\"wp-block-list\">\n<li>Sentido M\u00e3e Luiza: Av. Nilo Pe\u00e7anha, Rua Dr. Manoel Dantas, Av. Deodoro da Fonseca, Rua Jundia\u00ed e Av. Prudente de Morais.<\/li>\n\n\n\n<li>Sentido contr\u00e1rio: Av. Prudente de Morais, Rua Mossor\u00f3, Av. Campos Sales e Rua Apodi.<\/li>\n<\/ul>\n\n\n\n<p><strong>Linha N-35<\/strong><\/p>\n\n\n\n<ul class=\"wp-block-list\">\n<li>Sentido Candel\u00e1ria: ruas Ulisses Caldas e Mossor\u00f3, seguindo pela Av. Prudente de Morais.<\/li>\n\n\n\n<li>Sentido Soledade: Av. Prudente de Morais, Rua Mossor\u00f3, Av. Campos Sales e Rua Apodi.<\/li>\n<\/ul>\n\n\n\n<p><strong>Linhas O-24 e O-41A<\/strong><\/p>\n\n\n\n<ul class=\"wp-block-list\">\n<li>Sentido Ribeira: Av. Prudente de Morais, Rua Mossor\u00f3, Av. Hermes da Fonseca, Coronel Joaquim Manoel e General Gustavo Cordeiro de Farias.<\/li>\n\n\n\n<li>Sentido Zona Sul: sem altera\u00e7\u00f5es.<\/li>\n<\/ul>\n\n\n\n<p><strong>Orienta\u00e7\u00f5es aos motoristas e passageiros<\/strong><\/p>\n\n\n\n<p>A STTU recomenda que motoristas de ve\u00edculos particulares busquem rotas alternativas durante a manh\u00e3. J\u00e1 os usu\u00e1rios de transporte p\u00fablico devem se programar com anteced\u00eancia para evitar atrasos.<\/p>\n\n\n\n<p>Em caso de d\u00favidas, o contato pode ser feito pelo telefone 156 \u2013 Al\u00f4 STTU. O \u00f3rg\u00e3o refor\u00e7a a import\u00e2ncia da colabora\u00e7\u00e3o dos condutores para garantir o bom andamento da cerim\u00f4nia e a seguran\u00e7a do tr\u00e1fego.<\/p>\n\n\n\n<p><sub>por Blog do BG<\/sub><\/p>\n\n\n\n<p><a href=\"https:\/\/www.blogdobg.com.br\/saiba-as-mudancas-de-transito-para-abertura-da-semana-da-patria-em-natal\/#comentarios\"><\/a><a href=\"tg:\/\/msg?text=https%3A%2F%2Fwww.blogdobg.com.br%2Fsaiba-as-mudancas-de-transito-para-abertura-da-semana-da-patria-em-natal%2F%20Saiba%20as%20mudan%C3%A7as%20de%20tr%C3%A2nsito%20para%20abertura%20da%20Semana%20da%20P%C3%A1tria%20em%20Natal\"><\/a><\/p>\n","protected":false},"excerpt":{"rendered":"<p>A Secretaria Municipal de Mobilidade Urbana (STTU) anunciou a opera\u00e7\u00e3o especial de tr\u00e2nsito para a abertura da Semana da P\u00e1tria 2025, que acontece nesta segunda-feira (1\u00ba), na Pra\u00e7a C\u00edvica, em Petr\u00f3polis, zona Leste de Natal. De acordo com o \u00f3rg\u00e3o, a Avenida Prudente de Morais ser\u00e1 interditada no trecho entre a Rua Potengi e a&#8230;<\/p>\n","protected":false},"author":1,"featured_media":2703,"comment_status":"open","ping_status":"open","sticky":false,"template":"","format":"standard","meta":{"footnotes":""},"categories":[4,3],"tags":[],"class_list":["post-2702","post","type-post","status-publish","format-standard","has-post-thumbnail","hentry","category-anuncie-aqui","category-geral"],"_links":{"self":[{"href":"https:\/\/cafecommessias.com.br\/index.php?rest_route=\/wp\/v2\/posts\/2702","targetHints":{"allow":["GET"]}}],"collection":[{"href":"https:\/\/cafecommessias.com.br\/index.php?rest_route=\/wp\/v2\/posts"}],"about":[{"href":"https:\/\/cafecommessias.com.br\/index.php?rest_route=\/wp\/v2\/types\/post"}],"author":[{"embeddable":true,"href":"https:\/\/cafecommessias.com.br\/index.php?rest_route=\/wp\/v2\/users\/1"}],"replies":[{"embeddable":true,"href":"https:\/\/cafecommessias.com.br\/index.php?rest_route=%2Fwp%2Fv2%2Fcomments&post=2702"}],"version-history":[{"count":1,"href":"https:\/\/cafecommessias.com.br\/index.php?rest_route=\/wp\/v2\/posts\/2702\/revisions"}],"predecessor-version":[{"id":2704,"href":"https:\/\/cafecommessias.com.br\/index.php?rest_route=\/wp\/v2\/posts\/2702\/revisions\/2704"}],"wp:featuredmedia":[{"embeddable":true,"href":"https:\/\/cafecommessias.com.br\/index.php?rest_route=\/wp\/v2\/media\/2703"}],"wp:attachment":[{"href":"https:\/\/cafecommessias.com.br\/index.php?rest_route=%2Fwp%2Fv2%2Fmedia&parent=2702"}],"wp:term":[{"taxonomy":"category","embeddable":true,"href":"https:\/\/cafecommessias.com.br\/index.php?rest_route=%2Fwp%2Fv2%2Fcategories&post=2702"},{"taxonomy":"post_tag","embeddable":true,"href":"https:\/\/cafecommessias.com.br\/index.php?rest_route=%2Fwp%2Fv2%2Ftags&post=2702"}],"curies":[{"name":"wp","href":"https:\/\/api.w.org\/{rel}","templated":true}]}}