{"id":2710,"date":"2025-09-01T10:28:38","date_gmt":"2025-09-01T13:28:38","guid":{"rendered":"https:\/\/cafecommessias.com.br\/?p=2710"},"modified":"2025-09-01T10:28:38","modified_gmt":"2025-09-01T13:28:38","slug":"maioria-das-emendas-pagas-por-lula-em-2025-foi-de-anos-anteriores","status":"publish","type":"post","link":"https:\/\/cafecommessias.com.br\/?p=2710","title":{"rendered":"Maioria das emendas pagas por Lula em 2025 foi de anos anteriores"},"content":{"rendered":"\n<p>A maioria das emendas pagas pelo governo do presidente Luiz In\u00e1cio Lula da Silva (PT) em 2025 corresponde a transfer\u00eancias relacionadas com anos anteriores. O dado, obtido atrav\u00e9s de levantamento do Metr\u00f3poles com dados do Siga Brasil, ilustra a press\u00e3o que o Executivo tem sofrido para dar vaz\u00e3o \u00e0 verba de deputados e senadores que ficou esquecida nos cofres da m\u00e1quina p\u00fablica.<\/p>\n\n\n\n<p>Ao todo, o governo pagou R$ 16,3 bilh\u00f5es em emendas parlamentares em 2025. Desse total, apenas R$ 6,8 bilh\u00f5es (42,3%) corresponde a transfer\u00eancias previstas no Or\u00e7amento deste ano. O restante, R$ 9,4 bilh\u00f5es (57,7%), \u00e9 referente a rubricas definidas por congressistas de 2024 para tr\u00e1s.<\/p>\n\n\n\n<p>L\u00edderes partid\u00e1rios da esquerda \u00e0 direita t\u00eam reclamado pelos corredores do Congresso que constantemente precisam bater \u00e0 porta de minist\u00e9rios com pires em m\u00e3os, cobrando o pagamento de emendas de anos anteriores que n\u00e3o foram desembolsadas pelo governo. E afirmam que v\u00eam perdendo as esperan\u00e7as sobre a execu\u00e7\u00e3o das rubricas previstas para este ano.<\/p>\n\n\n\n<p>O temor \u00e9 que suas bases eleitorais fiquem desabastecidas num ano pr\u00e9-eleitoral, o que atrasaria a execu\u00e7\u00e3o de obras nos estados. O financiamento de equipamentos e a\u00e7\u00f5es p\u00fablicas em prefeituras aliadas \u00e9 uma ferramenta valiosa, sobretudo para os parlamentares do Centr\u00e3o, na busca pela reelei\u00e7\u00e3o.<\/p>\n\n\n\n<p>Nesse sentido, lideran\u00e7as partid\u00e1rias t\u00eam destacado que o Congresso n\u00e3o tem conseguido executar sua verba. Nesse sentido, chama a aten\u00e7\u00e3o que R$ 7,8 bilh\u00f5es (47,89%) das emendas pagas este ano representam rubricas de 2023 e 2024, os dois primeiros anos do governo Lula 3.<\/p>\n\n\n\n<p><strong>Seca de emendas colaborou para derrota de Lula<\/strong><\/p>\n\n\n\n<p>A insatisfa\u00e7\u00e3o com o ritmo de pagamento de emendas pelo governo federal foi citado pelo Centr\u00e3o como um dos motivos que levou parlamentares do grupo a se aliarem \u00e0 oposi\u00e7\u00e3o na reviravolta da Comiss\u00e3o Parlamentar Mista de Inqu\u00e9rito (CPMI) do Instituto Nacional do Seguro Social (INSS). O Planalto foi pego de surpresa quando bolsonaristas conseguiram emplacar o senador Carlos Viana (Podemos-MG) na presid\u00eancia do colegiado.<\/p>\n\n\n\n<p>A avalia\u00e7\u00e3o de integrantes da oposi\u00e7\u00e3o, que articularam pela elei\u00e7\u00e3o dos dois nomes da oposi\u00e7\u00e3o, \u00e9 que a elei\u00e7\u00e3o de Viana \u00e0 presid\u00eancia e do deputado Alfredo Gaspar (Uni\u00e3o-AL) serviu como demonstra\u00e7\u00e3o de for\u00e7a da direita, que estava fragilizada depois da ocupa\u00e7\u00e3o dos plen\u00e1rios em protesto pela pris\u00e3o domiciliar de Bolsonaro, mas tamb\u00e9m dos pr\u00f3prios parlamentares diante do governo.<\/p>\n\n\n\n<p>Apesar disso, o Planalto arrochou a torneira de libera\u00e7\u00e3o de emendas ap\u00f3s sofrer o nocaute. O governo federal segurou o ritmo de pagamento dos recursos parlamentares na quarta-feira (20\/8), dia da abertura do colegiado, e na \u00faltima quinta-feira (22\/8), dia seguinte \u00e0 surpresa na vota\u00e7\u00e3o da presid\u00eancia e relatoria do \u00f3rg\u00e3o.<\/p>\n\n\n\n<p><sub>por Metr\u00f3poles<\/sub><\/p>\n\n\n\n<p><a href=\"https:\/\/www.blogdobg.com.br\/maioria-das-emendas-pagas-por-lula-em-2025-foi-de-anos-anteriores\/#comentarios\"><\/a><\/p>\n\n\n\n<p><a href=\"tg:\/\/msg?text=https%3A%2F%2Fwww.blogdobg.com.br%2Fmaioria-das-emendas-pagas-por-lula-em-2025-foi-de-anos-anteriores%2F%20Maioria%20das%20emendas%20pagas%20por%20Lula%20em%202025%20foi%20de%20anos%20anteriores\"><\/a><\/p>\n\n\n\n<p><\/p>\n","protected":false},"excerpt":{"rendered":"<p>A maioria das emendas pagas pelo governo do presidente Luiz In\u00e1cio Lula da Silva (PT) em 2025 corresponde a transfer\u00eancias relacionadas com anos anteriores. O dado, obtido atrav\u00e9s de levantamento do Metr\u00f3poles com dados do Siga Brasil, ilustra a press\u00e3o que o Executivo tem sofrido para dar vaz\u00e3o \u00e0 verba de deputados e senadores que&#8230;<\/p>\n","protected":false},"author":1,"featured_media":2711,"comment_status":"open","ping_status":"open","sticky":false,"template":"","format":"standard","meta":{"footnotes":""},"categories":[6],"tags":[],"class_list":["post-2710","post","type-post","status-publish","format-standard","has-post-thumbnail","hentry","category-politica"],"_links":{"self":[{"href":"https:\/\/cafecommessias.com.br\/index.php?rest_route=\/wp\/v2\/posts\/2710","targetHints":{"allow":["GET"]}}],"collection":[{"href":"https:\/\/cafecommessias.com.br\/index.php?rest_route=\/wp\/v2\/posts"}],"about":[{"href":"https:\/\/cafecommessias.com.br\/index.php?rest_route=\/wp\/v2\/types\/post"}],"author":[{"embeddable":true,"href":"https:\/\/cafecommessias.com.br\/index.php?rest_route=\/wp\/v2\/users\/1"}],"replies":[{"embeddable":true,"href":"https:\/\/cafecommessias.com.br\/index.php?rest_route=%2Fwp%2Fv2%2Fcomments&post=2710"}],"version-history":[{"count":1,"href":"https:\/\/cafecommessias.com.br\/index.php?rest_route=\/wp\/v2\/posts\/2710\/revisions"}],"predecessor-version":[{"id":2712,"href":"https:\/\/cafecommessias.com.br\/index.php?rest_route=\/wp\/v2\/posts\/2710\/revisions\/2712"}],"wp:featuredmedia":[{"embeddable":true,"href":"https:\/\/cafecommessias.com.br\/index.php?rest_route=\/wp\/v2\/media\/2711"}],"wp:attachment":[{"href":"https:\/\/cafecommessias.com.br\/index.php?rest_route=%2Fwp%2Fv2%2Fmedia&parent=2710"}],"wp:term":[{"taxonomy":"category","embeddable":true,"href":"https:\/\/cafecommessias.com.br\/index.php?rest_route=%2Fwp%2Fv2%2Fcategories&post=2710"},{"taxonomy":"post_tag","embeddable":true,"href":"https:\/\/cafecommessias.com.br\/index.php?rest_route=%2Fwp%2Fv2%2Ftags&post=2710"}],"curies":[{"name":"wp","href":"https:\/\/api.w.org\/{rel}","templated":true}]}}