{"id":2725,"date":"2025-09-03T12:33:39","date_gmt":"2025-09-03T15:33:39","guid":{"rendered":"https:\/\/cafecommessias.com.br\/?p=2725"},"modified":"2025-09-03T12:33:39","modified_gmt":"2025-09-03T15:33:39","slug":"julgamento-do-ex-presidente-bolsonaro-e-retomado-no-stf","status":"publish","type":"post","link":"https:\/\/cafecommessias.com.br\/?p=2725","title":{"rendered":"Julgamento do ex-presidente Bolsonaro \u00e9 retomado no STF"},"content":{"rendered":"\n<p>O Supremo Tribunal Federal (STF) retoma nesta quarta-feira (3) o julgamento do ex-presidente Jair Bolsonaro e de outros sete r\u00e9us acusados de envolvimento na suposta tentativa de golpe de Estado de 8 de janeiro de 2023. Neste segundo dia, a sess\u00e3o tamb\u00e9m est\u00e1 prevista para se estender at\u00e9 \u00e0s 12h.<\/p>\n\n\n\n<p>O caso est\u00e1 sendo analisado pela Primeira Turma do STF, composta pelos ministros Cristiano Zanin (presidente), Alexandre de Moraes (relator), Fl\u00e1vio Dino, Luiz Fux e C\u00e1rmen L\u00facia.<\/p>\n\n\n\n<p>Na abertura do julgamento, foram apresentadas a leitura do relat\u00f3rio de Moraes e as manifesta\u00e7\u00f5es da Procuradoria-Geral da Rep\u00fablica. Tamb\u00e9m tiveram in\u00edcio as sustenta\u00e7\u00f5es das defesas, etapa que ser\u00e1 conclu\u00edda nesta quarta-feira. Depois, o tribunal deve avan\u00e7ar para a fase de votos, com Moraes inaugurando a posi\u00e7\u00e3o dos ministros.<\/p>\n\n\n\n<p><strong>Como foi o primeiro dia de julgamento<\/strong><\/p>\n\n\n\n<p>O primeiro dia foi marcado pela leitura do relat\u00f3rio de Moraes, que resumiu o caso e aproveitou para dar recados duros, pela manifesta\u00e7\u00e3o do procurador-geral Paulo Gonet e pelas sustenta\u00e7\u00f5es das defesas de r\u00e9us como Mauro Cid, Alexandre Ramagem, Almir Garnier e Anderson Torres.<\/p>\n\n\n\n<p>Relator do caso, Moraes defendeu a soberania nacional e disse que a Corte \u201cjamais faltou ou faltar\u00e1\u201d com a coragem para repudiar agress\u00f5es ao Estado Democr\u00e1tico de Direito diante da \u201ccovarde e trai\u00e7oeira\u201d tentativa de interferir no julgamento \u2013 recado que mirou Jair Bolsonaro e o deputado Eduardo Bolsonaro (PL-SP), acusados de articular press\u00e3o internacional contra o Supremo.<\/p>\n\n\n\n<p>Na acusa\u00e7\u00e3o, Gonet apresentou um parecer t\u00e9cnico, mas contundente. Ressaltou que os fatos descritos pela PGR n\u00e3o s\u00e3o isolados, mas partes de uma trama para manter Bolsonaro no poder, e alertou que deixar de reprimir tentativas golpistas significa favorecer modelos autorit\u00e1rios dentro e fora do Brasil<\/p>\n\n\n\n<p>As defesas, por sua vez, n\u00e3o trouxeram novidades e repetiram pontos j\u00e1 levantados nas alega\u00e7\u00f5es finais.<\/p>\n\n\n\n<p><sub>por Tribuna do Norte<\/sub><\/p>\n","protected":false},"excerpt":{"rendered":"<p>O Supremo Tribunal Federal (STF) retoma nesta quarta-feira (3) o julgamento do ex-presidente Jair Bolsonaro e de outros sete r\u00e9us acusados de envolvimento na suposta tentativa de golpe de Estado de 8 de janeiro de 2023. Neste segundo dia, a sess\u00e3o tamb\u00e9m est\u00e1 prevista para se estender at\u00e9 \u00e0s 12h. O caso est\u00e1 sendo analisado&#8230;<\/p>\n","protected":false},"author":1,"featured_media":2726,"comment_status":"open","ping_status":"open","sticky":false,"template":"","format":"standard","meta":{"footnotes":""},"categories":[3],"tags":[],"class_list":["post-2725","post","type-post","status-publish","format-standard","has-post-thumbnail","hentry","category-geral"],"_links":{"self":[{"href":"https:\/\/cafecommessias.com.br\/index.php?rest_route=\/wp\/v2\/posts\/2725","targetHints":{"allow":["GET"]}}],"collection":[{"href":"https:\/\/cafecommessias.com.br\/index.php?rest_route=\/wp\/v2\/posts"}],"about":[{"href":"https:\/\/cafecommessias.com.br\/index.php?rest_route=\/wp\/v2\/types\/post"}],"author":[{"embeddable":true,"href":"https:\/\/cafecommessias.com.br\/index.php?rest_route=\/wp\/v2\/users\/1"}],"replies":[{"embeddable":true,"href":"https:\/\/cafecommessias.com.br\/index.php?rest_route=%2Fwp%2Fv2%2Fcomments&post=2725"}],"version-history":[{"count":1,"href":"https:\/\/cafecommessias.com.br\/index.php?rest_route=\/wp\/v2\/posts\/2725\/revisions"}],"predecessor-version":[{"id":2727,"href":"https:\/\/cafecommessias.com.br\/index.php?rest_route=\/wp\/v2\/posts\/2725\/revisions\/2727"}],"wp:featuredmedia":[{"embeddable":true,"href":"https:\/\/cafecommessias.com.br\/index.php?rest_route=\/wp\/v2\/media\/2726"}],"wp:attachment":[{"href":"https:\/\/cafecommessias.com.br\/index.php?rest_route=%2Fwp%2Fv2%2Fmedia&parent=2725"}],"wp:term":[{"taxonomy":"category","embeddable":true,"href":"https:\/\/cafecommessias.com.br\/index.php?rest_route=%2Fwp%2Fv2%2Fcategories&post=2725"},{"taxonomy":"post_tag","embeddable":true,"href":"https:\/\/cafecommessias.com.br\/index.php?rest_route=%2Fwp%2Fv2%2Ftags&post=2725"}],"curies":[{"name":"wp","href":"https:\/\/api.w.org\/{rel}","templated":true}]}}