{"id":2774,"date":"2025-09-04T13:56:21","date_gmt":"2025-09-04T16:56:21","guid":{"rendered":"https:\/\/cafecommessias.com.br\/?p=2774"},"modified":"2025-09-04T13:56:22","modified_gmt":"2025-09-04T16:56:22","slug":"governo-aposta-em-alcolumbre-para-barrar-anistia-a-bolsonaro-no-senado","status":"publish","type":"post","link":"https:\/\/cafecommessias.com.br\/?p=2774","title":{"rendered":"Governo aposta em Alcolumbre para barrar anistia a Bolsonaro no Senado"},"content":{"rendered":"\n<p>Avalia\u00e7\u00e3o \u00e9 de que Alcolumbre reflete a posi\u00e7\u00e3o da maioria dos senadores<\/p>\n\n\n\n<p>O Pal\u00e1cio do Planalto v\u00ea no presidente do\u00a0Senado, Davi Alcolumbre (Uni\u00e3o-AP), a principal pe\u00e7a para conter o avan\u00e7o do\u00a0projeto de anistia\u00a0que pode beneficiar o ex-presidente Jair Bolsonaro (PL).<\/p>\n\n\n\n<p>Enquanto na C\u00e2mara dos Deputados a aprova\u00e7\u00e3o do texto \u00e9 tratada como uma possibilidade concreta \u2014 com articula\u00e7\u00f5es lideradas pelo presidente da Casa, Hugo Motta (Republicanos-PB), em di\u00e1logo com nomes da direita como o governador de S\u00e3o Paulo, Tarc\u00edsio de Freitas (Republicanos) \u2014, o governo aposta que a proposta enfrentar\u00e1 resist\u00eancia no Senado.<\/p>\n\n\n\n<p>A avalia\u00e7\u00e3o \u00e9 de que Alcolumbre reflete a posi\u00e7\u00e3o da maioria dos senadores e n\u00e3o apoiaria uma anistia \u201campla, geral e irrestrita\u201d, defendida pela oposi\u00e7\u00e3o. O senador, no entanto, admite discutir alternativas que diferenciem organizadores e financiadores dos atos golpistas de 8 de janeiro dos participantes de menor envolvimento, diante de penas consideradas excessivas.<\/p>\n\n\n\n<p>A movimenta\u00e7\u00e3o da oposi\u00e7\u00e3o se intensificou nos \u00faltimos dias, em meio ao julgamento de Bolsonaro no Supremo Tribunal Federal (STF) e \u00e0s articula\u00e7\u00f5es da direita com foco em 2026, quando Tarc\u00edsio de Freitas \u00e9 visto pelo PT como o nome mais competitivo contra o projeto de reelei\u00e7\u00e3o do presidente Luiz In\u00e1cio Lula da Silva (PT).<\/p>\n\n\n\n<p><sub>por Agora RN<\/sub><\/p>\n\n\n\n<p><\/p>\n","protected":false},"excerpt":{"rendered":"<p>Avalia\u00e7\u00e3o \u00e9 de que Alcolumbre reflete a posi\u00e7\u00e3o da maioria dos senadores O Pal\u00e1cio do Planalto v\u00ea no presidente do\u00a0Senado, Davi Alcolumbre (Uni\u00e3o-AP), a principal pe\u00e7a para conter o avan\u00e7o do\u00a0projeto de anistia\u00a0que pode beneficiar o ex-presidente Jair Bolsonaro (PL). Enquanto na C\u00e2mara dos Deputados a aprova\u00e7\u00e3o do texto \u00e9 tratada como uma possibilidade concreta&#8230;<\/p>\n","protected":false},"author":1,"featured_media":2775,"comment_status":"open","ping_status":"open","sticky":false,"template":"","format":"standard","meta":{"footnotes":""},"categories":[6],"tags":[],"class_list":["post-2774","post","type-post","status-publish","format-standard","has-post-thumbnail","hentry","category-politica"],"_links":{"self":[{"href":"https:\/\/cafecommessias.com.br\/index.php?rest_route=\/wp\/v2\/posts\/2774","targetHints":{"allow":["GET"]}}],"collection":[{"href":"https:\/\/cafecommessias.com.br\/index.php?rest_route=\/wp\/v2\/posts"}],"about":[{"href":"https:\/\/cafecommessias.com.br\/index.php?rest_route=\/wp\/v2\/types\/post"}],"author":[{"embeddable":true,"href":"https:\/\/cafecommessias.com.br\/index.php?rest_route=\/wp\/v2\/users\/1"}],"replies":[{"embeddable":true,"href":"https:\/\/cafecommessias.com.br\/index.php?rest_route=%2Fwp%2Fv2%2Fcomments&post=2774"}],"version-history":[{"count":1,"href":"https:\/\/cafecommessias.com.br\/index.php?rest_route=\/wp\/v2\/posts\/2774\/revisions"}],"predecessor-version":[{"id":2776,"href":"https:\/\/cafecommessias.com.br\/index.php?rest_route=\/wp\/v2\/posts\/2774\/revisions\/2776"}],"wp:featuredmedia":[{"embeddable":true,"href":"https:\/\/cafecommessias.com.br\/index.php?rest_route=\/wp\/v2\/media\/2775"}],"wp:attachment":[{"href":"https:\/\/cafecommessias.com.br\/index.php?rest_route=%2Fwp%2Fv2%2Fmedia&parent=2774"}],"wp:term":[{"taxonomy":"category","embeddable":true,"href":"https:\/\/cafecommessias.com.br\/index.php?rest_route=%2Fwp%2Fv2%2Fcategories&post=2774"},{"taxonomy":"post_tag","embeddable":true,"href":"https:\/\/cafecommessias.com.br\/index.php?rest_route=%2Fwp%2Fv2%2Ftags&post=2774"}],"curies":[{"name":"wp","href":"https:\/\/api.w.org\/{rel}","templated":true}]}}