{"id":2777,"date":"2025-09-04T14:00:12","date_gmt":"2025-09-04T17:00:12","guid":{"rendered":"https:\/\/cafecommessias.com.br\/?p=2777"},"modified":"2025-09-04T14:00:13","modified_gmt":"2025-09-04T17:00:13","slug":"abertura-de-postos-de-saude-a-noite-vai-desafogar-upa-de-assu-destaca-prefeito","status":"publish","type":"post","link":"https:\/\/cafecommessias.com.br\/?p=2777","title":{"rendered":"Abertura de postos de sa\u00fade \u00e0 noite vai desafogar UPA de Ass\u00fa, destaca prefeito"},"content":{"rendered":"\n<p>Prefeitura iniciou projeto para abrir Unidades B\u00e1sicas de Sa\u00fade em hor\u00e1rio estendido, ampliando aten\u00e7\u00e3o prim\u00e1ria<\/p>\n\n\n\n<p>O prefeito de Ass\u00fa, Lula Soares (Republicanos), afirmou que as melhorias implementadas na aten\u00e7\u00e3o b\u00e1sica v\u00e3o aliviar a demanda por\u00a0atendimentos de urg\u00eancia. De acordo com ele, a iniciativa de abrir Unidades B\u00e1sicas de Sa\u00fade (UBS) em hor\u00e1rio estendido, por exemplo, vai desafogar a Unidade de Pronto Atendimento (UPA) da cidade.<\/p>\n\n\n\n<p>\u201cVai melhorar os nossos indicadores de sa\u00fade. Vai melhorar o nosso atendimento, aumentar a nossa cobertura de atendimento. Eu fico muito feliz com esses programas que n\u00f3s lan\u00e7amos, com essa aten\u00e7\u00e3o que n\u00f3s damos, porque eu participei da reconstru\u00e7\u00e3o da sa\u00fade de Ass\u00fa\u201d, disse, durante entrevista \u00e0 r\u00e1dio Princesa FM.<\/p>\n\n\n\n<p>Ele explicou que muitas vezes os pacientes procuram a UPA por problemas que poderiam ser resolvidos na aten\u00e7\u00e3o prim\u00e1ria. \u201cEssas pessoas s\u00f3 podiam ir na UPA. \u00c0s vezes nem \u00e9 o caso de necessitar ir \u00e0 UPA naquele momento. \u00c0s vezes, est\u00e1 precisando s\u00f3 da aten\u00e7\u00e3o prim\u00e1ria. 70% dos problemas de sa\u00fade podem ser resolvidos em um atendimento prim\u00e1rio, como agora est\u00e1 sendo ofertado no hor\u00e1rio da noite. Isso deixa muito feliz, diria realizado\u201d, enfatizou Lula.<\/p>\n\n\n\n<p>O prefeito lan\u00e7ou nesta semana o programa Mais Sa\u00fade na Comunidade, que amplia o atendimento noturno nas Unidades B\u00e1sicas de Sa\u00fade. \u201cN\u00f3s estamos ofertando esse servi\u00e7o oportunizando que as pessoas possam ser atendidas num hor\u00e1rio estendido atrav\u00e9s de agendamento com os agentes de sa\u00fade e sempre pensando na melhor qualidade de aten\u00e7\u00e3o b\u00e1sica, de aten\u00e7\u00e3o prim\u00e1ria para os nossos a\u00e7uenses\u201d, explicou.<\/p>\n\n\n\n<p>Segundo Lula, a iniciativa come\u00e7ou no bairro Vertentes e ser\u00e1 expandida. \u201cO projeto que foi um compromisso cumprido. Gra\u00e7as a Deus, estamos conseguindo manter e vamos ampliar. Tem outras unidades que est\u00e3o na programa\u00e7\u00e3o, inclusive uma comunidade rural, para que possamos garantir esse atendimento para os nossos assuenses que trabalham o dia todo e garantir esse atendimento \u00e0 noite.\u201d<\/p>\n\n\n\n<p>O prefeito, que foi secret\u00e1rio de Sa\u00fade na gest\u00e3o anterior, relembrou as dificuldades enfrentadas antes da atual administra\u00e7\u00e3o. \u201cEm 2017, as UBS porte 1 e porte dois estavam abandonadas. A UPA com obra abandonada. E n\u00f3s, al\u00e9m de garantirmos a constru\u00e7\u00e3o, a finaliza\u00e7\u00e3o, a inaugura\u00e7\u00e3o, e o atendimento, que \u00e9 o custeio, agora podermos ampliar esse atendimento a um hor\u00e1rio noturno. Eu fico muito feliz porque estamos atingindo outro p\u00fablico.\u201d<\/p>\n\n\n\n<p>Lula Soares citou outros investimentos e defendeu a abertura da UPA como fundamental para reorganizar a rede. \u201cNa hora que o pronto-socorro saiu e se abriu a UPA, o hospital p\u00f4de ser reformado, receber um investimento de R$ 15 milh\u00f5es. Hoje, n\u00f3s temos cirurgias ortop\u00e9dicas em Ass\u00fa. Quem diria isso l\u00e1 atr\u00e1s?\u201d<\/p>\n\n\n\n<p>Ele refor\u00e7ou a import\u00e2ncia da descentraliza\u00e7\u00e3o. \u201cEu sou um entusiasta da descentraliza\u00e7\u00e3o. Nada mais justo que a aten\u00e7\u00e3o b\u00e1sica se descentralizar do centro da cidade para as comunidades, para os bairros, e que \u00e9 isso que esse programa oferta. Quantas vezes eu estive durante a minha caminhada, o ano passado, na v\u00e1rzea, e as pessoas dizendo que, para poder chegar \u00e0 UPA, se gastava R$ 50, R$ 60. Para quem ganha o Bolsa Fam\u00edlia, isso faz falta no final do m\u00eas. Por isso que \u00e9 importante essa descentraliza\u00e7\u00e3o.\u201d<\/p>\n\n\n\n<h4 class=\"wp-block-heading\">Novos servi\u00e7os e equipamentos<\/h4>\n\n\n\n<p>O prefeito destacou ainda novos servi\u00e7os dispon\u00edveis em Ass\u00fa, a partir da a\u00e7\u00e3o e articula\u00e7\u00e3o da Prefeitura. Ele citou a abertura da Cl\u00ednica Equilibrium na cidade, que oferece servi\u00e7os como tomografia, em parceria com o SUS. \u201cQuando os propriet\u00e1rios nos procuraram, esse tom\u00f3grafo seria em outra cidade. Eu disse: \u2018N\u00e3o, eu acho que Ass\u00fa j\u00e1 comporta\u2019. Eu disse: \u2018Traga para c\u00e1, que eu garanto que eu vou com voc\u00ea de prefeito em prefeito e a gente consegue\u2019. E assim foi feito. Vai diminuir a nossa quantidade de carros viajando\u201d, disse Lula Soares, sobre a parceria da cl\u00ednica com a Associa\u00e7\u00e3o dos Munic\u00edpios da Regi\u00e3o Central e Vale do A\u00e7u (Amcevale).<\/p>\n\n\n\n<p>Ele tamb\u00e9m falou da chegada da oncologia. \u201cA Liga contra o C\u00e2ncer, quando abrir, as pessoas que fazem tratamento oncol\u00f3gico, que precisavam se deslocar para Natal, para Mossor\u00f3, vai ser feito aqui.\u201d<\/p>\n\n\n\n<p>Outro avan\u00e7o destacado foi a possibilidade de criar uma barreira ortop\u00e9dica no hospital regional. \u201cVoc\u00ea j\u00e1 imaginou, quem sofrer acidente em Ass\u00fa, de pequeno porte, n\u00e3o precisa ir a Mossor\u00f3, n\u00e3o precisa ficar internado em Mossor\u00f3? J\u00e1 fica internado aqui em Ass\u00fa e na mesma semana ser operado? J\u00e1 pensou que ganho \u00e9 isso para a popula\u00e7\u00e3o de Ass\u00fa?\u201d<\/p>\n\n\n\n<p>Lula ressaltou ainda o uso da tecnologia como ferramenta de inova\u00e7\u00e3o na sa\u00fade. Ele enfatizou que Ass\u00fa j\u00e1 disp\u00f5e, h\u00e1 tr\u00eas meses, de teleconsulta. J\u00e1 foram atendidas mais de 20 pessoas. \u201cCom profissionais qualificados de S\u00e3o Paulo, atrav\u00e9s do Hospital Moinhos de Vento. Isso \u00e9 uma novidade muito importante. Investir na transforma\u00e7\u00e3o digital tamb\u00e9m \u00e9 um compromisso da gest\u00e3o do nosso prefeito\u201d, disse Viviane Lima, secret\u00e1ria de Sa\u00fade, que tamb\u00e9m participou da entrevista.<\/p>\n\n\n\n<h4 class=\"wp-block-heading\">Avalia\u00e7\u00e3o da gest\u00e3o<\/h4>\n\n\n\n<p>Ao fazer um balan\u00e7o, Lula ressaltou a prioridade em sa\u00fade e assist\u00eancia. \u201cSempre pensando, buscando o melhor para a nossa cidade. \u00c9 a fun\u00e7\u00e3o que o povo do Ass\u00fa me concedeu, essa confian\u00e7a\u201d, declarou.<\/p>\n\n\n\n<p>Ele concluiu destacando o compromisso da gest\u00e3o. \u201cMuitas vezes as pessoas acham que, ao abrir um servi\u00e7o, vai gerar uma despesa. N\u00e3o, isso vai gerar um investimento. Agora, tudo isso com planejamento, com cuidado, entendendo o que est\u00e1 fazendo. Estamos muito felizes com esses primeiros resultados, que ainda tem muita coisa, tem muito Ass\u00fa pra avan\u00e7ar ainda.\u201d<\/p>\n\n\n\n<p><sub>por Agora RN<\/sub><\/p>\n","protected":false},"excerpt":{"rendered":"<p>Prefeitura iniciou projeto para abrir Unidades B\u00e1sicas de Sa\u00fade em hor\u00e1rio estendido, ampliando aten\u00e7\u00e3o prim\u00e1ria O prefeito de Ass\u00fa, Lula Soares (Republicanos), afirmou que as melhorias implementadas na aten\u00e7\u00e3o b\u00e1sica v\u00e3o aliviar a demanda por\u00a0atendimentos de urg\u00eancia. De acordo com ele, a iniciativa de abrir Unidades B\u00e1sicas de Sa\u00fade (UBS) em hor\u00e1rio estendido, por exemplo,&#8230;<\/p>\n","protected":false},"author":1,"featured_media":2778,"comment_status":"open","ping_status":"open","sticky":false,"template":"","format":"standard","meta":{"footnotes":""},"categories":[1],"tags":[],"class_list":["post-2777","post","type-post","status-publish","format-standard","has-post-thumbnail","hentry","category-saude"],"_links":{"self":[{"href":"https:\/\/cafecommessias.com.br\/index.php?rest_route=\/wp\/v2\/posts\/2777","targetHints":{"allow":["GET"]}}],"collection":[{"href":"https:\/\/cafecommessias.com.br\/index.php?rest_route=\/wp\/v2\/posts"}],"about":[{"href":"https:\/\/cafecommessias.com.br\/index.php?rest_route=\/wp\/v2\/types\/post"}],"author":[{"embeddable":true,"href":"https:\/\/cafecommessias.com.br\/index.php?rest_route=\/wp\/v2\/users\/1"}],"replies":[{"embeddable":true,"href":"https:\/\/cafecommessias.com.br\/index.php?rest_route=%2Fwp%2Fv2%2Fcomments&post=2777"}],"version-history":[{"count":1,"href":"https:\/\/cafecommessias.com.br\/index.php?rest_route=\/wp\/v2\/posts\/2777\/revisions"}],"predecessor-version":[{"id":2779,"href":"https:\/\/cafecommessias.com.br\/index.php?rest_route=\/wp\/v2\/posts\/2777\/revisions\/2779"}],"wp:featuredmedia":[{"embeddable":true,"href":"https:\/\/cafecommessias.com.br\/index.php?rest_route=\/wp\/v2\/media\/2778"}],"wp:attachment":[{"href":"https:\/\/cafecommessias.com.br\/index.php?rest_route=%2Fwp%2Fv2%2Fmedia&parent=2777"}],"wp:term":[{"taxonomy":"category","embeddable":true,"href":"https:\/\/cafecommessias.com.br\/index.php?rest_route=%2Fwp%2Fv2%2Fcategories&post=2777"},{"taxonomy":"post_tag","embeddable":true,"href":"https:\/\/cafecommessias.com.br\/index.php?rest_route=%2Fwp%2Fv2%2Ftags&post=2777"}],"curies":[{"name":"wp","href":"https:\/\/api.w.org\/{rel}","templated":true}]}}