{"id":2791,"date":"2025-09-05T10:53:38","date_gmt":"2025-09-05T13:53:38","guid":{"rendered":"https:\/\/cafecommessias.com.br\/?p=2791"},"modified":"2025-09-05T10:53:38","modified_gmt":"2025-09-05T13:53:38","slug":"hospital-varela-santiago-cancela-cirurgias-em-meio-a-greve-dos-medicos-de-natal","status":"publish","type":"post","link":"https:\/\/cafecommessias.com.br\/?p=2791","title":{"rendered":"Hospital Varela Santiago cancela cirurgias em meio \u00e0 greve dos m\u00e9dicos de Natal"},"content":{"rendered":"\n<p>Segundo a dire\u00e7\u00e3o da unidade at\u00e9 o momento nenhum cirurgi\u00e3o pedi\u00e1trico das empresas contratadas se apresentou para realizar os atendimentos<\/p>\n\n\n\n<p>O\u00a0Hospital Infantil Varela Santiago, em Natal, informou nesta quinta-feira 4 que n\u00e3o houve avan\u00e7o na retomada das cirurgias eletivas, contrariando informa\u00e7\u00f5es divulgadas anteriormente. De acordo com unidade, desde a ter\u00e7a-feira 2 procedimentos cir\u00fargicos precisaram ser cancelados.<\/p>\n\n\n\n<p>Conforme o hospital, foram 72 cirurgias suspensas at\u00e9 a manh\u00e3 desta sexta-feira 5, at\u00e9 a \u00faltima atualiza\u00e7\u00e3o deste texto.<\/p>\n\n\n\n<p>Segundo a dire\u00e7\u00e3o, o contrato do hospital \u00e9 com as Secretarias Municipal e Estadual de Sa\u00fade, e at\u00e9 o momento nenhum cirurgi\u00e3o pedi\u00e1trico das empresas contratadas se apresentou para realizar os atendimentos.<\/p>\n\n\n\n<p>O hospital segue em busca de solu\u00e7\u00f5es junto \u00e0s autoridades competentes para restabelecer a normalidade dos procedimentos cir\u00fargicos o quanto antes, garantindo a qualidade do atendimento \u00e0s crian\u00e7as e adolescentes.<\/p>\n\n\n\n<h2 class=\"wp-block-heading\">N\u00famero de procedimentos cancelados<\/h2>\n\n\n\n<p>Ter\u00e7a \u2013 26<br>Quarta \u2013 13<br>Quinta \u2013 12<br>Sexta \u2013 21<\/p>\n\n\n\n<h2 class=\"wp-block-heading\">Entenda<\/h2>\n\n\n\n<p>Uma greve dos m\u00e9dicos foi iniciada no dia 1\u00ba de setembro, ap\u00f3s aprova\u00e7\u00e3o em assembleia do\u00a0Sindicato dos M\u00e9dicos\u00a0do Rio Grande do Norte (Sinmed\u2011RN). O movimento ocorre em protesto contra a substitui\u00e7\u00e3o da Cooperativa M\u00e9dica do RN (Coopmed\u2011RN) por duas empresas terceirizadas \u2014 Justiz e Proseg \u2014 em um processo de dispensa de licita\u00e7\u00e3o estimado em R$\u202f208 milh\u00f5es para um ano de presta\u00e7\u00e3o de servi\u00e7os.<\/p>\n\n\n\n<p>O Sinmed-RN alega que os contratos fechados com a Justiz e a Proseg s\u00e3o ilegais e tem orientado m\u00e9dicos a n\u00e3o trabalharem para as novas empresas \u2013 que tentam absorver os profissionais da Coopmed nos novos contratos.<\/p>\n\n\n\n<p>A Prefeitura do Natal obteve aval judicial em segunda inst\u00e2ncia para seguir com a contrata\u00e7\u00e3o dessas empresas, ap\u00f3s questionamentos judiciais e pedido de republica\u00e7\u00e3o do edital.<\/p>\n\n\n\n<p>A Secretaria Municipal de Sa\u00fade condena a greve e acusa o Sinmed\u2011RN de promover um \u201cmovimento irrespons\u00e1vel\u201d que exerce \u201ccoa\u00e7\u00e3o\u201d sobre m\u00e9dicos dispostos a migrar para os novos contratos, prejudicando o atendimento ao cidad\u00e3o.<\/p>\n\n\n\n<p>Segundo o secret\u00e1rio Geraldo Pinho, os m\u00e9dicos est\u00e3o sendo amea\u00e7ados com eventuais retalia\u00e7\u00f5es junto ao Conselho Regional de Medicina (Cremern) caso interrompam a paralisa\u00e7\u00e3o.<\/p>\n\n\n\n<p>A Prefeitura tamb\u00e9m ressalta que a formaliza\u00e7\u00e3o dos novos contratos corrige a precariedade jur\u00eddica da Coopmed, que atuava sem contrato formal desde junho de 2023.<\/p>\n\n\n\n<p><sub>por Agora RN<\/sub><\/p>\n\n\n\n<p><\/p>\n","protected":false},"excerpt":{"rendered":"<p>Segundo a dire\u00e7\u00e3o da unidade at\u00e9 o momento nenhum cirurgi\u00e3o pedi\u00e1trico das empresas contratadas se apresentou para realizar os atendimentos O\u00a0Hospital Infantil Varela Santiago, em Natal, informou nesta quinta-feira 4 que n\u00e3o houve avan\u00e7o na retomada das cirurgias eletivas, contrariando informa\u00e7\u00f5es divulgadas anteriormente. De acordo com unidade, desde a ter\u00e7a-feira 2 procedimentos cir\u00fargicos precisaram ser&#8230;<\/p>\n","protected":false},"author":1,"featured_media":2792,"comment_status":"open","ping_status":"open","sticky":false,"template":"","format":"standard","meta":{"footnotes":""},"categories":[1],"tags":[],"class_list":["post-2791","post","type-post","status-publish","format-standard","has-post-thumbnail","hentry","category-saude"],"_links":{"self":[{"href":"https:\/\/cafecommessias.com.br\/index.php?rest_route=\/wp\/v2\/posts\/2791","targetHints":{"allow":["GET"]}}],"collection":[{"href":"https:\/\/cafecommessias.com.br\/index.php?rest_route=\/wp\/v2\/posts"}],"about":[{"href":"https:\/\/cafecommessias.com.br\/index.php?rest_route=\/wp\/v2\/types\/post"}],"author":[{"embeddable":true,"href":"https:\/\/cafecommessias.com.br\/index.php?rest_route=\/wp\/v2\/users\/1"}],"replies":[{"embeddable":true,"href":"https:\/\/cafecommessias.com.br\/index.php?rest_route=%2Fwp%2Fv2%2Fcomments&post=2791"}],"version-history":[{"count":1,"href":"https:\/\/cafecommessias.com.br\/index.php?rest_route=\/wp\/v2\/posts\/2791\/revisions"}],"predecessor-version":[{"id":2793,"href":"https:\/\/cafecommessias.com.br\/index.php?rest_route=\/wp\/v2\/posts\/2791\/revisions\/2793"}],"wp:featuredmedia":[{"embeddable":true,"href":"https:\/\/cafecommessias.com.br\/index.php?rest_route=\/wp\/v2\/media\/2792"}],"wp:attachment":[{"href":"https:\/\/cafecommessias.com.br\/index.php?rest_route=%2Fwp%2Fv2%2Fmedia&parent=2791"}],"wp:term":[{"taxonomy":"category","embeddable":true,"href":"https:\/\/cafecommessias.com.br\/index.php?rest_route=%2Fwp%2Fv2%2Fcategories&post=2791"},{"taxonomy":"post_tag","embeddable":true,"href":"https:\/\/cafecommessias.com.br\/index.php?rest_route=%2Fwp%2Fv2%2Ftags&post=2791"}],"curies":[{"name":"wp","href":"https:\/\/api.w.org\/{rel}","templated":true}]}}