{"id":2797,"date":"2025-09-05T13:08:36","date_gmt":"2025-09-05T16:08:36","guid":{"rendered":"https:\/\/cafecommessias.com.br\/?p=2797"},"modified":"2025-09-05T13:09:15","modified_gmt":"2025-09-05T16:09:15","slug":"hamas-divulga-video-com-refens-israelenses-circulando-de-carro-pela-faixa-de-gaza","status":"publish","type":"post","link":"https:\/\/cafecommessias.com.br\/?p=2797","title":{"rendered":"Hamas divulga v\u00eddeo com ref\u00e9ns israelenses circulando de carro pela Faixa de Gaza"},"content":{"rendered":"\n<p>Grupo terrorista costuma utilizar imagens de ref\u00e9ns debilitados como instrumento de press\u00e3o contra o governo Netanyahu. Guerra entre Israel e Hamas em Gaza completa 700 dias nesta sexta (5).<\/p>\n\n\n\n<p>O grupo terrorista\u00a0Hamas\u00a0divulgou nesta sexta-feira (5) um v\u00eddeo que mostra\u00a0dois ref\u00e9ns israelenses debilitados dentro de um carro na\u00a0Faixa de Gaza.<\/p>\n\n\n\n<p>Identificados como Guy Gilboa Dalal e Alon Ohel, os dois foram sequestrados pelo\u00a0Hamas\u00a0durante o ataque dos terroristas a\u00a0Israel\u00a0em 7 de outubro de 2023. A guerra entre\u00a0Israel\u00a0e o\u00a0Hamas\u00a0completou\u00a0<strong>700 dias<\/strong>\u00a0nesta sexta.<\/p>\n\n\n\n<p>As imagens mostram primeiro Guy Dalal sentado\u00a0<strong>no banco traseiro de um ve\u00edculo em movimento que circula em uma \u00e1rea de edif\u00edcios destru\u00eddos\u00a0<\/strong>\u2014 uma checagem da rede CNN Internacional constatou que o local \u00e9 a\u00a0Cidade de Gaza.<\/p>\n\n\n\n<p>Com apar\u00eancia cansada e bem mais magro do que em fotos divulgadas por sua fam\u00edlia de antes do sequestro (<strong><em>veja acima<\/em><\/strong>), o ref\u00e9m diz no v\u00eddeo achar que ele e outros oito israelenses s\u00e3o mantidos ref\u00e9ns est\u00e3o na cidade \u2014 onde o\u00a0Ex\u00e9rcito de Israel lan\u00e7ou uma nova ofensiva nesta sexta.<\/p>\n\n\n\n<blockquote class=\"wp-block-quote is-layout-flow wp-block-quote-is-layout-flow\">\n<p>&#8220;Eu n\u00e3o consigo acreditar na minha vida nesses \u00faltimos 22 meses (nos quais vem sendo feito ref\u00e9m)&#8221;, diz Dalal no v\u00eddeo. &#8220;\u00c9 muito dif\u00edcil. N\u00e3o h\u00e1 comida, g\u00e1s, \u00e1gua ou eletricidade. Eu, o resto de prisioneiros e mais 2 milh\u00f5es de pessoas em Gaza passamos por isso todos os dias&#8221;.<\/p>\n<\/blockquote>\n\n\n\n<p>Ele afirma ainda temer ser morto pelos ataques e pede ao primeiro-ministro israelense,\u00a0Benjamin Netanyahu, interrompa os ataques na\u00a0Cidade de Gaza\u00a0\u2014 o grupo terrorista costuma utilizar imagens de ref\u00e9ns debilitados e dizendo mensagens ditadas a eles como instrumento de press\u00e3o contra o governo Netanyahu.<\/p>\n\n\n\n<p>Enquanto fala, o israelense \u00e9 gravado por uma pessoa que aparenta estar sentada no banco da frente do autom\u00f3vel. Nem o cinegrafista nem o motorista podem ser vistos no v\u00eddeo.<\/p>\n\n\n\n<p>Segundo a imprensa israelense, a fam\u00edlia de Ohel, que aparece pouco, confirmou que \u00e9 ele quem aparece no final do v\u00eddeo.<\/p>\n\n\n\n<p>Na postagem em que divulgou o v\u00eddeo em seu canal de Telegram, o grupo terrorista escreveu: &#8220;O tempo est\u00e1 acabando&#8221;.<\/p>\n\n\n\n<p>O jornal &#8220;Times of\u00a0Israel&#8221; afirma que Guy Gilboa Dalal estava no festival de m\u00fasica Nova no sul de\u00a0Israel\u00a0quando foi sequestrado pelos terroristas na manh\u00e3 de 7 de outubro de 2023. No v\u00eddeo, Dalal diz tamb\u00e9m que as imagens est\u00e3o sendo capturadas em dia 28 de agosto de 2025. As ag\u00eancias de not\u00edcias Reuters e AFP disseram n\u00e3o ter sido poss\u00edvel checar a data.<\/p>\n\n\n\n<p>Em fevereiro, durante a tr\u00e9gua com\u00a0Israel, o israelense j\u00e1 havia aparecido em outro v\u00eddeo divulgado pelo\u00a0Hamas\u00a0em que assiste a uma cerim\u00f4nia de liberta\u00e7\u00e3o de ref\u00e9ns.<\/p>\n\n\n\n<h2 class=\"wp-block-heading\">700 dias de guerra<\/h2>\n\n\n\n<p>Na data, o\u00a0Hamas\u00a0matou mais de 1.200 pessoas e sequestrou outras 250 em um ataque terrorista sem precedentes \u2014 a\u00a0<strong>guerra entre\u00a0Israel\u00a0e o grupo palestino completa 700 dias nesta sexta<\/strong>.<\/p>\n\n\n\n<p>Das 251 pessoas sequestradas em 7 de outubro de 2023,&nbsp;<strong>47 permanecem em cativeiro em Gaza<\/strong>, incluindo 25 que, segundo o Ex\u00e9rcito, est\u00e3o mortas.<\/p>\n\n\n\n<p>Desde o in\u00edcio da guerra, duas tr\u00e9guas entre\u00a0Israel\u00a0e o grupo terrorista permitiram a liberta\u00e7\u00e3o de ref\u00e9ns.<\/p>\n\n\n\n<p>Um primeiro grupo deles foi libertado na tr\u00e9gua de novembro de 2023. Em janeiro deste ano, os dois lados anunciaram um cessar-fogo no qual o\u00a0Hamas\u00a0libertou outros 33 ref\u00e9ns.<\/p>\n\n\n\n<p>Em troca, quase 1.800 palestinos detidos em pris\u00f5es israelenses foram colocados em liberdade.<\/p>\n\n\n\n<p><sub>Por: G1<\/sub><\/p>\n\n\n\n<p><\/p>\n","protected":false},"excerpt":{"rendered":"<p>Grupo terrorista costuma utilizar imagens de ref\u00e9ns debilitados como instrumento de press\u00e3o contra o governo Netanyahu. Guerra entre Israel e Hamas em Gaza completa 700 dias nesta sexta (5). O grupo terrorista\u00a0Hamas\u00a0divulgou nesta sexta-feira (5) um v\u00eddeo que mostra\u00a0dois ref\u00e9ns israelenses debilitados dentro de um carro na\u00a0Faixa de Gaza. Identificados como Guy Gilboa Dalal e&#8230;<\/p>\n","protected":false},"author":1,"featured_media":2798,"comment_status":"closed","ping_status":"closed","sticky":false,"template":"","format":"standard","meta":{"footnotes":""},"categories":[3],"tags":[],"class_list":["post-2797","post","type-post","status-publish","format-standard","has-post-thumbnail","hentry","category-geral"],"_links":{"self":[{"href":"https:\/\/cafecommessias.com.br\/index.php?rest_route=\/wp\/v2\/posts\/2797","targetHints":{"allow":["GET"]}}],"collection":[{"href":"https:\/\/cafecommessias.com.br\/index.php?rest_route=\/wp\/v2\/posts"}],"about":[{"href":"https:\/\/cafecommessias.com.br\/index.php?rest_route=\/wp\/v2\/types\/post"}],"author":[{"embeddable":true,"href":"https:\/\/cafecommessias.com.br\/index.php?rest_route=\/wp\/v2\/users\/1"}],"replies":[{"embeddable":true,"href":"https:\/\/cafecommessias.com.br\/index.php?rest_route=%2Fwp%2Fv2%2Fcomments&post=2797"}],"version-history":[{"count":1,"href":"https:\/\/cafecommessias.com.br\/index.php?rest_route=\/wp\/v2\/posts\/2797\/revisions"}],"predecessor-version":[{"id":2799,"href":"https:\/\/cafecommessias.com.br\/index.php?rest_route=\/wp\/v2\/posts\/2797\/revisions\/2799"}],"wp:featuredmedia":[{"embeddable":true,"href":"https:\/\/cafecommessias.com.br\/index.php?rest_route=\/wp\/v2\/media\/2798"}],"wp:attachment":[{"href":"https:\/\/cafecommessias.com.br\/index.php?rest_route=%2Fwp%2Fv2%2Fmedia&parent=2797"}],"wp:term":[{"taxonomy":"category","embeddable":true,"href":"https:\/\/cafecommessias.com.br\/index.php?rest_route=%2Fwp%2Fv2%2Fcategories&post=2797"},{"taxonomy":"post_tag","embeddable":true,"href":"https:\/\/cafecommessias.com.br\/index.php?rest_route=%2Fwp%2Fv2%2Ftags&post=2797"}],"curies":[{"name":"wp","href":"https:\/\/api.w.org\/{rel}","templated":true}]}}