{"id":2804,"date":"2025-09-05T15:53:05","date_gmt":"2025-09-05T18:53:05","guid":{"rendered":"https:\/\/cafecommessias.com.br\/?p=2804"},"modified":"2025-09-05T15:53:13","modified_gmt":"2025-09-05T18:53:13","slug":"um-mes-apos-tarifaco-exportacoes-do-rn-para-os-eua-caem-74","status":"publish","type":"post","link":"https:\/\/cafecommessias.com.br\/?p=2804","title":{"rendered":"Um m\u00eas ap\u00f3s tarifa\u00e7o, exporta\u00e7\u00f5es do RN para os EUA caem 74%"},"content":{"rendered":"\n<p>O Rio Grande do Norte completou um m\u00eas sob o efeito do tarifa\u00e7o de Donald Trump e os impactos j\u00e1 aparecem de forma significativa. As exporta\u00e7\u00f5es potiguares para os Estados Unidos ca\u00edram 74% entre julho e agosto. Em n\u00fameros absolutos, as vendas sa\u00edram de US$ 6,25 milh\u00f5es para US$ 1,62 milh\u00e3o, com impactos em diversos setores como pescado e sal. Todos os dados s\u00e3o do Minist\u00e9rio do Desenvolvimento, Ind\u00fastria, Com\u00e9rcio e Servi\u00e7os (MDIC).<\/p>\n\n\n\n<p>O baque puxou a balan\u00e7a comercial do Estado com o Mundo para baixo. No mesmo per\u00edodo, as exporta\u00e7\u00f5es totais do Estado passaram de US$ 62,25 milh\u00f5es para US$ 23,32 milh\u00f5es, isto \u00e9, uma retra\u00e7\u00e3o de 62,5%. Na compara\u00e7\u00e3o anual, agosto de 2025 registrou queda de 79,9% frente a agosto de 2024. A importa\u00e7\u00e3o geral tamb\u00e9m recuou, de US$ 37,36 milh\u00f5es para US$ 29,90 milh\u00f5es, indicando retra\u00e7\u00e3o de 20% de um m\u00eas para o outro.<\/p>\n\n\n\n<p>Com isso, o d\u00e9ficit comercial do RN alcan\u00e7ou US$ 6,6 milh\u00f5es em agosto, com corrente de com\u00e9rcio de US$ 53,2 milh\u00f5es, queda de 70,2% em rela\u00e7\u00e3o ao mesmo m\u00eas do ano passado. Al\u00e9m dos EUA, as exporta\u00e7\u00f5es para China recuaram 15,6%. Portugal, Pa\u00edses Baixos, Col\u00f4mbia, Espanha e outros mercados importantes tamb\u00e9m registraram queda entre julho e agosto.<\/p>\n\n\n\n<p><strong>Pauta de exporta\u00e7\u00e3o busca respiro em outros mercados<\/strong><\/p>\n\n\n\n<p>Apesar do cen\u00e1rio negativo, alguns mercados apresentaram crescimento importante. As exporta\u00e7\u00f5es para o Reino Unido quintuplicaram, passando de US$ 655,5 mil em julho para US$ 4,36 milh\u00f5es em agosto, o que representa aumento de 564,5%. Tamb\u00e9m houve crescimento nas vendas para Taiwan, que subiram de US$ 304,8 mil para US$ 850,4 mil, varia\u00e7\u00e3o de 178,9%.<\/p>\n\n\n\n<p>A abertura de com\u00e9rcio com a Tail\u00e2ndia, que n\u00e3o registrava exporta\u00e7\u00f5es em julho, resultou em US$ 2,2 milh\u00f5es exportados em agosto, o que aponta para a entrada do RN em um novo mercado. Os exportadores pretendem aproveitar a pr\u00f3xima safra das frutas para ampliar a presen\u00e7a no mercado asi\u00e1tico, na tentativa de diversificar as rela\u00e7\u00f5es comerciais.<\/p>\n\n\n\n<p>Entre os produtos exportados no \u00faltimo m\u00eas de agosto, destaque para frutas e nozes frescas ou secas, que responderam por 43,1% tornando-se o principal setor positivo do m\u00eas. Ouro n\u00e3o monet\u00e1rio (16,6%), p\u00e9rolas e pedras preciosas (9,5%) e crust\u00e1ceos, moluscos e invertebrados aqu\u00e1ticos (5%) completam a lista.<\/p>\n\n\n\n<figure class=\"wp-block-image size-full\"><img loading=\"lazy\" decoding=\"async\" width=\"1024\" height=\"683\" src=\"https:\/\/cafecommessias.com.br\/wp-content\/uploads\/2025\/09\/20241229_11EC01-FT_Alex-Regis-1024x683-1.webp\" alt=\"\" class=\"wp-image-2805\" srcset=\"https:\/\/cafecommessias.com.br\/wp-content\/uploads\/2025\/09\/20241229_11EC01-FT_Alex-Regis-1024x683-1.webp 1024w, https:\/\/cafecommessias.com.br\/wp-content\/uploads\/2025\/09\/20241229_11EC01-FT_Alex-Regis-1024x683-1-300x200.webp 300w, https:\/\/cafecommessias.com.br\/wp-content\/uploads\/2025\/09\/20241229_11EC01-FT_Alex-Regis-1024x683-1-768x512.webp 768w, https:\/\/cafecommessias.com.br\/wp-content\/uploads\/2025\/09\/20241229_11EC01-FT_Alex-Regis-1024x683-1-600x400.webp 600w\" sizes=\"auto, (max-width: 1024px) 100vw, 1024px\" \/><figcaption class=\"wp-element-caption\">Safra de frutas \u00e9 aposta para amenizar impactos \u2013 Foto: Alex R\u00e9gis\/Tribuna do Norte<\/figcaption><\/figure>\n\n\n\n<p><strong>Aus\u00eancia do petr\u00f3leo nos dados da balan\u00e7a tamb\u00e9m pesou, diz Sedec<\/strong><\/p>\n\n\n\n<p>O titular da Secretaria do Desenvolvimento Econ\u00f4mico, da Ci\u00eancia, da Tecnologia e da Inova\u00e7\u00e3o (Sedec), Alan Silveira, explica que a retra\u00e7\u00e3o observada em agosto n\u00e3o se deve apenas ao aumento das tarifas, mas tamb\u00e9m \u00e0 aus\u00eancia tempor\u00e1ria do \u00f3leo de combust\u00edvel, um dos produtos mais exportados pelo estado, nas estat\u00edsticas da balan\u00e7a coemrcial do Estado.<\/p>\n\n\n\n<p>\u201cA gente teve essa queda e uma parte foi com rela\u00e7\u00e3o ao \u00f3leo de combust\u00edvel, que \u00e9 um dos produtos que a gente mais exporta. A gente est\u00e1 vendo com a Brava para ver o que aconteceu. No pr\u00f3ximo m\u00eas ele j\u00e1 volta \u00e0 normalidade, foi porque n\u00e3o deu tempo a Brava botar na balan\u00e7a. Obviamente tem o impacto do tarifa\u00e7o, em especial com rela\u00e7\u00e3o ao pescado e com rela\u00e7\u00e3o ao sal. O caramelo teve uma queda, mas n\u00e3o foi um impacto muito grande\u201d, comenta.<\/p>\n\n\n\n<p>Apesar da retra\u00e7\u00e3o, o secret\u00e1rio destaca produtos que registraram crescimento e aponta perspectivas positivas para os pr\u00f3ximos meses. Segundo ele, a safra das frutas deve impulsionar as exporta\u00e7\u00f5es, especialmente para a Europa, onde 95% da produ\u00e7\u00e3o potiguar \u00e9 destinada. Entre os produtos que tiveram aumento est\u00e3o a melancia fresca, o bulh\u00e3o dourado, mel\u00f5es e mam\u00f5es.<\/p>\n\n\n\n<p><strong>Alternativas \u00e0 crise do com\u00e9rcio exterior<\/strong><\/p>\n\n\n\n<p>O secret\u00e1rio detalhou ainda estrat\u00e9gias do governo do RN para minimizar os efeitos do tarifa\u00e7o. Ele citou tr\u00eas frentes principais: benef\u00edcios fiscais, abertura de novos mercados e programas pr\u00f3prios de apoio \u00e0s empresas exportadoras. Silveira lembrou que, em agosto, seis empresas do setor salineiro entraram no Proedi, programa estadual de incentivo \u00e0 exporta\u00e7\u00e3o, que teve prazo para ades\u00e3o prorrogado at\u00e9 setembro.<\/p>\n\n\n\n<p>Entre os novos mercados, o governo busca ampliar as exporta\u00e7\u00f5es de frutas, pescado e camar\u00e3o, mantendo di\u00e1logo com China, Uni\u00e3o Europeia e outros pa\u00edses. Al\u00e9m disso, Silveira destaca o programa RN Mais Exporta\u00e7\u00e3o, que visa acompanhar as empresas, facilitar abertura de novos mercados e oferecer suporte log\u00edstico.<\/p>\n\n\n\n<p>\u201cCreio que o RN Mais Exporta\u00e7\u00e3o at\u00e9 outubro estamos lan\u00e7ando. Estou correndo com a minha equipe, junto com a governadora F\u00e1tima, para ver se a gente consegue lan\u00e7ar ainda esse m\u00eas, para come\u00e7ar o cadastro das empresas. A gente j\u00e1 tem uma pr\u00e9-lista, mas a nossa meta \u00e9 atingir mais de 100 empresas aqui\u201d.<\/p>\n\n\n\n<p><strong>N\u00fameros<\/strong><\/p>\n\n\n\n<p><strong>Exporta\u00e7\u00f5es do RN<\/strong>&nbsp;<strong>(todos os pa\u00edses)<\/strong><\/p>\n\n\n\n<ul class=\"wp-block-list\">\n<li>Julho\/2025: US$ 62,25 milh\u00f5es<\/li>\n\n\n\n<li>Agosto\/2025: US$ 23,32 milh\u00f5es<\/li>\n\n\n\n<li>Varia\u00e7\u00e3o mensal: -62,5%<\/li>\n\n\n\n<li>Agosto\/2024: US$ 116,12 milh\u00f5es<\/li>\n\n\n\n<li>Agosto\/2025: US$ 23,32 milh\u00f5es<\/li>\n\n\n\n<li>Varia\u00e7\u00e3o anual: -79,9%<\/li>\n<\/ul>\n\n\n\n<p><strong>Principais destinos<\/strong><\/p>\n\n\n\n<ul class=\"wp-block-list\">\n<li>EUA: -74% (julho\/agosto)<\/li>\n\n\n\n<li>China: -15,6% (julho\/agosto)<\/li>\n\n\n\n<li>Portugal: -40,6% (julho\/agosto)<\/li>\n\n\n\n<li>Pa\u00edses Baixos: -39,7% (julho\/agosto)<\/li>\n\n\n\n<li>Reino Unido: +564,5% (julho\/agosto)<\/li>\n\n\n\n<li>Taiwan: +178,9% (julho\/agosto)<\/li>\n\n\n\n<li>Tail\u00e2ndia: de 0 para US$ 2,2 milh\u00f5es em agosto<\/li>\n<\/ul>\n\n\n\n<p><strong>Com\u00e9rcio Exterior de Agosto\/2025<\/strong><\/p>\n\n\n\n<ul class=\"wp-block-list\">\n<li>Exporta\u00e7\u00f5es: US$ 23,3 milh\u00f5es<\/li>\n\n\n\n<li>Importa\u00e7\u00f5es: US$ 29,9 milh\u00f5es<\/li>\n\n\n\n<li>Corrente de com\u00e9rcio: US$ 53,2 milh\u00f5es<\/li>\n\n\n\n<li>Saldo comercial: -US$ 6,6 milh\u00f5es (d\u00e9ficit)<\/li>\n\n\n\n<li>Participa\u00e7\u00e3o nacional em exporta\u00e7\u00f5es: 0,086% (23\u00ba lugar)<\/li>\n\n\n\n<li>Participa\u00e7\u00e3o nacional em importa\u00e7\u00f5es: 0,13% (23\u00ba lugar)<\/li>\n<\/ul>\n\n\n\n<p><sub>Fonte: Minist\u00e9rio do Desenvolvimento, Ind\u00fastria, Com\u00e9rcio e Servi\u00e7os (MDIC).<\/sub><\/p>\n\n\n\n<p><\/p>\n","protected":false},"excerpt":{"rendered":"<p>O Rio Grande do Norte completou um m\u00eas sob o efeito do tarifa\u00e7o de Donald Trump e os impactos j\u00e1 aparecem de forma significativa. As exporta\u00e7\u00f5es potiguares para os Estados Unidos ca\u00edram 74% entre julho e agosto. Em n\u00fameros absolutos, as vendas sa\u00edram de US$ 6,25 milh\u00f5es para US$ 1,62 milh\u00e3o, com impactos em diversos&#8230;<\/p>\n","protected":false},"author":1,"featured_media":2806,"comment_status":"open","ping_status":"open","sticky":false,"template":"","format":"standard","meta":{"footnotes":""},"categories":[7],"tags":[],"class_list":["post-2804","post","type-post","status-publish","format-standard","has-post-thumbnail","hentry","category-economia"],"_links":{"self":[{"href":"https:\/\/cafecommessias.com.br\/index.php?rest_route=\/wp\/v2\/posts\/2804","targetHints":{"allow":["GET"]}}],"collection":[{"href":"https:\/\/cafecommessias.com.br\/index.php?rest_route=\/wp\/v2\/posts"}],"about":[{"href":"https:\/\/cafecommessias.com.br\/index.php?rest_route=\/wp\/v2\/types\/post"}],"author":[{"embeddable":true,"href":"https:\/\/cafecommessias.com.br\/index.php?rest_route=\/wp\/v2\/users\/1"}],"replies":[{"embeddable":true,"href":"https:\/\/cafecommessias.com.br\/index.php?rest_route=%2Fwp%2Fv2%2Fcomments&post=2804"}],"version-history":[{"count":1,"href":"https:\/\/cafecommessias.com.br\/index.php?rest_route=\/wp\/v2\/posts\/2804\/revisions"}],"predecessor-version":[{"id":2807,"href":"https:\/\/cafecommessias.com.br\/index.php?rest_route=\/wp\/v2\/posts\/2804\/revisions\/2807"}],"wp:featuredmedia":[{"embeddable":true,"href":"https:\/\/cafecommessias.com.br\/index.php?rest_route=\/wp\/v2\/media\/2806"}],"wp:attachment":[{"href":"https:\/\/cafecommessias.com.br\/index.php?rest_route=%2Fwp%2Fv2%2Fmedia&parent=2804"}],"wp:term":[{"taxonomy":"category","embeddable":true,"href":"https:\/\/cafecommessias.com.br\/index.php?rest_route=%2Fwp%2Fv2%2Fcategories&post=2804"},{"taxonomy":"post_tag","embeddable":true,"href":"https:\/\/cafecommessias.com.br\/index.php?rest_route=%2Fwp%2Fv2%2Ftags&post=2804"}],"curies":[{"name":"wp","href":"https:\/\/api.w.org\/{rel}","templated":true}]}}