{"id":2817,"date":"2025-09-05T16:18:56","date_gmt":"2025-09-05T19:18:56","guid":{"rendered":"https:\/\/cafecommessias.com.br\/?p=2817"},"modified":"2025-09-05T16:22:26","modified_gmt":"2025-09-05T19:22:26","slug":"refis-rn-prazo-para-regularizar-debitos-de-icms-e-prorrogado-ate-26-de-setembro","status":"publish","type":"post","link":"https:\/\/cafecommessias.com.br\/?p=2817","title":{"rendered":"Refis RN: prazo para regularizar d\u00e9bitos de ICMS \u00e9 prorrogado at\u00e9 26 de setembro"},"content":{"rendered":"\n<p>Programa permite parcelar d\u00e9bitos de ICMS e oferece descontos de at\u00e9 99% em juros e multas<\/p>\n\n\n\n<p class=\"has-text-align-center\"><strong>PUBLICIDADE<\/strong><\/p>\n\n\n\n<figure class=\"wp-block-image size-full\"><img loading=\"lazy\" decoding=\"async\" width=\"970\" height=\"250\" src=\"https:\/\/cafecommessias.com.br\/wp-content\/uploads\/2025\/08\/SENAC.png\" alt=\"\" class=\"wp-image-2441\" srcset=\"https:\/\/cafecommessias.com.br\/wp-content\/uploads\/2025\/08\/SENAC.png 970w, https:\/\/cafecommessias.com.br\/wp-content\/uploads\/2025\/08\/SENAC-300x77.png 300w, https:\/\/cafecommessias.com.br\/wp-content\/uploads\/2025\/08\/SENAC-768x198.png 768w\" sizes=\"auto, (max-width: 970px) 100vw, 970px\" \/><\/figure>\n\n\n\n<p>A Secretaria de Estado da Fazenda do Rio Grande do Norte (SEFAZ-RN) prorrogou at\u00e9&nbsp;<strong>26 de setembro<\/strong>&nbsp;o prazo para ades\u00e3o ao&nbsp;<strong>Refis RN 2025<\/strong>, programa que permite regularizar d\u00edvidas de ICMS (Imposto sobre Circula\u00e7\u00e3o de Mercadorias e Servi\u00e7os).<\/p>\n\n\n\n<p>O programa oferece condi\u00e7\u00f5es especiais de pagamento:<\/p>\n\n\n\n<ul class=\"wp-block-list\">\n<li><strong>\u00c0 vista:<\/strong>\u00a0desconto de 99% sobre juros, multas e acr\u00e9scimos legais;<\/li>\n\n\n\n<li><strong>Parcelamento de 2 a 6 vezes:<\/strong>\u00a0desconto de 90% sobre juros e multas;<\/li>\n\n\n\n<li><strong>Multas acess\u00f3rias:<\/strong>\u00a0desconto de 90% para pagamento \u00e0 vista;<\/li>\n\n\n\n<li><strong>Parcela m\u00ednima:<\/strong>\u00a0R$ 500, com vencimento no dia 25 de cada m\u00eas e incid\u00eancia da taxa Selic.<\/li>\n<\/ul>\n\n\n\n<p>Podem participar contribuintes com&nbsp;<strong>d\u00edvidas de ICMS vencidas at\u00e9 28 de fevereiro de 2025<\/strong>, incluindo parcelas antigas, processos administrativos ou judiciais, d\u00e9bitos de substitui\u00e7\u00e3o tribut\u00e1ria e antecipa\u00e7\u00f5es, desde que n\u00e3o inscritos em d\u00edvida ativa. Empresas do&nbsp;<strong>Simples Nacional<\/strong>&nbsp;e d\u00e9bitos relativos ao adicional de 2% do ICMS n\u00e3o est\u00e3o inclu\u00eddos.<\/p>\n\n\n\n<p>A ades\u00e3o pode ser feita de forma&nbsp;<strong>online<\/strong>, pela&nbsp;<strong>Unidade Virtual de Tributa\u00e7\u00e3o (UVT)<\/strong>&nbsp;ou pelo&nbsp;<strong>site oficial do programa<\/strong>&nbsp;(dispon\u00edvel a partir da pr\u00f3xima semana), ou&nbsp;<strong>presencialmente<\/strong>, na SUDEFI (Centro Administrativo, Av. Senador Salgado Filho, Lagoa Nova \u2013 Natal) e nas Unidades Regionais de Tributa\u00e7\u00e3o conforme o domic\u00edlio do contribuinte.<\/p>\n\n\n\n<p>\u00c9 necess\u00e1rio apresentar documento de identidade, comprova\u00e7\u00e3o de representa\u00e7\u00e3o da empresa e, se for o caso, desist\u00eancia de a\u00e7\u00f5es judiciais relacionadas aos d\u00e9bitos.<\/p>\n\n\n\n<p>O&nbsp;<strong>Refis RN 2025<\/strong>&nbsp;faz parte do programa&nbsp;<strong>Regularize Mais RN<\/strong>&nbsp;e est\u00e1 em vigor desde&nbsp;<strong>1\u00ba de agosto de 2025<\/strong>. O objetivo \u00e9 permitir que pessoas f\u00edsicas e jur\u00eddicas&nbsp;<strong>quitem suas d\u00edvidas fiscais, recuperem a regularidade junto ao Fisco e reorganizem sua situa\u00e7\u00e3o financeira<\/strong>.<\/p>\n\n\n\n<p><sub>por Agora RN<\/sub><\/p>\n","protected":false},"excerpt":{"rendered":"<p>Programa permite parcelar d\u00e9bitos de ICMS e oferece descontos de at\u00e9 99% em juros e multas PUBLICIDADE A Secretaria de Estado da Fazenda do Rio Grande do Norte (SEFAZ-RN) prorrogou at\u00e9&nbsp;26 de setembro&nbsp;o prazo para ades\u00e3o ao&nbsp;Refis RN 2025, programa que permite regularizar d\u00edvidas de ICMS (Imposto sobre Circula\u00e7\u00e3o de Mercadorias e Servi\u00e7os). O programa&#8230;<\/p>\n","protected":false},"author":1,"featured_media":2818,"comment_status":"open","ping_status":"open","sticky":false,"template":"","format":"standard","meta":{"footnotes":""},"categories":[4,3],"tags":[],"class_list":["post-2817","post","type-post","status-publish","format-standard","has-post-thumbnail","hentry","category-anuncie-aqui","category-geral"],"_links":{"self":[{"href":"https:\/\/cafecommessias.com.br\/index.php?rest_route=\/wp\/v2\/posts\/2817","targetHints":{"allow":["GET"]}}],"collection":[{"href":"https:\/\/cafecommessias.com.br\/index.php?rest_route=\/wp\/v2\/posts"}],"about":[{"href":"https:\/\/cafecommessias.com.br\/index.php?rest_route=\/wp\/v2\/types\/post"}],"author":[{"embeddable":true,"href":"https:\/\/cafecommessias.com.br\/index.php?rest_route=\/wp\/v2\/users\/1"}],"replies":[{"embeddable":true,"href":"https:\/\/cafecommessias.com.br\/index.php?rest_route=%2Fwp%2Fv2%2Fcomments&post=2817"}],"version-history":[{"count":3,"href":"https:\/\/cafecommessias.com.br\/index.php?rest_route=\/wp\/v2\/posts\/2817\/revisions"}],"predecessor-version":[{"id":2822,"href":"https:\/\/cafecommessias.com.br\/index.php?rest_route=\/wp\/v2\/posts\/2817\/revisions\/2822"}],"wp:featuredmedia":[{"embeddable":true,"href":"https:\/\/cafecommessias.com.br\/index.php?rest_route=\/wp\/v2\/media\/2818"}],"wp:attachment":[{"href":"https:\/\/cafecommessias.com.br\/index.php?rest_route=%2Fwp%2Fv2%2Fmedia&parent=2817"}],"wp:term":[{"taxonomy":"category","embeddable":true,"href":"https:\/\/cafecommessias.com.br\/index.php?rest_route=%2Fwp%2Fv2%2Fcategories&post=2817"},{"taxonomy":"post_tag","embeddable":true,"href":"https:\/\/cafecommessias.com.br\/index.php?rest_route=%2Fwp%2Fv2%2Ftags&post=2817"}],"curies":[{"name":"wp","href":"https:\/\/api.w.org\/{rel}","templated":true}]}}