{"id":2829,"date":"2025-09-06T10:33:36","date_gmt":"2025-09-06T13:33:36","guid":{"rendered":"https:\/\/cafecommessias.com.br\/?p=2829"},"modified":"2025-09-06T10:33:37","modified_gmt":"2025-09-06T13:33:37","slug":"anistia-encontra-resistencia-no-congresso-mesmo-apos-intensa-pressao-da-oposicao-entenda-os-motivos","status":"publish","type":"post","link":"https:\/\/cafecommessias.com.br\/?p=2829","title":{"rendered":"Anistia encontra resist\u00eancia no Congresso mesmo ap\u00f3s intensa press\u00e3o da oposi\u00e7\u00e3o; entenda os motivos"},"content":{"rendered":"\n<p>Presidentes da C\u00e2mara, Hugo Motta, e do Senado, Davi Alcolumbre, t\u00eam adotado cautela antes de colocar o texto em vota\u00e7\u00e3o. Oposi\u00e7\u00e3o intensifica demanda pela anistia com a proximidade da conclus\u00e3o do julgamento de Jair Bolsonaro por golpe de Estado.<\/p>\n\n\n\n<p>A discuss\u00e3o sobre um projeto para anistiar condenados\u00a0pelos atos golpistas do final de 2022 e in\u00edcio de 2023 ainda encontra entraves no Congresso, mesmo ap\u00f3s dias seguidos de intensa press\u00e3o da oposi\u00e7\u00e3o.<\/p>\n\n\n\n<p>A anistia \u00e9 a principal bandeira dos oposicionistas e um tema dominante na C\u00e2mara e no Senado neste segundo semestre.<\/p>\n\n\n\n<p>A ideia da oposi\u00e7\u00e3o \u00e9 livrar das penas n\u00e3o s\u00f3 as pessoas comuns envolvidas nos atos golpistas que culminaram dos ataques de 8 de Janeiro, mas tamb\u00e9m os pol\u00edticos envolvidos em investiga\u00e7\u00f5es \u2014 como o ex-presidente Jair Bolsonaro.<\/p>\n\n\n\n<p>Governistas e o pr\u00f3prio presidente Lula, no entanto, n\u00e3o querem a aprova\u00e7\u00e3o de uma anistia.<\/p>\n\n\n\n<p>A discuss\u00e3o ganhou for\u00e7a nos \u00faltimos dias com o julgamento da Trama Golpista na Primeira Turma do Supremo Tribunal Federal (STF), em que Bolsonaro e ex-assessores e militares s\u00e3o r\u00e9us por golpe de Estado.<\/p>\n\n\n\n<p>Especialistas e pol\u00edticos ouvidos pelo\u00a0<strong>g1<\/strong>\u00a0apontam que os entraves ao projetos envolvem quest\u00f5es pol\u00edticas internas do Congresso, c\u00e1lculos dos presidentes da C\u00e2mara, Hugo Motta (Republicanos-PB), e do Senado,\u00a0Davi Alcolumbre\u00a0(Uni\u00e3o-AP), rela\u00e7\u00e3o do parlamento com o governo e o Judici\u00e1rio e repercuss\u00e3o na sociedade.<\/p>\n\n\n\n<p>Veja uma an\u00e1lise dos motivos abaixo:<\/p>\n\n\n\n<h4 class=\"wp-block-heading\">A indecis\u00e3o de Motta<\/h4>\n\n\n\n<p>Motta) tem sofrido fortes press\u00f5es da oposi\u00e7\u00e3o para pautar a proposta.<\/p>\n\n\n\n<p>No entanto, segundo analistas, ele est\u00e1 esperando para ver o clima pol\u00edtico que emergir\u00e1 ap\u00f3s o fim do julgamento na Primeira Turma, previsto para a sexta-feira (12).<\/p>\n\n\n\n<blockquote class=\"wp-block-quote is-layout-flow wp-block-quote-is-layout-flow\">\n<p>\u201cMotta tenta se equilibrar entre os interesses do governo e os apelos da oposi\u00e7\u00e3o. Ele evita pautar o projeto da anistia nesse momento para n\u00e3o melindrar o trabalho dos ministros do STF, at\u00e9 porque o julgamento ainda est\u00e1 em curso\u201d, afirma o cientista pol\u00edtico Murilo Medeiros.<\/p>\n<\/blockquote>\n\n\n\n<p>O texto a ser discutido ainda est\u00e1 em debate entre os opositores, podendo haver at\u00e9 tr\u00eas outras vers\u00f5es em discuss\u00e3o. Por\u00e9m, uma proposta mais ampla foi apresentada ao presidente da Casa na \u00faltima quinta-feira (4).<\/p>\n\n\n\n<p>A proposta, endossada pelo presidente do PL S\u00f3stenes Cavalcante, prev\u00ea um perd\u00e3o amplo, geral e irrestrito para os crimes cometidos contra a democracia brasileira. (leia mais abaixo)<\/p>\n\n\n\n<p>Motta tem adotado uma postura cautelosa tamb\u00e9m pelo seu posicionamento pol\u00edtico, que tende a consensos, e pela inten\u00e7\u00e3o de n\u00e3o se desgastar com nenhum setor importante.<\/p>\n\n\n\n<p>\u201cO presidente Motta n\u00e3o \u00e9 de extrema direita, \u00e9 da escola de Arthur Lira [ex-presidente da C\u00e2mara], que tem um perfil mais de concilia\u00e7\u00e3o. A pr\u00f3pria atua\u00e7\u00e3o dele durante a ocupa\u00e7\u00e3o da mesa refor\u00e7a este posicionamento moderado\u201d, explica o cientista pol\u00edtico do FGV Carlos Pereira.<\/p>\n\n\n\n<p>Outro fator que tem sido apontado \u00e9 a pr\u00f3pria carreira pol\u00edtica de Motta.<\/p>\n\n\n\n<blockquote class=\"wp-block-quote is-layout-flow wp-block-quote-is-layout-flow\">\n<p>&#8220;Motta tamb\u00e9m enfrenta a miss\u00e3o de conciliar a estrat\u00e9gia eleitoral na Para\u00edba com seu of\u00edcio de presidente da C\u00e2mara dos Deputados. Em territ\u00f3rio paraibano, ele tende a buscar a reelei\u00e7\u00e3o com o suporte da base de apoio a Lula no estado. A n\u00edvel nacional, al\u00e9m da rela\u00e7\u00e3o amistosa com a esquerda, ele precisa manter pontes de conex\u00e3o com a oposi\u00e7\u00e3o, com os partidos de centro e com seu partido, o Republicanos, de base conservadora&#8221;, continua Medeiros.<\/p>\n<\/blockquote>\n\n\n\n<h4 class=\"wp-block-heading\">Os crit\u00e9rios de Alcolumbre<\/h4>\n\n\n\n<p>Alcolumbre j\u00e1 sinalizou que n\u00e3o vai aceitar o texto da C\u00e2mara, com anistia ampla. Um eventual projeto teria que ser aprovado pelas duas Casas. Ele tamb\u00e9m n\u00e3o quer que Bolsonaro seja contemplado.<\/p>\n\n\n\n<p>O texto do Senado, mais rigoroso, come\u00e7ou a ser endossado na \u00faltima semana e prev\u00ea uma redu\u00e7\u00e3o pela metade das penas dos golpistas de 8 de janeiro e uma redu\u00e7\u00e3o menor para as lideran\u00e7as do golpe, como o ex-presidente<\/p>\n\n\n\n<p>\u201cEle trabalha uma anistia mais conectada ao STF, com um di\u00e1logo muito melhor com o supremo e uma anistia com um texto alternativo que, come\u00e7ando pelo Senado, n\u00e3o se estenderia benef\u00edcios ao ex-presidente Bolsonaro, seria uma anistia light\u201d, afirma Rodrigo Prando.<\/p>\n\n\n\n<blockquote class=\"wp-block-quote is-layout-flow wp-block-quote-is-layout-flow\">\n<p>\u201cObviamente, uma parcela dos bolsonaristas radicais n\u00e3o querem. Mas, o Davi Alcolumbre, ele tem mais autoridade, mais estofo para aguentar a press\u00e3o bolsonarista do que o Hugo Motta\u201d, completa.<\/p>\n<\/blockquote>\n\n\n\n<h4 class=\"wp-block-heading\">Movimento pol\u00edtico para elei\u00e7\u00f5es presidenciais<\/h4>\n\n\n\n<p>O avan\u00e7o do debate sobre a anistia a envolvidos nos atos golpistas de 8 de janeiro exp\u00f5e n\u00e3o apenas uma tentativa de reverter condena\u00e7\u00f5es judiciais, mas tamb\u00e9m revela um c\u00e1lculo eleitoral.<\/p>\n\n\n\n<p>O ex-presidente Bolsonaro j\u00e1 est\u00e1 ineleg\u00edvel, ao ter sido condenado no TSE por ter atacado o sistema eleitoral brasileiro em reuni\u00e3o com embaixadores de outros pa\u00edses.<\/p>\n\n\n\n<p>\u201cEsse movimento tem de um lado um vi\u00e9s eleitoral tentando colocar esperan\u00e7a no bolsonarismo de que Jair Bolsonaro poderia estar nas urnas [em 2026]\u201d, afirma Prando.<\/p>\n\n\n\n<p>O especialista lembra que o governador de S\u00e3o Paulo, Tarc\u00edsio de Freitas (Republicanos-SP), passou a encampar com mais fervor nos \u00faltimos dias a pauta da anistia. Tarc\u00edsio \u00e9 visto como alternativa a Bolsonaro, mas foi criticado pelo deputado e filho do ex-presidente, Eduardo Bolsonaro (PL-SP), por n\u00e3o se engajar na pauta da anistia.<\/p>\n\n\n\n<blockquote class=\"wp-block-quote is-layout-flow wp-block-quote-is-layout-flow\">\n<p>\u201c\u00c9 o movimento do Tarciso. Ele est\u00e1 dizendo: &#8216;Eu estou lutando pela anistia, mas ela n\u00e3o foi poss\u00edvel. Portanto, agora eu mostrei que eu lutei que eu sou confi\u00e1vel eu mere\u00e7o o seu voto&#8217;\u201d, completou o especialista.<\/p>\n<\/blockquote>\n\n\n\n<h4 class=\"wp-block-heading\">Proposta impopular<\/h4>\n\n\n\n<p>Outro fator \u00e9 que, de acordo com pesquisas de opini\u00e3o, a maioria do eleitorado \u00e9 contra a anistia.<\/p>\n\n\n\n<p>\u201cO Hugo Mota entende o desgaste que existe com a sociedade, com a opini\u00e3o p\u00fablica, s\u00f3 que o presidente tem a inten\u00e7\u00e3o de ser reeleito presidente da C\u00e2mara. Ent\u00e3o ele tamb\u00e9m n\u00e3o pode prescindir dos votos do bolsonarismo da extrema-direita&#8221;, afirma o cientista pol\u00edtico Rodrigo Prando.<\/p>\n\n\n\n<p>De acordo com a pesquisa mais recente, realizada pela Genial\/Quaest, 56% dos brasileiros s\u00e3o contr\u00e1rios \u00e0 anistia para os envolvidos nos atos antidemocr\u00e1ticos de 8 de janeiro de 2023.<\/p>\n\n\n\n<p><sub>por g1\u00a0\u2014 Bras\u00edlia<\/sub><\/p>\n\n\n\n<p><\/p>\n","protected":false},"excerpt":{"rendered":"<p>Presidentes da C\u00e2mara, Hugo Motta, e do Senado, Davi Alcolumbre, t\u00eam adotado cautela antes de colocar o texto em vota\u00e7\u00e3o. Oposi\u00e7\u00e3o intensifica demanda pela anistia com a proximidade da conclus\u00e3o do julgamento de Jair Bolsonaro por golpe de Estado. A discuss\u00e3o sobre um projeto para anistiar condenados\u00a0pelos atos golpistas do final de 2022 e in\u00edcio&#8230;<\/p>\n","protected":false},"author":1,"featured_media":2830,"comment_status":"open","ping_status":"open","sticky":false,"template":"","format":"standard","meta":{"footnotes":""},"categories":[3],"tags":[],"class_list":["post-2829","post","type-post","status-publish","format-standard","has-post-thumbnail","hentry","category-geral"],"_links":{"self":[{"href":"https:\/\/cafecommessias.com.br\/index.php?rest_route=\/wp\/v2\/posts\/2829","targetHints":{"allow":["GET"]}}],"collection":[{"href":"https:\/\/cafecommessias.com.br\/index.php?rest_route=\/wp\/v2\/posts"}],"about":[{"href":"https:\/\/cafecommessias.com.br\/index.php?rest_route=\/wp\/v2\/types\/post"}],"author":[{"embeddable":true,"href":"https:\/\/cafecommessias.com.br\/index.php?rest_route=\/wp\/v2\/users\/1"}],"replies":[{"embeddable":true,"href":"https:\/\/cafecommessias.com.br\/index.php?rest_route=%2Fwp%2Fv2%2Fcomments&post=2829"}],"version-history":[{"count":1,"href":"https:\/\/cafecommessias.com.br\/index.php?rest_route=\/wp\/v2\/posts\/2829\/revisions"}],"predecessor-version":[{"id":2831,"href":"https:\/\/cafecommessias.com.br\/index.php?rest_route=\/wp\/v2\/posts\/2829\/revisions\/2831"}],"wp:featuredmedia":[{"embeddable":true,"href":"https:\/\/cafecommessias.com.br\/index.php?rest_route=\/wp\/v2\/media\/2830"}],"wp:attachment":[{"href":"https:\/\/cafecommessias.com.br\/index.php?rest_route=%2Fwp%2Fv2%2Fmedia&parent=2829"}],"wp:term":[{"taxonomy":"category","embeddable":true,"href":"https:\/\/cafecommessias.com.br\/index.php?rest_route=%2Fwp%2Fv2%2Fcategories&post=2829"},{"taxonomy":"post_tag","embeddable":true,"href":"https:\/\/cafecommessias.com.br\/index.php?rest_route=%2Fwp%2Fv2%2Ftags&post=2829"}],"curies":[{"name":"wp","href":"https:\/\/api.w.org\/{rel}","templated":true}]}}