{"id":2832,"date":"2025-09-06T10:38:55","date_gmt":"2025-09-06T13:38:55","guid":{"rendered":"https:\/\/cafecommessias.com.br\/?p=2832"},"modified":"2025-09-06T10:38:56","modified_gmt":"2025-09-06T13:38:56","slug":"justica-eleitoral-cassa-mandatos-do-prefeito-e-da-vice-de-marcelino-vieira","status":"publish","type":"post","link":"https:\/\/cafecommessias.com.br\/?p=2832","title":{"rendered":"Justi\u00e7a Eleitoral cassa mandatos do prefeito e da vice de Marcelino Vieira"},"content":{"rendered":"\n<p>A Justi\u00e7a Eleitoral da 65\u00aa Zona Eleitoral, sediada em Pau dos Ferros, cassou nesta sexta-feira (5) os mandatos do prefeito de Marcelino Vieira, Hindemberg Pontes de Lima, conhecido como Dibed (Podemos), e da vice-prefeita Juliana Em\u00eddia do Nascimento Costa (PL). A decis\u00e3o, assinada pelo juiz Osvaldo C\u00e2ndido de Lima J\u00fanior e publicada no Di\u00e1rio da Justi\u00e7a Eletr\u00f4nico (DJE), tamb\u00e9m declarou a inelegibilidade do ex-prefeito Kerles J\u00e1come Sarmento, o \u201cBabau\u201d, pelo per\u00edodo de oito anos.<\/p>\n\n\n\n<p>Na senten\u00e7a, o magistrado concluiu que houve abuso de poder pol\u00edtico e econ\u00f4mico nas elei\u00e7\u00f5es de 2024, apontando especialmente a contrata\u00e7\u00e3o em massa de servidores e diaristas pouco antes do pleito, sem comprova\u00e7\u00e3o de necessidade, com o objetivo de favorecer a chapa eleita. O juiz destacou ainda o aumento considerado \u201cexorbitante\u201d das despesas com di\u00e1rias a partir de julho de 2024, conforme dados do Portal da Transpar\u00eancia.<\/p>\n\n\n\n<p>A A\u00e7\u00e3o de Investiga\u00e7\u00e3o Judicial Eleitoral (AIJE) foi movida pela coliga\u00e7\u00e3o \u201cMarcelino Vieira para Todos\u201d (Federa\u00e7\u00e3o Brasil da Esperan\u00e7a \u2013 PT\/PCdoB\/PV \u2013 e PSD), que teve como candidato o Dr. Geraldinho.<\/p>\n\n\n\n<p>Dibed Pontes foi eleito em 2024 com 3.135 votos, o equivalente a 50,57% dos v\u00e1lidos, contra 3.064 votos (49,43%) do advers\u00e1rio, uma diferen\u00e7a de apenas 71 votos.<\/p>\n\n\n\n<p>Apesar da decis\u00e3o, prefeito e vice permanecem nos cargos at\u00e9 o julgamento dos recursos. Caso seja mantida pelas inst\u00e2ncias superiores, o presidente da C\u00e2mara Municipal assumir\u00e1 interinamente a prefeitura, at\u00e9 a realiza\u00e7\u00e3o de novas elei\u00e7\u00f5es, a serem convocadas pelo Tribunal Regional Eleitoral do Rio Grande do Norte (TRE-RN).<\/p>\n\n\n\n<p><sub>por Tribuna do Norte<\/sub><\/p>\n","protected":false},"excerpt":{"rendered":"<p>A Justi\u00e7a Eleitoral da 65\u00aa Zona Eleitoral, sediada em Pau dos Ferros, cassou nesta sexta-feira (5) os mandatos do prefeito de Marcelino Vieira, Hindemberg Pontes de Lima, conhecido como Dibed (Podemos), e da vice-prefeita Juliana Em\u00eddia do Nascimento Costa (PL). A decis\u00e3o, assinada pelo juiz Osvaldo C\u00e2ndido de Lima J\u00fanior e publicada no Di\u00e1rio da&#8230;<\/p>\n","protected":false},"author":1,"featured_media":2833,"comment_status":"open","ping_status":"open","sticky":false,"template":"","format":"standard","meta":{"footnotes":""},"categories":[6],"tags":[],"class_list":["post-2832","post","type-post","status-publish","format-standard","has-post-thumbnail","hentry","category-politica"],"_links":{"self":[{"href":"https:\/\/cafecommessias.com.br\/index.php?rest_route=\/wp\/v2\/posts\/2832","targetHints":{"allow":["GET"]}}],"collection":[{"href":"https:\/\/cafecommessias.com.br\/index.php?rest_route=\/wp\/v2\/posts"}],"about":[{"href":"https:\/\/cafecommessias.com.br\/index.php?rest_route=\/wp\/v2\/types\/post"}],"author":[{"embeddable":true,"href":"https:\/\/cafecommessias.com.br\/index.php?rest_route=\/wp\/v2\/users\/1"}],"replies":[{"embeddable":true,"href":"https:\/\/cafecommessias.com.br\/index.php?rest_route=%2Fwp%2Fv2%2Fcomments&post=2832"}],"version-history":[{"count":1,"href":"https:\/\/cafecommessias.com.br\/index.php?rest_route=\/wp\/v2\/posts\/2832\/revisions"}],"predecessor-version":[{"id":2834,"href":"https:\/\/cafecommessias.com.br\/index.php?rest_route=\/wp\/v2\/posts\/2832\/revisions\/2834"}],"wp:featuredmedia":[{"embeddable":true,"href":"https:\/\/cafecommessias.com.br\/index.php?rest_route=\/wp\/v2\/media\/2833"}],"wp:attachment":[{"href":"https:\/\/cafecommessias.com.br\/index.php?rest_route=%2Fwp%2Fv2%2Fmedia&parent=2832"}],"wp:term":[{"taxonomy":"category","embeddable":true,"href":"https:\/\/cafecommessias.com.br\/index.php?rest_route=%2Fwp%2Fv2%2Fcategories&post=2832"},{"taxonomy":"post_tag","embeddable":true,"href":"https:\/\/cafecommessias.com.br\/index.php?rest_route=%2Fwp%2Fv2%2Ftags&post=2832"}],"curies":[{"name":"wp","href":"https:\/\/api.w.org\/{rel}","templated":true}]}}