{"id":2896,"date":"2025-09-07T11:57:13","date_gmt":"2025-09-07T14:57:13","guid":{"rendered":"https:\/\/cafecommessias.com.br\/?p=2896"},"modified":"2025-09-07T11:57:31","modified_gmt":"2025-09-07T14:57:31","slug":"familias-sem-teto-do-mlb-ocupam-antiga-sede-da-tributacao-na-praca-do-estudante","status":"publish","type":"post","link":"https:\/\/cafecommessias.com.br\/?p=2896","title":{"rendered":"Fam\u00edlias sem-teto do MLB ocupam antiga sede da Tributa\u00e7\u00e3o na Pra\u00e7a do Estudante"},"content":{"rendered":"\n<p>Im\u00f3vel est\u00e1 localizado na Pra\u00e7a do Estudante, na Cidade Alta, e pertence \u00e0 Universidade Federal do Rio Grande do Norte (UFRN)<\/p>\n\n\n\n<p>Fam\u00edlias sem-teto ocuparam, na madrugada deste domingo 7, mais um pr\u00e9dio abandonado no Centro de Natal. O im\u00f3vel fica na Pra\u00e7a do Estudante, na Cidade Alta, e pertence \u00e0 Universidade Federal do Rio Grande do Norte (UFRN). O local abrigou a Secretaria Municipal de Tributa\u00e7\u00e3o at\u00e9 2015 e, desde ent\u00e3o, est\u00e1 sem uso.<\/p>\n\n\n\n<p>A ocupa\u00e7\u00e3o foi organizada pelo Movimento de Luta nos Bairros, Vilas e Favelas (MLB), como parte de uma jornada nacional de ocupa\u00e7\u00f5es em dezenas de cidades brasileiras no Dia da Independ\u00eancia (7 de Setembro).<\/p>\n\n\n\n<p>Local abrigou a Secretaria Municipal de Tributa\u00e7\u00e3o at\u00e9 2015 e, desde ent\u00e3o, est\u00e1 sem uso &#8211; Foto: Eduarda Catunda \/ MLB<\/p>\n\n\n\n<p>Segundo o movimento, a escolha da data, feriado da Independ\u00eancia do Brasil, teve como objetivo questionar a realidade do pa\u00eds. \u201cQue independ\u00eancia \u00e9 essa, se nosso povo ainda vive em inseguran\u00e7a alimentar e milh\u00f5es de fam\u00edlias n\u00e3o t\u00eam casa pr\u00f3pria?\u201d, declarou o MLB em nota.<\/p>\n\n\n\n<p>De acordo com a entidade, o d\u00e9ficit habitacional em Natal chega a quase 50 mil fam\u00edlias, que vivem de aluguel, de favor em casas de parentes ou em situa\u00e7\u00e3o de rua.<\/p>\n\n\n\n<figure class=\"wp-block-image\"><img decoding=\"async\" src=\"https:\/\/agorarn.com.br\/wp-content\/webp-express\/webp-images\/uploads\/2025\/09\/image-21-edited.png.webp\" alt=\"image\" class=\"wp-image-962349\" title=\"Fam\u00edlias sem-teto do mlb ocupam antiga sede da tributa\u00e7\u00e3o na pra\u00e7a do estudante | not\u00edcias do rio grande do norte\"\/><figcaption class=\"wp-element-caption\">Ocupa\u00e7\u00e3o foi organizada pelo Movimento de Luta nos Bairros, Vilas e Favelas (MLB) \u2013 Foto: Eduarda Catunda \/ MLB<\/figcaption><\/figure>\n\n\n\n<p>O grupo tamb\u00e9m relacionou a a\u00e7\u00e3o \u00e0 solidariedade internacional. Ao nomear o espa\u00e7o como \u201cOcupa\u00e7\u00e3o Palestina Livre\u201d, o MLB afirmou que busca reafirmar a luta do movimento com a luta dos povos do mundo por justi\u00e7a social e soberania. Em nota, o movimento disse que \u201co povo palestino tem sofrido um genoc\u00eddio diante dos olhos de toda humanidade, pela extrema direita fascista de Israel e pelo imperialismo dos Estados Unidos\u201d.<\/p>\n\n\n\n<p><sub>por Agora RN<\/sub><a href=\"http:\/\/www.facebook.com\/sharer.php?u=https:\/\/agorarn.com.br\/ultimas\/familias-sem-teto-mlb-ocupam-sedetributacao\/\" target=\"_blank\" rel=\"noreferrer noopener\"><\/a><\/p>\n\n\n\n<p><a href=\"https:\/\/twitter.com\/intent\/tweet?url=https:\/\/agorarn.com.br\/ultimas\/familias-sem-teto-mlb-ocupam-sedetributacao\/&amp;text=Fam%C3%ADlias%20sem-teto%20do%20MLB%20ocupam%20antiga%20sede%20da%20Tributa%C3%A7%C3%A3o%20na%20Pra%C3%A7a%20do%20Estudante&amp;via=agora_rn\" target=\"_blank\" rel=\"noreferrer noopener\"><\/a><\/p>\n\n\n\n<p><a href=\"whatsapp:\/\/send?text=Fam%C3%ADlias%20sem-teto%20do%20MLB%20ocupam%20antiga%20sede%20da%20Tributa%C3%A7%C3%A3o%20na%20Pra%C3%A7a%20do%20Estudante%20|%20https:\/\/agorarn.com.br\/ultimas\/familias-sem-teto-mlb-ocupam-sedetributacao\/\" target=\"_blank\" rel=\"noreferrer noopener\"><\/a><\/p>\n","protected":false},"excerpt":{"rendered":"<p>Im\u00f3vel est\u00e1 localizado na Pra\u00e7a do Estudante, na Cidade Alta, e pertence \u00e0 Universidade Federal do Rio Grande do Norte (UFRN) Fam\u00edlias sem-teto ocuparam, na madrugada deste domingo 7, mais um pr\u00e9dio abandonado no Centro de Natal. O im\u00f3vel fica na Pra\u00e7a do Estudante, na Cidade Alta, e pertence \u00e0 Universidade Federal do Rio Grande&#8230;<\/p>\n","protected":false},"author":1,"featured_media":2897,"comment_status":"open","ping_status":"open","sticky":false,"template":"","format":"standard","meta":{"footnotes":""},"categories":[3],"tags":[],"class_list":["post-2896","post","type-post","status-publish","format-standard","has-post-thumbnail","hentry","category-geral"],"_links":{"self":[{"href":"https:\/\/cafecommessias.com.br\/index.php?rest_route=\/wp\/v2\/posts\/2896","targetHints":{"allow":["GET"]}}],"collection":[{"href":"https:\/\/cafecommessias.com.br\/index.php?rest_route=\/wp\/v2\/posts"}],"about":[{"href":"https:\/\/cafecommessias.com.br\/index.php?rest_route=\/wp\/v2\/types\/post"}],"author":[{"embeddable":true,"href":"https:\/\/cafecommessias.com.br\/index.php?rest_route=\/wp\/v2\/users\/1"}],"replies":[{"embeddable":true,"href":"https:\/\/cafecommessias.com.br\/index.php?rest_route=%2Fwp%2Fv2%2Fcomments&post=2896"}],"version-history":[{"count":1,"href":"https:\/\/cafecommessias.com.br\/index.php?rest_route=\/wp\/v2\/posts\/2896\/revisions"}],"predecessor-version":[{"id":2898,"href":"https:\/\/cafecommessias.com.br\/index.php?rest_route=\/wp\/v2\/posts\/2896\/revisions\/2898"}],"wp:featuredmedia":[{"embeddable":true,"href":"https:\/\/cafecommessias.com.br\/index.php?rest_route=\/wp\/v2\/media\/2897"}],"wp:attachment":[{"href":"https:\/\/cafecommessias.com.br\/index.php?rest_route=%2Fwp%2Fv2%2Fmedia&parent=2896"}],"wp:term":[{"taxonomy":"category","embeddable":true,"href":"https:\/\/cafecommessias.com.br\/index.php?rest_route=%2Fwp%2Fv2%2Fcategories&post=2896"},{"taxonomy":"post_tag","embeddable":true,"href":"https:\/\/cafecommessias.com.br\/index.php?rest_route=%2Fwp%2Fv2%2Ftags&post=2896"}],"curies":[{"name":"wp","href":"https:\/\/api.w.org\/{rel}","templated":true}]}}