{"id":2903,"date":"2025-09-07T12:59:10","date_gmt":"2025-09-07T15:59:10","guid":{"rendered":"https:\/\/cafecommessias.com.br\/?p=2903"},"modified":"2025-09-07T23:27:04","modified_gmt":"2025-09-08T02:27:04","slug":"sem-ministros-do-stf-e-com-motta-na-tribuna-lula-participa-de-desfile-do-7-de-setembro-em-brasilia","status":"publish","type":"post","link":"https:\/\/cafecommessias.com.br\/?p=2903","title":{"rendered":"Sem ministros do STF e com Motta na tribuna, Lula participa de desfile do 7 de Setembro\u00a0em\u00a0Bras\u00edlia"},"content":{"rendered":"\n<p>Evento come\u00e7ou por volta das 9h, na Esplanada, em Bras\u00edlia. Na presen\u00e7a do presidente da C\u00e2mara, parte do p\u00fablico gritou &#8216;sem anistia&#8217;, em refer\u00eancia a projeto que est\u00e1 sendo costurado&nbsp;no&nbsp;Congresso.<\/p>\n\n\n\n<p>O presidente\u00a0Luiz In\u00e1cio Lula da Silva\u00a0(PT) participou na manh\u00e3 deste domingo (7) do desfile de 7 de Setembro na Esplanada dos Minist\u00e9rios, em Bras\u00edlia.\u00a0Lula\u00a0chegou por volta das 9h04 ao local e desfilou em carro aberto ao lado da primeira-dama, Janja da Silva.<\/p>\n\n\n\n<p>A cerim\u00f4nia contou com a presen\u00e7a dos chefes das For\u00e7as Armadas, do vice-presidente,\u00a0Geraldo Alckmin, do presidente da C\u00e2mara, Hugo Motta (Republicanos-PB), e de ministros do governo, entre eles Rui Costa (Casa Civil), Ricardo Lewandowski (Justi\u00e7a), Simone Tebet (Planejamento) e Marina Silva (Meio Ambiente).<\/p>\n\n\n\n<h4 class=\"wp-block-heading\">Ministro com bon\u00e9 &#8216;Brasil Soberano&#8217;<\/h4>\n\n\n\n<p>O ministro do Turismo, Celso Sabino (Uni\u00e3o-PA), tamb\u00e9m esteve presente na ocasi\u00e3o, e&nbsp;chegou a colocar o bon\u00e9 &#8220;Brasil Soberano&#8221; entregue pelo governo no evento.&nbsp;O ministro \u00e9 do partido Uni\u00e3o Brasil, que desembarcou do governo na semana passada.<\/p>\n\n\n\n<p>Sabino tem feito um esfor\u00e7o nos bastidores para tentar se manter no cargo por mais tempo. Ele est\u00e1 sendo pressionado pela c\u00fapula do Uni\u00e3o Brasil a deixar o minist\u00e9rio depois que o partido antecipou a discuss\u00e3o para o desembarque&nbsp;do&nbsp;governo.<\/p>\n\n\n\n<p>O ministro do Esporte, Andr\u00e9 Fufuca (PP-MA), tamb\u00e9m participou da cerim\u00f4nia. Ele \u00e9 outro ministro que integra partido que decidiu deixar a base do governo.<\/p>\n\n\n\n<figure class=\"wp-block-image\"><img decoding=\"async\" src=\"https:\/\/s2-g1.glbimg.com\/63nVEFVSwkjydOEccol-zScuvPc=\/0x0:2544x1696\/984x0\/smart\/filters:strip_icc()\/i.s3.glbimg.com\/v1\/AUTH_59edd422c0c84a879bd37670ae4f538a\/internal_photos\/bs\/2025\/F\/V\/fC3UxvS4A6D6rmVtW6WQ\/2025-09-07t131038z-128537810-rc21ngaela1c-rtrmadp-3-brazil-independence-day.jpg\" alt=\"O presidente Lula e o presidente da C\u00e2mara, Hugo Motta, participam do desfile do 7 de Setembro em Bras\u00edlia \u2014 Foto: Adriano Machado\/Reuters\"\/><\/figure>\n\n\n\n<p>O presidente Lula e o presidente da C\u00e2mara, Hugo Motta, participam do desfile do 7 de Setembro em Bras\u00edlia \u2014 Foto: Adriano Machado\/Reuters<\/p>\n\n\n\n<figure class=\"wp-block-image\"><img decoding=\"async\" src=\"https:\/\/s2-g1.glbimg.com\/9yjd7eMgvKGQxxHKWwbSaz_-MJI=\/0x0:2048x1365\/984x0\/smart\/filters:strip_icc()\/i.s3.glbimg.com\/v1\/AUTH_59edd422c0c84a879bd37670ae4f538a\/internal_photos\/bs\/2025\/8\/c\/MQWm3gRxW3MB9lUN5seg\/54771389135-d5d4f999f2-k.jpg\" alt=\"Lula desfila em carro aberto ao lado da primeira-dama, Janja da Silva. \u2014 Foto: Ricardo Stuckert\/ Presid\u00eancia da Rep\u00fablica\"\/><\/figure>\n\n\n\n<p>Lula desfila em carro aberto ao lado da primeira-dama, Janja da Silva. \u2014 Foto: Ricardo Stuckert\/ Presid\u00eancia da Rep\u00fablica<\/p>\n\n\n\n<p><\/p>\n","protected":false},"excerpt":{"rendered":"<p>Evento come\u00e7ou por volta das 9h, na Esplanada, em Bras\u00edlia. Na presen\u00e7a do presidente da C\u00e2mara, parte do p\u00fablico gritou &#8216;sem anistia&#8217;, em refer\u00eancia a projeto que est\u00e1 sendo costurado&nbsp;no&nbsp;Congresso. O presidente\u00a0Luiz In\u00e1cio Lula da Silva\u00a0(PT) participou na manh\u00e3 deste domingo (7) do desfile de 7 de Setembro na Esplanada dos Minist\u00e9rios, em Bras\u00edlia.\u00a0Lula\u00a0chegou por&#8230;<\/p>\n","protected":false},"author":1,"featured_media":2904,"comment_status":"open","ping_status":"open","sticky":false,"template":"","format":"standard","meta":{"footnotes":""},"categories":[37],"tags":[],"class_list":["post-2903","post","type-post","status-publish","format-standard","has-post-thumbnail","hentry","category-brasil"],"_links":{"self":[{"href":"https:\/\/cafecommessias.com.br\/index.php?rest_route=\/wp\/v2\/posts\/2903","targetHints":{"allow":["GET"]}}],"collection":[{"href":"https:\/\/cafecommessias.com.br\/index.php?rest_route=\/wp\/v2\/posts"}],"about":[{"href":"https:\/\/cafecommessias.com.br\/index.php?rest_route=\/wp\/v2\/types\/post"}],"author":[{"embeddable":true,"href":"https:\/\/cafecommessias.com.br\/index.php?rest_route=\/wp\/v2\/users\/1"}],"replies":[{"embeddable":true,"href":"https:\/\/cafecommessias.com.br\/index.php?rest_route=%2Fwp%2Fv2%2Fcomments&post=2903"}],"version-history":[{"count":2,"href":"https:\/\/cafecommessias.com.br\/index.php?rest_route=\/wp\/v2\/posts\/2903\/revisions"}],"predecessor-version":[{"id":2910,"href":"https:\/\/cafecommessias.com.br\/index.php?rest_route=\/wp\/v2\/posts\/2903\/revisions\/2910"}],"wp:featuredmedia":[{"embeddable":true,"href":"https:\/\/cafecommessias.com.br\/index.php?rest_route=\/wp\/v2\/media\/2904"}],"wp:attachment":[{"href":"https:\/\/cafecommessias.com.br\/index.php?rest_route=%2Fwp%2Fv2%2Fmedia&parent=2903"}],"wp:term":[{"taxonomy":"category","embeddable":true,"href":"https:\/\/cafecommessias.com.br\/index.php?rest_route=%2Fwp%2Fv2%2Fcategories&post=2903"},{"taxonomy":"post_tag","embeddable":true,"href":"https:\/\/cafecommessias.com.br\/index.php?rest_route=%2Fwp%2Fv2%2Ftags&post=2903"}],"curies":[{"name":"wp","href":"https:\/\/api.w.org\/{rel}","templated":true}]}}