{"id":2906,"date":"2025-09-07T16:02:50","date_gmt":"2025-09-07T19:02:50","guid":{"rendered":"https:\/\/cafecommessias.com.br\/?p=2906"},"modified":"2025-09-07T16:03:57","modified_gmt":"2025-09-07T19:03:57","slug":"hugo-motta-defende-equilibrio-e-pacificacao-em-publicacao-nas-redes-sociais-sobre-7-de-setembro","status":"publish","type":"post","link":"https:\/\/cafecommessias.com.br\/?p=2906","title":{"rendered":"Hugo Motta defende equil\u00edbrio e pacifica\u00e7\u00e3o em publica\u00e7\u00e3o nas redes sociais sobre 7 de Setembro"},"content":{"rendered":"\n<p>Publica\u00e7\u00e3o \u00e9 deste domingo (7), mesmo dia em que o presidente da C\u00e2mara participou das celebra\u00e7\u00f5es da independ\u00eancia do Brasil ao lado do presidente Luiz In\u00e1cio Lula da Silva (PT).<\/p>\n\n\n\n<figure class=\"wp-block-image\"><img decoding=\"async\" src=\"https:\/\/s2-g1.glbimg.com\/Suxr8JnzPsFlsdSjiLfIzFQh3-U=\/0x0:1458x837\/984x0\/smart\/filters:strip_icc()\/i.s3.glbimg.com\/v1\/AUTH_59edd422c0c84a879bd37670ae4f538a\/internal_photos\/bs\/2025\/J\/n\/47zigTSzWx6eRW00AivA\/motta.jpg\" alt=\"Hugo Motta faz publica\u00e7\u00e3o sobre o 7 de Setembro \u2014 Foto: Reprodu\u00e7\u00e3o\/Instagram\"\/><\/figure>\n\n\n\n<p>Hugo Motta faz publica\u00e7\u00e3o sobre o 7 de Setembro \u2014 Foto: Reprodu\u00e7\u00e3o\/Instagram<\/p>\n\n\n\n<p>O presidente da C\u00e2mara, Hugo Motta, publicou neste domingo (7) em suas redes sociais um v\u00eddeo&nbsp;<strong>defendendo o equil\u00edbrio e a pacifica\u00e7\u00e3o do pa\u00eds<\/strong>. A publica\u00e7\u00e3o faz refer\u00eancia ao 7 de Setembro.<\/p>\n\n\n\n<blockquote class=\"wp-block-quote is-layout-flow wp-block-quote-is-layout-flow\">\n<p>&#8220;Todo mundo conhece o grito que marcou a nossa hist\u00f3ria. Mas, hoje, num Brasil t\u00e3o dividido, qual \u00e9 o verdadeiro grito de independ\u00eancia que a gente precisa dar? A verdadeira independ\u00eancia \u00e9 ter equil\u00edbrio&#8221;, afirmou Motta.<\/p>\n<\/blockquote>\n\n\n\n<p>Segundo Motta, o equil\u00edbrio \u00e9 necess\u00e1rio para abra\u00e7ar as boas ideias, independentemente de onde elas vierem: esquerda, direita ou centro. Ele ainda ressaltou o momento polarizado em que o pa\u00eds vive (<strong><em>leia mais abaixo<\/em><\/strong>).<\/p>\n\n\n\n<blockquote class=\"wp-block-quote is-layout-flow wp-block-quote-is-layout-flow\">\n<p>&#8220;Em um pa\u00eds que mais parece um campo de batalha, ter independ\u00eancia \u00e9 escolher n\u00e3o lutar uma guerra de narrativas, mas sim trabalhar para entregar o resultado&#8221;, completou o presidente da C\u00e2mara.<\/p>\n\n\n\n<p>Hugo Motta tamb\u00e9m ressaltou a import\u00e2ncia da independ\u00eancia do Brasil no contexto dos projetos que est\u00e3o sendo discutidos e foram aprovados pela C\u00e2mara.<\/p>\n\n\n\n<p>A publica\u00e7\u00e3o foi feita neste domingo, mesmo dia em que Motta participou das celebra\u00e7\u00f5es da independ\u00eancia do Brasil\u00a0ao lado do presidente Luiz In\u00e1cio Lula da Silva (PT) na Esplanada dos Minist\u00e9rios.<\/p>\n\n\n\n<p>Na presen\u00e7a de Motta, parte do p\u00fablico gritou &#8220;sem anistia&#8221;, em refer\u00eancia \u00e0 proposta que est\u00e1 sendo costurada no Congresso para anistiar envolvidos na tentativa de golpe de Estado em 8 de janeiro de 2023.<\/p>\n\n\n\n<h4 class=\"wp-block-heading\">Press\u00e3o por anistia<\/h4>\n\n\n\n<p>Motta tem sofrido fortes press\u00f5es da oposi\u00e7\u00e3o para pautar a proposta. A anistia \u00e9 a principal bandeira dos oposicionistas e um tema dominante na C\u00e2mara e no Senado neste segundo semestre.<\/p>\n\n\n\n<p>A ideia da oposi\u00e7\u00e3o \u00e9 livrar das penas n\u00e3o s\u00f3 as pessoas comuns envolvidas nos atos golpistas que culminaram dos ataques de 8 de janeiro, mas tamb\u00e9m os pol\u00edticos envolvidos em investiga\u00e7\u00f5es \u2014 como o ex-presidente Jair Bolsonaro (PL).<\/p>\n\n\n\n<p>A discuss\u00e3o ganhou for\u00e7a nos \u00faltimos dias com o julgamento da Trama Golpista na Primeira Turma do Supremo Tribunal Federal (STF), em que Bolsonaro e ex-assessores e militares s\u00e3o r\u00e9us por golpe de Estado.<\/p>\n\n\n\n<p>Bolsonaro est\u00e1 em pris\u00e3o domiciliar desde 4 de agosto por violar medidas restritivas impostas anteriormente. Se for condenado, pode pegar at\u00e9 43 anos de pris\u00e3o. Ele tamb\u00e9m est\u00e1 ineleg\u00edvel, porque foi condenado pelo Tribunal Superior Eleitoral (TSE) por abuso de poder pol\u00edtico.<\/p>\n\n\n\n<p>O PL, partido de Bolsonaro, \u00e9 o principal interessado, e o Centr\u00e3o tamb\u00e9m est\u00e1 endossando a medida de anistia. A alian\u00e7a formada por Uni\u00e3o Brasil e PP, que tem maior bancada na C\u00e2mara, anunciou o desembarque do governo Lula recentemente para aderir \u00e0 campanha da anistia.<\/p>\n\n\n\n<p>O governador de S\u00e3o Paulo, Tarc\u00edsio de Freitas, que \u00e9 do Republicanos, esteve em Bras\u00edlia para tentar convencer Motta a colocar o tema em vota\u00e7\u00e3o.<\/p>\n\n\n\n<p>N\u00e3o se sabe ainda qual texto seria votado. Um dos pontos em discuss\u00e3o \u00e9 o alcance da poss\u00edvel anistia: se ela valeria apenas para quem j\u00e1 foi condenado pelos ataques golpistas de 8 de janeiro de 2023 ou se alcan\u00e7aria tamb\u00e9m o ex-presidente e seus aliados que est\u00e3o sendo julgados no STF.<\/p>\n\n\n\n<figure class=\"wp-block-image\"><img decoding=\"async\" src=\"https:\/\/s2-g1.glbimg.com\/63nVEFVSwkjydOEccol-zScuvPc=\/0x0:2544x1696\/984x0\/smart\/filters:strip_icc()\/i.s3.glbimg.com\/v1\/AUTH_59edd422c0c84a879bd37670ae4f538a\/internal_photos\/bs\/2025\/F\/V\/fC3UxvS4A6D6rmVtW6WQ\/2025-09-07t131038z-128537810-rc21ngaela1c-rtrmadp-3-brazil-independence-day.jpg\" alt=\"O presidente Lula e o presidente da C\u00e2mara, Hugo Motta, participam do desfile do 7 de Setembro em Bras\u00edlia \u2014 Foto: Adriano Machado\/Reuters\"\/><\/figure>\n\n\n\n<p>O presidente Lula e o presidente da C\u00e2mara, Hugo Motta, participam do desfile do 7 de Setembro em Bras\u00edlia \u2014 Foto: Adriano Machado\/Reuters<\/p>\n\n\n\n<p><sub>Por\u00a0Reda\u00e7\u00e3o g1\u00a0\u2014 Bras\u00edlia<\/sub><\/p>\n<\/blockquote>\n\n\n\n<p><\/p>\n","protected":false},"excerpt":{"rendered":"<p>Publica\u00e7\u00e3o \u00e9 deste domingo (7), mesmo dia em que o presidente da C\u00e2mara participou das celebra\u00e7\u00f5es da independ\u00eancia do Brasil ao lado do presidente Luiz In\u00e1cio Lula da Silva (PT). Hugo Motta faz publica\u00e7\u00e3o sobre o 7 de Setembro \u2014 Foto: Reprodu\u00e7\u00e3o\/Instagram O presidente da C\u00e2mara, Hugo Motta, publicou neste domingo (7) em suas redes&#8230;<\/p>\n","protected":false},"author":1,"featured_media":2907,"comment_status":"open","ping_status":"open","sticky":false,"template":"","format":"standard","meta":{"footnotes":""},"categories":[37],"tags":[],"class_list":["post-2906","post","type-post","status-publish","format-standard","has-post-thumbnail","hentry","category-brasil"],"_links":{"self":[{"href":"https:\/\/cafecommessias.com.br\/index.php?rest_route=\/wp\/v2\/posts\/2906","targetHints":{"allow":["GET"]}}],"collection":[{"href":"https:\/\/cafecommessias.com.br\/index.php?rest_route=\/wp\/v2\/posts"}],"about":[{"href":"https:\/\/cafecommessias.com.br\/index.php?rest_route=\/wp\/v2\/types\/post"}],"author":[{"embeddable":true,"href":"https:\/\/cafecommessias.com.br\/index.php?rest_route=\/wp\/v2\/users\/1"}],"replies":[{"embeddable":true,"href":"https:\/\/cafecommessias.com.br\/index.php?rest_route=%2Fwp%2Fv2%2Fcomments&post=2906"}],"version-history":[{"count":2,"href":"https:\/\/cafecommessias.com.br\/index.php?rest_route=\/wp\/v2\/posts\/2906\/revisions"}],"predecessor-version":[{"id":2909,"href":"https:\/\/cafecommessias.com.br\/index.php?rest_route=\/wp\/v2\/posts\/2906\/revisions\/2909"}],"wp:featuredmedia":[{"embeddable":true,"href":"https:\/\/cafecommessias.com.br\/index.php?rest_route=\/wp\/v2\/media\/2907"}],"wp:attachment":[{"href":"https:\/\/cafecommessias.com.br\/index.php?rest_route=%2Fwp%2Fv2%2Fmedia&parent=2906"}],"wp:term":[{"taxonomy":"category","embeddable":true,"href":"https:\/\/cafecommessias.com.br\/index.php?rest_route=%2Fwp%2Fv2%2Fcategories&post=2906"},{"taxonomy":"post_tag","embeddable":true,"href":"https:\/\/cafecommessias.com.br\/index.php?rest_route=%2Fwp%2Fv2%2Ftags&post=2906"}],"curies":[{"name":"wp","href":"https:\/\/api.w.org\/{rel}","templated":true}]}}