{"id":2917,"date":"2025-09-09T16:13:06","date_gmt":"2025-09-09T19:13:06","guid":{"rendered":"https:\/\/cafecommessias.com.br\/?p=2917"},"modified":"2025-09-09T16:13:07","modified_gmt":"2025-09-09T19:13:07","slug":"moraes-vota-para-condenar-bolsonaro-e-outros-sete-por-tentativa-de-golpe-de-estado","status":"publish","type":"post","link":"https:\/\/cafecommessias.com.br\/?p=2917","title":{"rendered":"Moraes vota para condenar Bolsonaro e outros sete por tentativa de golpe de Estado"},"content":{"rendered":"\n<p>Ministro pediu a condena\u00e7\u00e3o do ex-presidente e de outros sete r\u00e9us por crimes como organiza\u00e7\u00e3o criminosa armada, aboli\u00e7\u00e3o violenta do Estado Democr\u00e1tico de Direito e tentativa de golpe<\/p>\n\n\n\n<p>O ministro Alexandre de Moraes, do Supremo Tribunal Federal (STF), votou nesta ter\u00e7a-feira 9 pela condena\u00e7\u00e3o do ex-presidente Jair Bolsonaro (PL) e de outros sete r\u00e9us por tentativa de golpe de Estado. O julgamento ocorre na Primeira Turma da Corte e deve ser conclu\u00eddo at\u00e9 sexta-feira 12.<\/p>\n\n\n\n<p>Al\u00e9m de Bolsonaro, que cumpre pris\u00e3o domiciliar, s\u00e3o r\u00e9us: Alexandre Ramagem, ex-diretor da Ag\u00eancia Brasileira de Intelig\u00eancia (Abin); Almir Garnier, ex-comandante da Marinha; Anderson Torres, ex-ministro da Justi\u00e7a; general Augusto Heleno, ex-ministro do Gabinete de Seguran\u00e7a Institucional; Mauro Cid, ex-ajudante de ordens da Presid\u00eancia; Paulo S\u00e9rgio Nogueira, ex-ministro da Defesa; e Walter Souza Braga Netto, ex-ministro da Casa Civil.<\/p>\n\n\n\n<p>Os oito respondem pelos crimes de organiza\u00e7\u00e3o criminosa armada, tentativa de aboli\u00e7\u00e3o violenta do Estado Democr\u00e1tico de Direito, tentativa de golpe de Estado, dano qualificado contra o patrim\u00f4nio da Uni\u00e3o e deteriora\u00e7\u00e3o de patrim\u00f4nio tombado.<\/p>\n\n\n\n<p>Moraes afirmou que Bolsonaro liderou uma organiza\u00e7\u00e3o criminosa que tinha \u201cum projeto autorit\u00e1rio de poder\u201d e tentou impedir a posse de Luiz In\u00e1cio Lula da Silva (PT). Para o ministro, existem provas \u201ccabais\u201d da tentativa de golpe.<\/p>\n\n\n\n<p>Entre os elementos apresentados, Moraes citou:<\/p>\n\n\n\n<ul class=\"wp-block-list\">\n<li><strong>Live de julho de 2021<\/strong>\u00a0\u2013 \u201cTodas as mentiras criminosas feitas na live eram disseminadas pelas mil\u00edcias digitais. A live foi mais um ato execut\u00f3rio.\u201d<\/li>\n\n\n\n<li><strong>Reuni\u00e3o ministerial de 5 de julho de 2022<\/strong>\u00a0\u2013 \u201cA reuni\u00e3o ministerial agravou a atua\u00e7\u00e3o contra o Estado Democr\u00e1tico de Direito. Tudo isso constou da minuta do golpe \u2014 pris\u00f5es, fechamento do TSE, gabinete p\u00f3s-golpe.\u201d<\/li>\n\n\n\n<li><strong>Encontro com embaixadores em 18 de julho de 2022<\/strong>\u00a0\u2013 \u201cEssa reuni\u00e3o talvez entre para a hist\u00f3ria como um dos momentos de maior entreguismo nacional, preparat\u00f3ria para uma tentativa de retorno \u00e0 posi\u00e7\u00e3o de col\u00f4nia brasileira, s\u00f3 que n\u00e3o mais em Portugal.\u201d<\/li>\n\n\n\n<li><strong>A\u00e7\u00f5es da PRF no 2\u00ba turno de 2022<\/strong>\u00a0\u2013 \u201cA cronologia comprova a ilicitude dessa conduta, liderada por Bolsonaro, com participa\u00e7\u00e3o de Anderson Torres. Aqui a cronologia mostra o absurdo total e o desespero desse grupo criminoso.\u201d<\/li>\n\n\n\n<li><strong>Documento \u201cPunhal Verde e Amarelo\u201d<\/strong>\u00a0\u2013 \u201cSe pretendia matar o presidente eleito da Rep\u00fablica. N\u00e3o \u00e9 poss\u00edvel banalizar esse retorno a momentos obscuros da nossa hist\u00f3ria. A prova \u00e9 farta: o documento Punhal Verde e Amarelo foi impresso no Pal\u00e1cio do Planalto em 9 de novembro.\u201d<\/li>\n<\/ul>\n\n\n\n<p>O ministro tamb\u00e9m mencionou o encontro do general M\u00e1rio Fernandes com Bolsonaro logo ap\u00f3s imprimir o plano. \u201cN\u00e3o \u00e9 cr\u00edvel achar que ele imprimiu, foi ao Alvorada, ficou uma hora e seis minutos com o presidente e fez barquinho de papel com o plano. Isso seria ridicularizar a intelig\u00eancia do tribunal.\u201d<\/p>\n\n\n\n<p>Outro ponto foi o \u00e1udio gravado por M\u00e1rio Fernandes e enviado a Mauro Cid. \u201cN\u00e3o h\u00e1 prova mais cabal al\u00e9m desse \u00e1udio. Todas as alega\u00e7\u00f5es do colaborador Mauro Cid foram confirmadas por reuni\u00f5es, impress\u00f5es dos planos e por esse registro patente da participa\u00e7\u00e3o do l\u00edder da organiza\u00e7\u00e3o criminosa.\u201d<\/p>\n\n\n\n<p>Sobre as minutas golpistas, Moraes disse: \u201cA organiza\u00e7\u00e3o j\u00e1 tinha decidido pelo golpe \u2014 s\u00f3 faltava definir os termos do golpe.\u201d<\/p>\n\n\n\n<p>O ministro tamb\u00e9m lembrou os atos violentos ocorridos em Bras\u00edlia. \u201cN\u00f3s estamos esquecendo aos poucos que o Brasil quase voltou a uma ditadura que durou 20 anos, porque uma organiza\u00e7\u00e3o criminosa constitu\u00edda por um grupo pol\u00edtico n\u00e3o sabe perder elei\u00e7\u00f5es.\u201d<\/p>\n\n\n\n<p>Os demais ministros da Primeira Turma \u2014 Fl\u00e1vio Dino, Luiz Fux, C\u00e1rmen L\u00facia e Cristiano Zanin, presidente do colegiado \u2014 ainda ir\u00e3o votar.<\/p>\n\n\n\n<p><sub>por Agora RN<\/sub><\/p>\n\n\n\n<p><\/p>\n","protected":false},"excerpt":{"rendered":"<p>Ministro pediu a condena\u00e7\u00e3o do ex-presidente e de outros sete r\u00e9us por crimes como organiza\u00e7\u00e3o criminosa armada, aboli\u00e7\u00e3o violenta do Estado Democr\u00e1tico de Direito e tentativa de golpe O ministro Alexandre de Moraes, do Supremo Tribunal Federal (STF), votou nesta ter\u00e7a-feira 9 pela condena\u00e7\u00e3o do ex-presidente Jair Bolsonaro (PL) e de outros sete r\u00e9us por&#8230;<\/p>\n","protected":false},"author":1,"featured_media":2918,"comment_status":"open","ping_status":"open","sticky":false,"template":"","format":"standard","meta":{"footnotes":""},"categories":[3],"tags":[],"class_list":["post-2917","post","type-post","status-publish","format-standard","has-post-thumbnail","hentry","category-geral"],"_links":{"self":[{"href":"https:\/\/cafecommessias.com.br\/index.php?rest_route=\/wp\/v2\/posts\/2917","targetHints":{"allow":["GET"]}}],"collection":[{"href":"https:\/\/cafecommessias.com.br\/index.php?rest_route=\/wp\/v2\/posts"}],"about":[{"href":"https:\/\/cafecommessias.com.br\/index.php?rest_route=\/wp\/v2\/types\/post"}],"author":[{"embeddable":true,"href":"https:\/\/cafecommessias.com.br\/index.php?rest_route=\/wp\/v2\/users\/1"}],"replies":[{"embeddable":true,"href":"https:\/\/cafecommessias.com.br\/index.php?rest_route=%2Fwp%2Fv2%2Fcomments&post=2917"}],"version-history":[{"count":1,"href":"https:\/\/cafecommessias.com.br\/index.php?rest_route=\/wp\/v2\/posts\/2917\/revisions"}],"predecessor-version":[{"id":2919,"href":"https:\/\/cafecommessias.com.br\/index.php?rest_route=\/wp\/v2\/posts\/2917\/revisions\/2919"}],"wp:featuredmedia":[{"embeddable":true,"href":"https:\/\/cafecommessias.com.br\/index.php?rest_route=\/wp\/v2\/media\/2918"}],"wp:attachment":[{"href":"https:\/\/cafecommessias.com.br\/index.php?rest_route=%2Fwp%2Fv2%2Fmedia&parent=2917"}],"wp:term":[{"taxonomy":"category","embeddable":true,"href":"https:\/\/cafecommessias.com.br\/index.php?rest_route=%2Fwp%2Fv2%2Fcategories&post=2917"},{"taxonomy":"post_tag","embeddable":true,"href":"https:\/\/cafecommessias.com.br\/index.php?rest_route=%2Fwp%2Fv2%2Ftags&post=2917"}],"curies":[{"name":"wp","href":"https:\/\/api.w.org\/{rel}","templated":true}]}}