{"id":2920,"date":"2025-09-09T16:15:35","date_gmt":"2025-09-09T19:15:35","guid":{"rendered":"https:\/\/cafecommessias.com.br\/?p=2920"},"modified":"2025-09-09T16:15:36","modified_gmt":"2025-09-09T19:15:36","slug":"cesar-maia-nega-ter-sido-procurado-por-katia-pires-para-tramar-cassacao-de-nilda-em-parnamirim","status":"publish","type":"post","link":"https:\/\/cafecommessias.com.br\/?p=2920","title":{"rendered":"C\u00e9sar Maia nega ter sido procurado por K\u00e1tia Pires para tramar cassa\u00e7\u00e3o de Nilda em Parnamirim"},"content":{"rendered":"\n<p>Presidente da C\u00e2mara de Parnamirim negou articula\u00e7\u00e3o com a vice-prefeita sobre cassa\u00e7\u00e3o de Nilda Cruz e afirmou que den\u00fancia apresentada contra a gest\u00e3o foi arquivada por n\u00e3o atender requisitos formais.<\/p>\n\n\n\n<p>O presidente da C\u00e2mara Municipal de Parnamirim, vereador C\u00e9sar Maia (MDB), negou ter sido procurado pela vice-prefeita K\u00e1tia Pires (Uni\u00e3o) para tratar de eventual articula\u00e7\u00e3o em torno da cassa\u00e7\u00e3o da prefeita Nilda Cruz (Solidariedade). Em entrevista <strong>\u00a0<\/strong>nesta ter\u00e7a-feira 9, C\u00e9sar Maia disse que mant\u00e9m boa rela\u00e7\u00e3o com K\u00e1tia, mas que n\u00e3o tratou desse assunto com a vice-prefeita.<\/p>\n\n\n\n<p>\u201cN\u00e3o, n\u00e3o. N\u00e3o teve nenhuma articula\u00e7\u00e3o entre a vice-prefeita e o presidente da C\u00e2mara Municipal\u201d, afirmou.<\/p>\n\n\n\n<p>No m\u00eas passado, Nilda e K\u00e1tia romperam politicamente ap\u00f3s vir \u00e0 tona a revela\u00e7\u00e3o de que a vice estaria supostamente articulando a cassa\u00e7\u00e3o da prefeita. Segundo os relatos, K\u00e1tia teria procurado vereadores para buscar apoio para que uma den\u00fancia contra a gest\u00e3o municipal avan\u00e7asse na C\u00e2mara. Com o rompimento, Nilda exonerou Carol Pires e F\u00e1bio Falc\u00e3o, filha e marido de K\u00e1tia, das duas secretarias que eles ocupavam. Outros cargos ligados ao grupo da vice-prefeita foram eliminados da gest\u00e3o.<\/p>\n\n\n\n<p>O presidente da C\u00e2mara fez quest\u00e3o de refor\u00e7ar que n\u00e3o manteve contato sobre o tema. \u201cEu n\u00e3o tive nenhum contato com a vice-prefeita K\u00e1tia Pires. \u00c9 at\u00e9 importante falar isso, sobre esse processo. Nossa rela\u00e7\u00e3o \u00e9 a n\u00edvel institucional. Tenho amizade, tenho uma boa conversa com K\u00e1tia Pires, respeito a pessoa dela, inclusive a sua hist\u00f3ria pol\u00edtica, mas n\u00e3o conversamos sobre isso\u201d, declarou.<\/p>\n\n\n\n<h4 class=\"wp-block-heading\">Den\u00fancia arquivada<\/h4>\n\n\n\n<p>C\u00e9sar Maia tamb\u00e9m comentou sobre a den\u00fancia que estaria no centro da discuss\u00e3o sobre a poss\u00edvel cassa\u00e7\u00e3o. Ele disse que o documento foi protocolado na C\u00e2mara por um cidad\u00e3o comum. O vereador explicou que o processo foi analisado, mas acabou arquivado por falta de requisitos formais.<\/p>\n\n\n\n<p>\u201cFoi protocolado na C\u00e2mara Municipal um processo que tramitou dentro da C\u00e2mara, e a gente n\u00e3o pautou porque o Regimento Interno manda que, para pautar um processo desse, a gente precisa cumprir alguns requisitos. Como n\u00e3o cumpria esses requisitos, a gente precisou arquivar\u201d, disse C\u00e9sar Maia.<\/p>\n\n\n\n<p>Ele lembrou que K\u00e1tia foi vereadora e conhece o Regimento Interno. Por isso, segundo ele, n\u00e3o faria sentido a vice-prefeita procur\u00e1-lo para tratar da cassa\u00e7\u00e3o porque ela saberia que a den\u00fancia n\u00e3o teria como seguir adiante. \u201cSe fosse o caso (de ela ter procurado), K\u00e1tia foi vereadora por cinco mandatos. Ela \u00e9 detentora do conhecimento do Regimento Interno da C\u00e2mara Municipal\u201d, declarou C\u00e9sar Maia.<\/p>\n\n\n\n<p>O presidente frisou que n\u00e3o h\u00e1 provas de que a den\u00fancia partiu da vice-prefeita. \u201cO dado que n\u00f3s temos \u00e9 justamente esse documento que foi protocolado na C\u00e2mara Municipal, mas foi um cidad\u00e3o de Parnamirim identificado, qualificado dentro do processo. N\u00e3o posso afirmar se foi realmente a vice-prefeita que estava conspirando\u201d, pontuou.<\/p>\n\n\n\n<p>De acordo com ele, o material apresentado n\u00e3o tinha consist\u00eancia. \u201cA den\u00fancia \u00e9 uma den\u00fancia que ele juntou basicamente informa\u00e7\u00f5es de rede social, n\u00e3o tinha nada concreto. Os vereadores tiveram conhecimento desse processo, a gente deu publicidade dentro da C\u00e2mara Municipal, tramitando junto aos procuradores para que a gente tamb\u00e9m tivesse a seguran\u00e7a jur\u00eddica de que est\u00e1vamos fazendo dentro da legalidade\u201d, explicou.<\/p>\n\n\n\n<p>C\u00e9sar Maia refor\u00e7ou que a decis\u00e3o seguiu crit\u00e9rios t\u00e9cnicos. \u201cN\u00e3o h\u00e1 segredo para administrar: a gente tem um Regimento Interno dentro da C\u00e2mara, e a gente precisa cumprir. \u00c9 a Casa que faz as leis. Nada mais justo do que voc\u00ea cumprir a maior lei que n\u00f3s temos, que \u00e9 o Regimento Interno da C\u00e2mara Municipal\u201d, completou.<\/p>\n\n\n\n<p><sub>por Agora RN<\/sub><\/p>\n","protected":false},"excerpt":{"rendered":"<p>Presidente da C\u00e2mara de Parnamirim negou articula\u00e7\u00e3o com a vice-prefeita sobre cassa\u00e7\u00e3o de Nilda Cruz e afirmou que den\u00fancia apresentada contra a gest\u00e3o foi arquivada por n\u00e3o atender requisitos formais. O presidente da C\u00e2mara Municipal de Parnamirim, vereador C\u00e9sar Maia (MDB), negou ter sido procurado pela vice-prefeita K\u00e1tia Pires (Uni\u00e3o) para tratar de eventual articula\u00e7\u00e3o&#8230;<\/p>\n","protected":false},"author":1,"featured_media":2921,"comment_status":"open","ping_status":"open","sticky":false,"template":"","format":"standard","meta":{"footnotes":""},"categories":[6],"tags":[],"class_list":["post-2920","post","type-post","status-publish","format-standard","has-post-thumbnail","hentry","category-politica"],"_links":{"self":[{"href":"https:\/\/cafecommessias.com.br\/index.php?rest_route=\/wp\/v2\/posts\/2920","targetHints":{"allow":["GET"]}}],"collection":[{"href":"https:\/\/cafecommessias.com.br\/index.php?rest_route=\/wp\/v2\/posts"}],"about":[{"href":"https:\/\/cafecommessias.com.br\/index.php?rest_route=\/wp\/v2\/types\/post"}],"author":[{"embeddable":true,"href":"https:\/\/cafecommessias.com.br\/index.php?rest_route=\/wp\/v2\/users\/1"}],"replies":[{"embeddable":true,"href":"https:\/\/cafecommessias.com.br\/index.php?rest_route=%2Fwp%2Fv2%2Fcomments&post=2920"}],"version-history":[{"count":1,"href":"https:\/\/cafecommessias.com.br\/index.php?rest_route=\/wp\/v2\/posts\/2920\/revisions"}],"predecessor-version":[{"id":2922,"href":"https:\/\/cafecommessias.com.br\/index.php?rest_route=\/wp\/v2\/posts\/2920\/revisions\/2922"}],"wp:featuredmedia":[{"embeddable":true,"href":"https:\/\/cafecommessias.com.br\/index.php?rest_route=\/wp\/v2\/media\/2921"}],"wp:attachment":[{"href":"https:\/\/cafecommessias.com.br\/index.php?rest_route=%2Fwp%2Fv2%2Fmedia&parent=2920"}],"wp:term":[{"taxonomy":"category","embeddable":true,"href":"https:\/\/cafecommessias.com.br\/index.php?rest_route=%2Fwp%2Fv2%2Fcategories&post=2920"},{"taxonomy":"post_tag","embeddable":true,"href":"https:\/\/cafecommessias.com.br\/index.php?rest_route=%2Fwp%2Fv2%2Ftags&post=2920"}],"curies":[{"name":"wp","href":"https:\/\/api.w.org\/{rel}","templated":true}]}}