{"id":2923,"date":"2025-09-09T20:55:04","date_gmt":"2025-09-09T23:55:04","guid":{"rendered":"https:\/\/cafecommessias.com.br\/?p=2923"},"modified":"2025-09-09T20:56:17","modified_gmt":"2025-09-09T23:56:17","slug":"pf-confiavel-dialogos-revelam-que-gabinete-clandestino-de-moraes-recebia-ajuda-de-policiais-federais","status":"publish","type":"post","link":"https:\/\/cafecommessias.com.br\/?p=2923","title":{"rendered":"\u2018PF confi\u00e1vel\u2019: di\u00e1logos revelam que gabinete clandestino de Moraes recebia ajuda de policiais federais"},"content":{"rendered":"\n<p>Conversas de WhatsApp registradas em agosto de 2022 e reveladas nesta semana trazem \u00e0 tona os bastidores de uma das opera\u00e7\u00f5es do gabinete clandestino do ministro Alexandre de Moraes, do Supremo Tribunal Federal (STF). Nas conversas, entre o ent\u00e3o chefe da Assessoria Especial de Enfrentamento \u00e0 Desinforma\u00e7\u00e3o (AEED), do Tribunal Superior Eleitoral (TSE), Eduardo Tagliaferro, e a jornalista Let\u00edcia Sallorenzo, conhecida como \u201cBruxa\u201d, exp\u00f5em como os subordinados do magistrado operavam na campanha eleitoral de 2022.<\/p>\n\n\n\n<p>Pelas mensagens, obtidas com exclusividade pelo jornalista David \u00c1gape, \u00e9 poss\u00edvel notar como o gabinete clandestino recorria a redes de informantes e tinha infiltrados at\u00e9 mesmo na Pol\u00edcia Federal (PF), um \u00f3rg\u00e3o aut\u00f4nomo e independente.<\/p>\n\n\n\n<p>Em 23 de agosto de 2022, Moraes determinou busca e apreens\u00e3o contra oito empres\u00e1rios supostamente ligados ao ent\u00e3o presidente da Rep\u00fablica, Jair Bolsonaro. Na \u00e9poca, setores da imprensa revelaram que o ministro usou apenas uma reportagem do site do Metr\u00f3poles para justificar a opera\u00e7\u00e3o. A a\u00e7\u00e3o resultou em bloqueio de contas banc\u00e1rias e suspens\u00e3o de redes sociais. Um ano depois, j\u00e1 no governo Luiz In\u00e1cio Lula da Silva, a investiga\u00e7\u00e3o seria arquivada para a maioria dos alvos. Restaram apenas Meyer Joseph Nigri e Luciano Hang. O processo segue em sigilo at\u00e9 hoje.<\/p>\n\n\n\n<p>Em meio \u00e0 troca de mensagens, Let\u00edcia Sallorenzo pergunta se o celular de Meyer Nigri, apreendido na opera\u00e7\u00e3o, estava sob cust\u00f3dia de uma \u201cPF confi\u00e1vel\u201d. Tagliaferro confirma que sim, ao sugerir a exist\u00eancia de uma rede seletiva de delegados e agentes leais ao ministro.<\/p>\n\n\n\n<figure class=\"wp-block-image size-large\"><img loading=\"lazy\" decoding=\"async\" width=\"649\" height=\"1024\" src=\"https:\/\/cafecommessias.com.br\/wp-content\/uploads\/2025\/09\/IMG_0459-768x1211-1-649x1024.jpeg\" alt=\"\" class=\"wp-image-2926\" srcset=\"https:\/\/cafecommessias.com.br\/wp-content\/uploads\/2025\/09\/IMG_0459-768x1211-1-649x1024.jpeg 649w, https:\/\/cafecommessias.com.br\/wp-content\/uploads\/2025\/09\/IMG_0459-768x1211-1-190x300.jpeg 190w, https:\/\/cafecommessias.com.br\/wp-content\/uploads\/2025\/09\/IMG_0459-768x1211-1.jpeg 768w\" sizes=\"auto, (max-width: 649px) 100vw, 649px\" \/><\/figure>\n\n\n\n<figure class=\"wp-block-image size-large\"><img loading=\"lazy\" decoding=\"async\" width=\"648\" height=\"1024\" src=\"https:\/\/cafecommessias.com.br\/wp-content\/uploads\/2025\/09\/IMG_0460-768x1213-2-648x1024.jpeg\" alt=\"\" class=\"wp-image-2927\" srcset=\"https:\/\/cafecommessias.com.br\/wp-content\/uploads\/2025\/09\/IMG_0460-768x1213-2-648x1024.jpeg 648w, https:\/\/cafecommessias.com.br\/wp-content\/uploads\/2025\/09\/IMG_0460-768x1213-2-190x300.jpeg 190w, https:\/\/cafecommessias.com.br\/wp-content\/uploads\/2025\/09\/IMG_0460-768x1213-2.jpeg 768w\" sizes=\"auto, (max-width: 648px) 100vw, 648px\" \/><\/figure>\n\n\n\n\n\n<h3 class=\"wp-block-heading\" id=\"h-quem-e-leticia-sallorenzo-a-bruxa\"><strong>Quem \u00e9 Let\u00edcia Sallorenzo, a \u201cBruxa\u201d<\/strong><\/h3>\n\n\n\n<p>Let\u00edcia Sallorenzo \u00e9 jornalista formada pela UFRJ, mestre em lingu\u00edstica e atualmente doutoranda pela Universidade de Bras\u00edlia. Sua pesquisa acad\u00eamica aborda temas como&nbsp;<em>fake news<\/em>, manipula\u00e7\u00e3o discursiva e estrat\u00e9gias de comunica\u00e7\u00e3o.<\/p>\n\n\n\n<p>Nas redes sociais, Let\u00edcia ficou conhecida como \u201cBruxa\u201d, apelido que ela pr\u00f3pria adotou em perfis digitais. O tom militante, em defesa de ministros do STF e do TSE e contra Bolsonaro, tornou-a voz ativa no debate p\u00fablico.<\/p>\n\n\n\n<p>Em 2022, durante o auge da campanha eleitoral, Let\u00edcia passou a atuar como colaboradora informal do TSE, ao manter contato direto com Eduardo Tagliaferro, ent\u00e3o chefe da Assessoria Especial de Enfrentamento \u00e0 Desinforma\u00e7\u00e3o. Sua atua\u00e7\u00e3o misturava milit\u00e2ncia digital, proximidade pessoal com figuras do Judici\u00e1rio e fornecimento de informa\u00e7\u00f5es privadas, o que a colocou no centro das revela\u00e7\u00f5es conhecidas como \u201cVaza Toga\u201d.<\/p>\n\n\n\n<h3 class=\"wp-block-heading\" id=\"h-as-ilegalidades-nos-dialogos\"><strong>As ilegalidades nos di\u00e1logos<\/strong><\/h3>\n\n\n\n<p><strong>1. Falta de legitimidade e cadeia de cust\u00f3dia<\/strong><\/p>\n\n\n\n<ul class=\"wp-block-list\">\n<li>Toda prova em processo judicial deve respeitar a cadeia de cust\u00f3dia, prevista nos artigos 158-A a 158-F do C\u00f3digo de Processo Penal.<\/li>\n\n\n\n<li>Isso significa que qualquer vest\u00edgio (como prints, celulares apreendidos ou mensagens) precisa ser coletado, preservado e rastreado desde a origem at\u00e9 sua apresenta\u00e7\u00e3o em ju\u00edzo.<\/li>\n<\/ul>\n\n\n\n<p><strong>2. Uso de colaboradora externa e infiltra\u00e7\u00e3o<\/strong><\/p>\n\n\n\n<ul class=\"wp-block-list\">\n<li>Let\u00edcia Sallorenzo n\u00e3o tinha cargo oficial no TSE. Mesmo assim, atuava como assessora informal.<\/li>\n\n\n\n<li>Isso significa que dados privados de empres\u00e1rios foram entregues diretamente ao gabinete de um ministro, sem passar por investiga\u00e7\u00f5es formais.<\/li>\n\n\n\n<li>A pr\u00e1tica viola o devido processo legal e o princ\u00edpio da impessoalidade administrativa, j\u00e1 que decis\u00f5es judiciais n\u00e3o podem se basear em informa\u00e7\u00f5es de militantes ou informantes clandestinos.<\/li>\n<\/ul>\n\n\n\n<p><strong>3. A \u201cPF confi\u00e1vel\u201d<\/strong><\/p>\n\n\n\n<ul class=\"wp-block-list\">\n<li>O ponto mais grave aparece quando Let\u00edcia pergunta se o celular de Meyer Nigri estava em posse de uma \u201cPF confi\u00e1vel\u201d, e Tagliaferro confirma que sim.<\/li>\n\n\n\n<li>Essa frase sugere que havia dentro da Pol\u00edcia Federal uma rede paralela de agentes.<\/li>\n\n\n\n<li>Isso fere a imparcialidade da Pol\u00edcia Federal, que deve atuar como pol\u00edcia judici\u00e1ria da Uni\u00e3o, e n\u00e3o como bra\u00e7o de confian\u00e7a de um magistrado.<\/li>\n\n\n\n<li>Se confirmado que provas foram manipuladas ou direcionadas por esse grupo, isso pode configurar abuso de autoridade (Lei 13.869\/2019), obstru\u00e7\u00e3o de justi\u00e7a e at\u00e9 falsidade ideol\u00f3gica (art. 299 do C\u00f3digo Penal).<\/li>\n<\/ul>\n\n\n\n<p><em><sub>Por Revista Oeste<\/sub><\/em><strong>\u00a0<\/strong><\/p>\n","protected":false},"excerpt":{"rendered":"<p>Conversas de WhatsApp registradas em agosto de 2022 e reveladas nesta semana trazem \u00e0 tona os bastidores de uma das opera\u00e7\u00f5es do gabinete clandestino do ministro Alexandre de Moraes, do Supremo Tribunal Federal (STF). Nas conversas, entre o ent\u00e3o chefe da Assessoria Especial de Enfrentamento \u00e0 Desinforma\u00e7\u00e3o (AEED), do Tribunal Superior Eleitoral (TSE), Eduardo Tagliaferro,&#8230;<\/p>\n","protected":false},"author":1,"featured_media":2929,"comment_status":"closed","ping_status":"closed","sticky":false,"template":"","format":"standard","meta":{"footnotes":""},"categories":[3],"tags":[],"class_list":["post-2923","post","type-post","status-publish","format-standard","has-post-thumbnail","hentry","category-geral"],"_links":{"self":[{"href":"https:\/\/cafecommessias.com.br\/index.php?rest_route=\/wp\/v2\/posts\/2923","targetHints":{"allow":["GET"]}}],"collection":[{"href":"https:\/\/cafecommessias.com.br\/index.php?rest_route=\/wp\/v2\/posts"}],"about":[{"href":"https:\/\/cafecommessias.com.br\/index.php?rest_route=\/wp\/v2\/types\/post"}],"author":[{"embeddable":true,"href":"https:\/\/cafecommessias.com.br\/index.php?rest_route=\/wp\/v2\/users\/1"}],"replies":[{"embeddable":true,"href":"https:\/\/cafecommessias.com.br\/index.php?rest_route=%2Fwp%2Fv2%2Fcomments&post=2923"}],"version-history":[{"count":1,"href":"https:\/\/cafecommessias.com.br\/index.php?rest_route=\/wp\/v2\/posts\/2923\/revisions"}],"predecessor-version":[{"id":2930,"href":"https:\/\/cafecommessias.com.br\/index.php?rest_route=\/wp\/v2\/posts\/2923\/revisions\/2930"}],"wp:featuredmedia":[{"embeddable":true,"href":"https:\/\/cafecommessias.com.br\/index.php?rest_route=\/wp\/v2\/media\/2929"}],"wp:attachment":[{"href":"https:\/\/cafecommessias.com.br\/index.php?rest_route=%2Fwp%2Fv2%2Fmedia&parent=2923"}],"wp:term":[{"taxonomy":"category","embeddable":true,"href":"https:\/\/cafecommessias.com.br\/index.php?rest_route=%2Fwp%2Fv2%2Fcategories&post=2923"},{"taxonomy":"post_tag","embeddable":true,"href":"https:\/\/cafecommessias.com.br\/index.php?rest_route=%2Fwp%2Fv2%2Ftags&post=2923"}],"curies":[{"name":"wp","href":"https:\/\/api.w.org\/{rel}","templated":true}]}}