{"id":293,"date":"2025-07-11T08:34:36","date_gmt":"2025-07-11T11:34:36","guid":{"rendered":"http:\/\/cafecommessias.com.br\/?p=293"},"modified":"2025-07-11T08:35:00","modified_gmt":"2025-07-11T11:35:00","slug":"rn-prepara-plano-emergencial-para-enfrentar-nova-seca-em-2026","status":"publish","type":"post","link":"https:\/\/cafecommessias.com.br\/?p=293","title":{"rendered":"RN prepara plano emergencial para enfrentar nova seca em 2026"},"content":{"rendered":"\n<p>Com os reservat\u00f3rios em n\u00edveis cr\u00edticos e sem recarga significativa durante a quadra chuvosa de 2025, o Governo do Rio Grande do Norte est\u00e1 antecipando medidas para enfrentar um poss\u00edvel cen\u00e1rio de colapso h\u00eddrico no pr\u00f3ximo ano. O secret\u00e1rio estadual de Meio Ambiente e Recursos H\u00eddricos, Paulo Varella, afirmou que o Estado j\u00e1 opera com um plano emergencial voltado para garantir o abastecimento at\u00e9 o fim de 2026, mesmo que o cen\u00e1rio clim\u00e1tico se agrave.<\/p>\n\n\n\n<p>Segundo Varella, a atual estiagem deixou quase todos os a\u00e7udes do Estado em situa\u00e7\u00e3o pior do que a registrada em 2024, com exce\u00e7\u00e3o apenas dos reservat\u00f3rios Riacho da Cruz e Dinamarca (Serra Negra do Norte). \u201cEstamos com cerca de 50% das reservas, na m\u00e9dia. Mas no Serid\u00f3, por exemplo, esse n\u00famero despenca para apenas 17%\u201d, alertou.<\/p>\n\n\n\n<p>Segundo o secret\u00e1rio, a governadora F\u00e1tima Bezerra (PT) convocou os \u00f3rg\u00e3os do sistema h\u00eddrico e agr\u00edcola para montar uma resposta integrada. Participam do comit\u00ea, al\u00e9m das secretarias de Meio Ambiente e Recursos H\u00eddricos (Semarh), Agricultura (Sape) e Desenvolvimento Rural e da Agricultura Familiar (Sedraf), o Igarn (Instituto de Gest\u00e3o das \u00c1guas), a Caern (Companhia de \u00c1guas e Esgotos), a Emparn (Empresa de Pesquisa Agropecu\u00e1ria).<\/p>\n\n\n\n<p>Entre as a\u00e7\u00f5es j\u00e1 em curso, o governo lan\u00e7ou um programa de recupera\u00e7\u00e3o de barragens, com obras em 28 reservat\u00f3rios. Todas as interven\u00e7\u00f5es est\u00e3o sendo financiadas com recursos pr\u00f3prios do Estado. \u201cEstamos deixando essas barragens prontas do ponto de vista da seguran\u00e7a e da opera\u00e7\u00e3o. Isso garante que cada gota que temos hoje seja utilizada da melhor forma\u201d, explicou o secret\u00e1rio.<\/p>\n\n\n\n<p>Al\u00e9m disso, um novo programa de perfura\u00e7\u00e3o de po\u00e7os est\u00e1 em execu\u00e7\u00e3o. At\u00e9 abril de 2026, ser\u00e3o abertos 500 po\u00e7os, tamb\u00e9m com recursos do governo estadual. A meta \u00e9 ampliar as alternativas de abastecimento principalmente nas regi\u00f5es mais afetadas pela irregularidade das chuvas.<\/p>\n\n\n\n<p>Paralelamente \u00e0s a\u00e7\u00f5es emergenciais, o governo est\u00e1 antecipando investimentos estruturantes, como a acelera\u00e7\u00e3o das obras do Projeto Serid\u00f3. O cronograma foi encurtado para que a adutora esteja em opera\u00e7\u00e3o at\u00e9 dezembro de 2025 ou janeiro de 2026. \u201cSe conseguirmos concluir a obra a tempo, teremos garantia de abastecimento para cidades como Caic\u00f3, Currais Novos, Flor\u00e2nia, Cruzeta, S\u00e3o Vicente e outras, mesmo sem chuva no pr\u00f3ximo ano\u201d, afirmou.<\/p>\n\n\n\n<p>Outra frente \u00e9 a chegada definitiva da \u00e1gua da transposi\u00e7\u00e3o do Rio S\u00e3o Francisco. De acordo com Paulo Varella, a \u00e1gua come\u00e7a a entrar no Estado ainda em agosto deste ano pelo rio Piranhas. J\u00e1 em 2026, o abastecimento se expandir\u00e1 para o Alto Oeste por meio do t\u00fanel de Major Sales, levando \u00e1gua at\u00e9 Pau dos Ferros e Santa Cruz. \u201cEssa \u00e9 a primeira vez que vamos operar com regularidade a \u00e1gua da transposi\u00e7\u00e3o no RN. Mas, para funcionar, \u00e9 preciso ter as adutoras e as estruturas prontas\u201d, ressaltou.<\/p>\n\n\n\n<p>A preocupa\u00e7\u00e3o com os pequenos produtores tamb\u00e9m est\u00e1 no radar. A Emparn dever\u00e1 aumentar sua produ\u00e7\u00e3o de feno, atingindo 10 mil fardos por m\u00eas. A Sape, por sua vez, trabalha para ampliar a distribui\u00e7\u00e3o de milho da Conab (Companhia Nacional de Abastecimento) de 20 mil para 45 mil toneladas. O governo tamb\u00e9m negocia com institui\u00e7\u00f5es financeiras e cooperativas a prorroga\u00e7\u00e3o de prazos de cr\u00e9dito para produtores afetados.<\/p>\n\n\n\n<h2 class=\"wp-block-heading\">\u201cTemos que rezar pelo melhor e nos preparar para o pior\u201d, diz secret\u00e1rio<\/h2>\n\n\n\n<p>Paulo Varella afirma que o Governo do Rio Grande do Norte est\u00e1 agindo em v\u00e1rias frentes para evitar um colapso h\u00eddrico em 2026. \u201cTemos que rezar pelo melhor e nos preparar para o pior\u201d, resumiu.<\/p>\n\n\n\n<p>A estrat\u00e9gia do governo, segundo ele, inclui tr\u00eas linhas de atua\u00e7\u00e3o: utilizar melhor a \u00e1gua j\u00e1 armazenada, buscar novas fontes por meio da perfura\u00e7\u00e3o de po\u00e7os, e antecipar obras de adutoras para distribuir a \u00e1gua da transposi\u00e7\u00e3o do Rio S\u00e3o Francisco.<\/p>\n\n\n\n<p>A \u00e1gua da transposi\u00e7\u00e3o chegar\u00e1 ao Rio Grande do Norte de forma definitiva a partir de agosto, pelo leito do rio Piranhas, e deve atingir a regi\u00e3o do Alto Oeste em 2026, por meio do t\u00fanel de Major Sales. \u201c\u00c9 a primeira vez que o RN vai operar com regularidade a \u00e1gua da transposi\u00e7\u00e3o. Mas \u00e9 preciso estar com as adutoras prontas para distribuir\u201d, afirmou. Ele tamb\u00e9m confirmou que o Projeto Serid\u00f3 deve ser conclu\u00eddo entre dezembro deste ano e janeiro do pr\u00f3ximo, antecipando a meta inicial de junho de 2026.<\/p>\n\n\n\n<p>Ao ser questionado sobre a seguran\u00e7a da Barragem de Oiticica, o secret\u00e1rio garantiu que o reservat\u00f3rio j\u00e1 est\u00e1 em opera\u00e7\u00e3o e beneficiando diretamente produtores entre Jucurutu e a Armando Ribeiro Gon\u00e7alves. Segundo ele, Oiticica j\u00e1 armazena mais \u00e1gua do que todos os outros a\u00e7udes do Serid\u00f3 somados. \u201cJ\u00e1 tem 103 milh\u00f5es de metros c\u00fabicos prontos para uso. O entorno j\u00e1 est\u00e1 sendo utilizado por agricultores e produtores de queijo e leite. \u00c9 uma obra que mudou a l\u00f3gica h\u00eddrica do Serid\u00f3\u201d, destacou.<\/p>\n\n\n\n<p>Varella concluiu reafirmando a l\u00f3gica que orienta o plano de a\u00e7\u00e3o do governo: prever, mitigar e agir. \u201cSe a seca vier, o Estado precisa estar preparado. O nosso dever \u00e9 garantir abastecimento, proteger o agricultor e evitar que as fam\u00edlias sejam empurradas ao desespero pela falta d\u2019\u00e1gua\u201d.<\/p>\n\n\n\n<p><sub>Por AgoraRN<\/sub><\/p>\n","protected":false},"excerpt":{"rendered":"<p>Com os reservat\u00f3rios em n\u00edveis cr\u00edticos e sem recarga significativa durante a quadra chuvosa de 2025, o Governo do Rio Grande do Norte est\u00e1 antecipando medidas para enfrentar um poss\u00edvel cen\u00e1rio de colapso h\u00eddrico no pr\u00f3ximo ano. O secret\u00e1rio estadual de Meio Ambiente e Recursos H\u00eddricos, Paulo Varella, afirmou que o Estado j\u00e1 opera com&#8230;<\/p>\n","protected":false},"author":1,"featured_media":294,"comment_status":"closed","ping_status":"closed","sticky":false,"template":"","format":"standard","meta":{"footnotes":""},"categories":[3],"tags":[],"class_list":["post-293","post","type-post","status-publish","format-standard","has-post-thumbnail","hentry","category-geral"],"_links":{"self":[{"href":"https:\/\/cafecommessias.com.br\/index.php?rest_route=\/wp\/v2\/posts\/293","targetHints":{"allow":["GET"]}}],"collection":[{"href":"https:\/\/cafecommessias.com.br\/index.php?rest_route=\/wp\/v2\/posts"}],"about":[{"href":"https:\/\/cafecommessias.com.br\/index.php?rest_route=\/wp\/v2\/types\/post"}],"author":[{"embeddable":true,"href":"https:\/\/cafecommessias.com.br\/index.php?rest_route=\/wp\/v2\/users\/1"}],"replies":[{"embeddable":true,"href":"https:\/\/cafecommessias.com.br\/index.php?rest_route=%2Fwp%2Fv2%2Fcomments&post=293"}],"version-history":[{"count":1,"href":"https:\/\/cafecommessias.com.br\/index.php?rest_route=\/wp\/v2\/posts\/293\/revisions"}],"predecessor-version":[{"id":295,"href":"https:\/\/cafecommessias.com.br\/index.php?rest_route=\/wp\/v2\/posts\/293\/revisions\/295"}],"wp:featuredmedia":[{"embeddable":true,"href":"https:\/\/cafecommessias.com.br\/index.php?rest_route=\/wp\/v2\/media\/294"}],"wp:attachment":[{"href":"https:\/\/cafecommessias.com.br\/index.php?rest_route=%2Fwp%2Fv2%2Fmedia&parent=293"}],"wp:term":[{"taxonomy":"category","embeddable":true,"href":"https:\/\/cafecommessias.com.br\/index.php?rest_route=%2Fwp%2Fv2%2Fcategories&post=293"},{"taxonomy":"post_tag","embeddable":true,"href":"https:\/\/cafecommessias.com.br\/index.php?rest_route=%2Fwp%2Fv2%2Ftags&post=293"}],"curies":[{"name":"wp","href":"https:\/\/api.w.org\/{rel}","templated":true}]}}