{"id":2931,"date":"2025-09-09T20:57:36","date_gmt":"2025-09-09T23:57:36","guid":{"rendered":"https:\/\/cafecommessias.com.br\/?p=2931"},"modified":"2025-09-09T20:58:00","modified_gmt":"2025-09-09T23:58:00","slug":"prefeita-nilda-celebra-formalizacao-do-projeto-parnamirim-aeroporto-digital","status":"publish","type":"post","link":"https:\/\/cafecommessias.com.br\/?p=2931","title":{"rendered":"Prefeita Nilda celebra formaliza\u00e7\u00e3o do projeto Parnamirim Aeroporto Digital"},"content":{"rendered":"\n<p>Uma nova era de desenvolvimento, gera\u00e7\u00e3o de emprego e produ\u00e7\u00e3o de conhecimento come\u00e7a a se formar em Parnamirim. Nesta ter\u00e7a-feira (09), foi formalizada a cria\u00e7\u00e3o do grupo de entidades parceiras que trabalhar\u00e3o na elabora\u00e7\u00e3o e constru\u00e7\u00e3o do Projeto Parnamirim Aeroporto Digital, uma iniciativa idealizada pela Prefeitura, que tem como objetivo transformar a \u00e1rea do antigo Aeroporto Augusto Severo em um hub de inova\u00e7\u00e3o, com foco em tecnologia, pesquisa e desenvolvimento, especialmente no setor aeron\u00e1utico. A prefeita Nilda Cruz recebeu os representantes das entidades que ir\u00e3o se integrar ao projeto em uma reuni\u00e3o no Centro Administrativo.<\/p>\n\n\n\n<p>\u201cO Projeto Parnamirim Aeroporto Digital \u00e9 uma iniciativa vision\u00e1ria e vai mudar a realidade da nossa cidade. Temos um potencial enorme e vamos trabalhar muito para potencializ\u00e1-lo. Meu cora\u00e7\u00e3o hoje est\u00e1 repleto de orgulho e gratid\u00e3o, pois esse \u00e9 o in\u00edcio da materializa\u00e7\u00e3o de um sonho. Vamos resgatar o protagonismo da nossa cidade e fazer de Parnamirim uma cidade modelo, que atrai investimentos, consegue reter talentos, produz tecnologia e gera emprego e renda. O futuro \u00e9 promissor\u201d, projetou a prefeita.<\/p>\n\n\n\n<p>O Projeto Parnamirim Aeroporto Digital ser\u00e1 desenvolvido pela Prefeitura em parceria com entidades como a For\u00e7a A\u00e9rea Brasileira, Fiern, Sebrae\/RN, Instituto Metr\u00f3pole Digital, C\u00e2mara Municipal, IFRN, Ufersa e UFRN. Ap\u00f3s a formaliza\u00e7\u00e3o, nos pr\u00f3ximos quinze dias o grupo de trabalho vai fazer uma visita ao pr\u00e9dio do antigo Aeroporto Augusto Severo. Na sequ\u00eancia, os membros iniciar\u00e3o os debates para definir o modelo de neg\u00f3cios para o projeto. A proje\u00e7\u00e3o \u00e9 que em at\u00e9 cinco anos a iniciativa seja implementada.<\/p>\n\n\n\n<p>O empreendimento chega para se consolidar como um verdadeiro polo de inova\u00e7\u00e3o e empreendedorismo. S\u00e3o seis salas de aula, 16 ambientes de startups, sala de treinamentos, laborat\u00f3rios de inform\u00e1tica e tecnologia, audit\u00f3rio com capacidade para 145 pessoas, pra\u00e7a de alimenta\u00e7\u00e3o com restaurante e dois quiosques, museu, midiateca, sala de proje\u00e7\u00e3o de realidade virtual, est\u00fadio de podcast, salas de reuni\u00f5es e espa\u00e7os de conviv\u00eancia interno e externo, estacionamento amplo, entre outros ambientes cuidadosamente planejados para impulsionar neg\u00f3cios, ideias e talentos.<\/p>\n\n\n\n<p>Para o secret\u00e1rio municipal de Planejamento e Finan\u00e7as, Kelps Lima, um dos principais entusiastas do projeto, a for\u00e7a de vontade, a predestina\u00e7\u00e3o e o cuidado que a prefeita Nilda vem tendo s\u00e3o diferenciais para o sucesso da iniciativa. Ele destacou ainda as potencialidades de Parnamirim e acredita muito que o Aeroporto Digital seja um grande catalisador do processo de retomada do crescimento da cidade.<\/p>\n\n\n\n<p>\u201cNos \u00faltimos anos, Parnamirim testemunhou uma fuga de investimentos. Com mutia sensibilidade, a prefeita Nilda falou sobre o seu desejo de promover na cidade uma grande a\u00e7\u00e3o, aliando gera\u00e7\u00e3o de emprego e renda, resgate da identidade, valoriza\u00e7\u00e3o da hist\u00f3ria e fortalecimento da educa\u00e7\u00e3o. O Aeroporto Digital congrega todas essas caracter\u00edsticas. Hoje demos o primeiro passo em dire\u00e7\u00e3o a formaliza\u00e7\u00e3o do projeto. Vamos trabalhar de forma equilibrada, dialogando e construindo a melhor proposta para em breve fazer de Parnamirim um polo indutor de conhecimento, educa\u00e7\u00e3o, tecnologia e inova\u00e7\u00e3o\u201d, finalizou.<\/p>\n","protected":false},"excerpt":{"rendered":"<p>Uma nova era de desenvolvimento, gera\u00e7\u00e3o de emprego e produ\u00e7\u00e3o de conhecimento come\u00e7a a se formar em Parnamirim. Nesta ter\u00e7a-feira (09), foi formalizada a cria\u00e7\u00e3o do grupo de entidades parceiras que trabalhar\u00e3o na elabora\u00e7\u00e3o e constru\u00e7\u00e3o do Projeto Parnamirim Aeroporto Digital, uma iniciativa idealizada pela Prefeitura, que tem como objetivo transformar a \u00e1rea do antigo&#8230;<\/p>\n","protected":false},"author":1,"featured_media":2932,"comment_status":"closed","ping_status":"closed","sticky":false,"template":"","format":"standard","meta":{"footnotes":""},"categories":[11],"tags":[],"class_list":["post-2931","post","type-post","status-publish","format-standard","has-post-thumbnail","hentry","category-parnamirim-rn"],"_links":{"self":[{"href":"https:\/\/cafecommessias.com.br\/index.php?rest_route=\/wp\/v2\/posts\/2931","targetHints":{"allow":["GET"]}}],"collection":[{"href":"https:\/\/cafecommessias.com.br\/index.php?rest_route=\/wp\/v2\/posts"}],"about":[{"href":"https:\/\/cafecommessias.com.br\/index.php?rest_route=\/wp\/v2\/types\/post"}],"author":[{"embeddable":true,"href":"https:\/\/cafecommessias.com.br\/index.php?rest_route=\/wp\/v2\/users\/1"}],"replies":[{"embeddable":true,"href":"https:\/\/cafecommessias.com.br\/index.php?rest_route=%2Fwp%2Fv2%2Fcomments&post=2931"}],"version-history":[{"count":1,"href":"https:\/\/cafecommessias.com.br\/index.php?rest_route=\/wp\/v2\/posts\/2931\/revisions"}],"predecessor-version":[{"id":2933,"href":"https:\/\/cafecommessias.com.br\/index.php?rest_route=\/wp\/v2\/posts\/2931\/revisions\/2933"}],"wp:featuredmedia":[{"embeddable":true,"href":"https:\/\/cafecommessias.com.br\/index.php?rest_route=\/wp\/v2\/media\/2932"}],"wp:attachment":[{"href":"https:\/\/cafecommessias.com.br\/index.php?rest_route=%2Fwp%2Fv2%2Fmedia&parent=2931"}],"wp:term":[{"taxonomy":"category","embeddable":true,"href":"https:\/\/cafecommessias.com.br\/index.php?rest_route=%2Fwp%2Fv2%2Fcategories&post=2931"},{"taxonomy":"post_tag","embeddable":true,"href":"https:\/\/cafecommessias.com.br\/index.php?rest_route=%2Fwp%2Fv2%2Ftags&post=2931"}],"curies":[{"name":"wp","href":"https:\/\/api.w.org\/{rel}","templated":true}]}}