{"id":296,"date":"2025-07-11T08:39:48","date_gmt":"2025-07-11T11:39:48","guid":{"rendered":"http:\/\/cafecommessias.com.br\/?p=296"},"modified":"2025-07-11T08:39:48","modified_gmt":"2025-07-11T11:39:48","slug":"alvaro-dias-surge-como-unica-alternativa-para-unir-oposicao-rachada-no-rn","status":"publish","type":"post","link":"https:\/\/cafecommessias.com.br\/?p=296","title":{"rendered":"\u00c1lvaro Dias surge como \u00fanica alternativa para unir oposi\u00e7\u00e3o rachada no RN"},"content":{"rendered":"\n<p>Diante do cen\u00e1rio de divis\u00e3o e vaidade entre os principais l\u00edderes da oposi\u00e7\u00e3o no Rio Grande do Norte, apenas um nome desponta como poss\u00edvel ponto de equil\u00edbrio: o do ex-prefeito de Natal,&nbsp;<strong>\u00c1lvaro Dias.<\/strong><\/p>\n\n\n\n<p>Candidato ao Governo do Estado em 2026, \u00c1lvaro \u00e9 visto como uma figura capaz de articular uma chapa unificada, vencendo os caprichos pessoais e os interesses que hoje fragmentam o grupo.<\/p>\n\n\n\n<figure class=\"wp-block-image size-large\"><img loading=\"lazy\" decoding=\"async\" width=\"1024\" height=\"158\" src=\"http:\/\/cafecommessias.com.br\/wp-content\/uploads\/2025\/07\/Banner-REFIS-1300x200px-PRORROGADO-6-1024x158.gif\" alt=\"\" class=\"wp-image-233\" srcset=\"https:\/\/cafecommessias.com.br\/wp-content\/uploads\/2025\/07\/Banner-REFIS-1300x200px-PRORROGADO-6-1024x158.gif 1024w, https:\/\/cafecommessias.com.br\/wp-content\/uploads\/2025\/07\/Banner-REFIS-1300x200px-PRORROGADO-6-300x46.gif 300w, https:\/\/cafecommessias.com.br\/wp-content\/uploads\/2025\/07\/Banner-REFIS-1300x200px-PRORROGADO-6-768x118.gif 768w\" sizes=\"auto, (max-width: 1024px) 100vw, 1024px\" \/><\/figure>\n\n\n\n<p>Enquanto a direita se divide, a esquerda observa e comemora. Para evitar mais um rev\u00e9s eleitoral, a oposi\u00e7\u00e3o precisa de consenso \u2014 e, at\u00e9 agora, \u00c1lvaro \u00e9 o \u00fanico com perfil para isso.<\/p>\n\n\n\n<p><sub>Por Robson Pires<\/sub><\/p>\n","protected":false},"excerpt":{"rendered":"<p>Diante do cen\u00e1rio de divis\u00e3o e vaidade entre os principais l\u00edderes da oposi\u00e7\u00e3o no Rio Grande do Norte, apenas um nome desponta como poss\u00edvel ponto de equil\u00edbrio: o do ex-prefeito de Natal,&nbsp;\u00c1lvaro Dias. Candidato ao Governo do Estado em 2026, \u00c1lvaro \u00e9 visto como uma figura capaz de articular uma chapa unificada, vencendo os caprichos&#8230;<\/p>\n","protected":false},"author":1,"featured_media":297,"comment_status":"open","ping_status":"open","sticky":false,"template":"","format":"standard","meta":{"footnotes":""},"categories":[1],"tags":[],"class_list":["post-296","post","type-post","status-publish","format-standard","has-post-thumbnail","hentry","category-saude"],"_links":{"self":[{"href":"https:\/\/cafecommessias.com.br\/index.php?rest_route=\/wp\/v2\/posts\/296","targetHints":{"allow":["GET"]}}],"collection":[{"href":"https:\/\/cafecommessias.com.br\/index.php?rest_route=\/wp\/v2\/posts"}],"about":[{"href":"https:\/\/cafecommessias.com.br\/index.php?rest_route=\/wp\/v2\/types\/post"}],"author":[{"embeddable":true,"href":"https:\/\/cafecommessias.com.br\/index.php?rest_route=\/wp\/v2\/users\/1"}],"replies":[{"embeddable":true,"href":"https:\/\/cafecommessias.com.br\/index.php?rest_route=%2Fwp%2Fv2%2Fcomments&post=296"}],"version-history":[{"count":1,"href":"https:\/\/cafecommessias.com.br\/index.php?rest_route=\/wp\/v2\/posts\/296\/revisions"}],"predecessor-version":[{"id":298,"href":"https:\/\/cafecommessias.com.br\/index.php?rest_route=\/wp\/v2\/posts\/296\/revisions\/298"}],"wp:featuredmedia":[{"embeddable":true,"href":"https:\/\/cafecommessias.com.br\/index.php?rest_route=\/wp\/v2\/media\/297"}],"wp:attachment":[{"href":"https:\/\/cafecommessias.com.br\/index.php?rest_route=%2Fwp%2Fv2%2Fmedia&parent=296"}],"wp:term":[{"taxonomy":"category","embeddable":true,"href":"https:\/\/cafecommessias.com.br\/index.php?rest_route=%2Fwp%2Fv2%2Fcategories&post=296"},{"taxonomy":"post_tag","embeddable":true,"href":"https:\/\/cafecommessias.com.br\/index.php?rest_route=%2Fwp%2Fv2%2Ftags&post=296"}],"curies":[{"name":"wp","href":"https:\/\/api.w.org\/{rel}","templated":true}]}}