{"id":2984,"date":"2025-09-11T09:19:58","date_gmt":"2025-09-11T12:19:58","guid":{"rendered":"https:\/\/cafecommessias.com.br\/?p=2984"},"modified":"2025-09-11T09:20:00","modified_gmt":"2025-09-11T12:20:00","slug":"stf-retoma-as-14h-julgamento-de-bolsonaro-com-voto-decisivo-de-carmen-lucia","status":"publish","type":"post","link":"https:\/\/cafecommessias.com.br\/?p=2984","title":{"rendered":"STF retoma \u00e0s 14h julgamento de Bolsonaro com voto decisivo de C\u00e1rmen L\u00facia"},"content":{"rendered":"\n<p>Ap\u00f3s diverg\u00eancia integral de Fux para absolver\u00a0seis r\u00e9us, ministra pode formar maioria para condenar ex-presidente e outros acusados de plano de golpe<\/p>\n\n\n\n<p>A&nbsp;<strong>Primeira Turma do STF (Supremo Tribunal Federal)<\/strong>&nbsp;retoma nesta quinta-feira (11), a partir das 14h, o julgamento dos r\u00e9us acusados de uma tentativa de&nbsp;<strong>golpe de Estado<\/strong>&nbsp;ap\u00f3s as elei\u00e7\u00f5es de 2022, que inclui o ex-presidente&nbsp;<strong>Jair Bolsonaro<\/strong>&nbsp;(PL).<\/p>\n\n\n\n<p>A ministra&nbsp;<strong>C\u00e1rmen L\u00facia<\/strong>&nbsp;ser\u00e1 a primeira a votar no dia e ter\u00e1 papel decisivo para destino de r\u00e9us. Sua manifesta\u00e7\u00e3o pode empatar o placar pela absolvi\u00e7\u00e3o de Bolsonaro ou formar maioria para condenar os acusados.<\/p>\n\n\n\n<p>Os votos favor\u00e1veis \u00e0 condena\u00e7\u00e3o integra\u00e7\u00e3o vieram do relator, ministro\u00a0<strong>Alexandre de Moraes<\/strong>, e de\u00a0<strong>Fl\u00e1vio Dino<\/strong>. Segundo eles, todos os r\u00e9us devem ser responsabilizados pelos crimes apontados pela\u00a0<strong>PGR (Procuradoria-Geral da Rep\u00fablica)<\/strong>. Apesar disso, Dino considera que\u00a0<strong>Augusto Heleno<\/strong>,\u00a0<strong>Alexandre Ramagem<\/strong>\u00a0e\u00a0<strong>Paulo S\u00e9rgio Nogueira<\/strong>\u00a0devem ter penas reduzidas.<\/p>\n\n\n\n<p>Luiz Fux abriu diverg\u00eancia ao absolver seis dos oito r\u00e9us do n\u00facleo considerado crucial para o plano de golpe pela PGR\u00a0e condenando apenas o tenente-coronel Mauro Cid e Walter Braga Netto por tentativa de Aboli\u00e7\u00e3o do Estado Democr\u00e1tico de Direito.<\/p>\n\n\n\n<p>Com o cen\u00e1rio, Braga Netto e Cid r\u00e9us s\u00e3o os \u00fanicos r\u00e9us com maioria formada pela condena\u00e7\u00e3o por pelo menos um crime.<\/p>\n\n\n\n<p>A sess\u00e3o desta quinta estava prevista para come\u00e7ar pela manh\u00e3, mas foi remanejada pelo presidente do colegiado, Cristiano Zanin, ap\u00f3s o extenso voto do ministro Luiz Fux, que durou quase 14 horas, e terminou no fim da noite da quarta.<\/p>\n\n\n\n<p>Restam apenas C\u00e1rmen L\u00facia e o&nbsp;pr\u00f3prio presidente do colegiado para encerrar a an\u00e1lise das quest\u00f5es preliminares e do m\u00e9rito da acusa\u00e7\u00e3o da PGR.<\/p>\n\n\n\n<p>Em caso de forma\u00e7\u00e3o de maioria para condena\u00e7\u00e3o, ap\u00f3s&nbsp;todos os ministros&nbsp;votarem, o colegiado vai discutir a dosimetria das penas para os condenados.<\/p>\n\n\n\n<p>Os r\u00e9us s\u00e3o acusados de organiza\u00e7\u00e3o criminosa armada, tentativa de aboli\u00e7\u00e3o violenta do Estado Democr\u00e1tico de Direito, golpe de Estado, dano qualificado contra o patrim\u00f4nio p\u00fablico da Uni\u00e3o e deteriora\u00e7\u00e3o de patrim\u00f4nio tombado.<\/p>\n\n\n\n<p>Apenas Alexandre Ramagem \u00e9 acusado de tr\u00eas crimes: organiza\u00e7\u00e3o criminosa armada, tentativa de aboli\u00e7\u00e3o violenta do Estado Democr\u00e1tico de Direito e golpe de Estado. Dois crimes foram suspensos ap\u00f3s decis\u00e3o da C\u00e2mara dos Deputados e homologa\u00e7\u00e3o parcial pela Primeira Turma do STF.<\/p>\n\n\n\n<h2 class=\"wp-block-heading\">Quem s\u00e3o os r\u00e9us?<\/h2>\n\n\n\n<ul class=\"wp-block-list\">\n<li><strong>Jair Bolsonaro,<\/strong>\u00a0ex-presidente da Rep\u00fablica;<\/li>\n\n\n\n<li><strong>Alexandre Ramagem,<\/strong>\u00a0deputado federal e ex-diretor da Abin (Ag\u00eancia Brasileira de Intelig\u00eancia);<\/li>\n\n\n\n<li><strong>Almir Garnier,<\/strong>\u00a0ex-comandante da Marinha;<\/li>\n\n\n\n<li><strong>Anderson Torres,<\/strong>\u00a0ex-ministro da Justi\u00e7a e ex-secret\u00e1rio de Seguran\u00e7a P\u00fablica do Distrito Federal;<\/li>\n\n\n\n<li><strong>Augusto Heleno,<\/strong>\u00a0ex-ministro do GSI (Gabinete de Seguran\u00e7a Institucional);<\/li>\n\n\n\n<li><strong>Mauro Cid,<\/strong>\u00a0ex-ajudante de ordens de Jair Bolsonaro;<\/li>\n\n\n\n<li><strong>Paulo S\u00e9rgio Nogueira,<\/strong>\u00a0ex-ministro da Defesa; e<\/li>\n\n\n\n<li><strong>Walter Braga Netto,<\/strong>\u00a0ex-ministro da Casa Civil e da Defesa e candidato a vice na chapa de Jair Bolsonaro em 2022.<\/li>\n<\/ul>\n\n\n\n<h2 class=\"wp-block-heading\">Votos sobre Bolsonaro<\/h2>\n\n\n\n<p>O placar referente ao ex-presidente est\u00e1 em 2 a 1 pela condena\u00e7\u00e3o nos cinco crimes. Para Moraes,\u00a0Bolsonaro liderou o grupo que planejava a ruptura democr\u00e1tica. O relator citou inclusive a minuta do golpe, mencionando que o ex-presidente teria admitido discutir medidas de exce\u00e7\u00e3o em interrogat\u00f3rio.<\/p>\n\n\n\n<p>Fl\u00e1vio Dino acompanhou Moraes. Segundo ele,\u00a0Bolsonaro e o ex-ministro Walter Braga Netto exerciam comando sobre a organiza\u00e7\u00e3o criminosa\u00a0e, por isso, devem receber penas mais severas. Dino tamb\u00e9m sustentou que houve atos execut\u00f3rios, isto \u00e9, que os acusados efetivamente iniciaram a tentativa de golpe.<\/p>\n\n\n\n<p><sub>por CNN<\/sub><\/p>\n\n\n\n<p><\/p>\n","protected":false},"excerpt":{"rendered":"<p>Ap\u00f3s diverg\u00eancia integral de Fux para absolver\u00a0seis r\u00e9us, ministra pode formar maioria para condenar ex-presidente e outros acusados de plano de golpe A&nbsp;Primeira Turma do STF (Supremo Tribunal Federal)&nbsp;retoma nesta quinta-feira (11), a partir das 14h, o julgamento dos r\u00e9us acusados de uma tentativa de&nbsp;golpe de Estado&nbsp;ap\u00f3s as elei\u00e7\u00f5es de 2022, que inclui o ex-presidente&nbsp;Jair&#8230;<\/p>\n","protected":false},"author":1,"featured_media":2985,"comment_status":"open","ping_status":"open","sticky":false,"template":"","format":"standard","meta":{"footnotes":""},"categories":[3],"tags":[],"class_list":["post-2984","post","type-post","status-publish","format-standard","has-post-thumbnail","hentry","category-geral"],"_links":{"self":[{"href":"https:\/\/cafecommessias.com.br\/index.php?rest_route=\/wp\/v2\/posts\/2984","targetHints":{"allow":["GET"]}}],"collection":[{"href":"https:\/\/cafecommessias.com.br\/index.php?rest_route=\/wp\/v2\/posts"}],"about":[{"href":"https:\/\/cafecommessias.com.br\/index.php?rest_route=\/wp\/v2\/types\/post"}],"author":[{"embeddable":true,"href":"https:\/\/cafecommessias.com.br\/index.php?rest_route=\/wp\/v2\/users\/1"}],"replies":[{"embeddable":true,"href":"https:\/\/cafecommessias.com.br\/index.php?rest_route=%2Fwp%2Fv2%2Fcomments&post=2984"}],"version-history":[{"count":1,"href":"https:\/\/cafecommessias.com.br\/index.php?rest_route=\/wp\/v2\/posts\/2984\/revisions"}],"predecessor-version":[{"id":2986,"href":"https:\/\/cafecommessias.com.br\/index.php?rest_route=\/wp\/v2\/posts\/2984\/revisions\/2986"}],"wp:featuredmedia":[{"embeddable":true,"href":"https:\/\/cafecommessias.com.br\/index.php?rest_route=\/wp\/v2\/media\/2985"}],"wp:attachment":[{"href":"https:\/\/cafecommessias.com.br\/index.php?rest_route=%2Fwp%2Fv2%2Fmedia&parent=2984"}],"wp:term":[{"taxonomy":"category","embeddable":true,"href":"https:\/\/cafecommessias.com.br\/index.php?rest_route=%2Fwp%2Fv2%2Fcategories&post=2984"},{"taxonomy":"post_tag","embeddable":true,"href":"https:\/\/cafecommessias.com.br\/index.php?rest_route=%2Fwp%2Fv2%2Ftags&post=2984"}],"curies":[{"name":"wp","href":"https:\/\/api.w.org\/{rel}","templated":true}]}}