{"id":2992,"date":"2025-09-11T09:55:49","date_gmt":"2025-09-11T12:55:49","guid":{"rendered":"https:\/\/cafecommessias.com.br\/?p=2992"},"modified":"2025-09-11T09:55:50","modified_gmt":"2025-09-11T12:55:50","slug":"como-o-11-de-setembro-transformou-a-geopolitica-mundial","status":"publish","type":"post","link":"https:\/\/cafecommessias.com.br\/?p=2992","title":{"rendered":"Como o 11 de Setembro transformou a geopol\u00edtica mundial"},"content":{"rendered":"\n<p>Atentados de 2001 deixaram quase 3 mil mortos e os impactos ultrapassaram o territ\u00f3rio americano<\/p>\n\n\n\n<p>Na manh\u00e3 de&nbsp;<strong>11 de setembro de 2001<\/strong>, os Estados Unidos enfrentaram um ataque que mudaria a hist\u00f3ria. \u00c0s&nbsp;<strong>8h46<\/strong>, o voo 11 da American Airlines atingiu a torre norte do&nbsp;<strong>World Trade Center<\/strong>, em Nova York. Vinte minutos depois, \u00e0s<strong>&nbsp;9h03<\/strong>, outro avi\u00e3o, o voo&nbsp;<strong>175 da United Airlines<\/strong>, se chocou contra a torre sul, revelando ao mundo que n\u00e3o se tratava de um acidente.<\/p>\n\n\n\n<p>Em pouco mais de uma hora, os s\u00edmbolos do poder econ\u00f4mico americano ru\u00edam diante das c\u00e2meras de televis\u00e3o.<\/p>\n\n\n\n<p>A torre sul, mesmo atingida por \u00faltimo, foi a primeira a desabar, \u00e0s<strong>&nbsp;9h59<\/strong>. A torre norte veio abaixo \u00e0s<strong>&nbsp;10h28<\/strong>. Imagens de pessoas saltando de andares inalcan\u00e7\u00e1veis marcaram a cobertura da imprensa internacional e registraram, em tempo real, o horror de uma na\u00e7\u00e3o sob ataque.<\/p>\n\n\n\n<p>No total,\u00a0quase tr\u00eas mil pessoas morreram. S\u00f3 em Nova York, foram<strong>\u00a02.753 v\u00edtimas<\/strong>, incluindo\u00a0<strong>343<\/strong>\u00a0bombeiros,\u00a0<strong>23<\/strong>\u00a0policiais municipais e\u00a0<strong>37<\/strong>\u00a0oficiais da Autoridade Portu\u00e1ria.<\/p>\n\n\n\n<p>No Pent\u00e1gono, em Washington, outras\u00a0<strong>184<\/strong>\u00a0pessoas perderam a vida quando o voo\u00a0<strong>77 da American Airlines<\/strong>\u00a0foi lan\u00e7ado contra o pr\u00e9dio. Na Pensilv\u00e2nia, o\u00a0<strong>voo 93 da United Airlines<\/strong>\u00a0caiu em um campo ap\u00f3s passageiros reagirem aos sequestradores \u2014 impedindo que o avi\u00e3o atingisse outro alvo. Entre passageiros e tripulantes, mais 40 pessoas morreram.<\/p>\n\n\n\n<figure class=\"wp-block-image\"><img decoding=\"async\" src=\"https:\/\/admin.cnnbrasil.com.br\/wp-content\/uploads\/sites\/12\/2021\/09\/GettyImages-1161105-e1755806148991.jpg?w=849&amp;h=477&amp;crop=0\" alt=\"Torres do World Trade Center ap\u00f3s ataques \u2022 Getty Images\"\/><figcaption class=\"wp-element-caption\">Torres do World Trade Center ap\u00f3s ataques \u2022 Getty Images<\/figcaption><\/figure>\n\n\n\n<h2 class=\"wp-block-heading\">Consequ\u00eancias globais<\/h2>\n\n\n\n<p>Os impactos ultrapassaram as fronteiras do Estados Unidos. As estruturas de intelig\u00eancia e defesa foram rearticuladas em todo o mundo, com reflexos na vida cotidiana \u2014 dos controles de seguran\u00e7a em aeroportos a medidas de vigil\u00e2ncia digital.<\/p>\n\n\n\n<p>No campo da pol\u00edtica externa, os EUA lan\u00e7aram a<strong>&nbsp;\u201cguerra ao terror\u201d<\/strong>, invadindo o Afeganist\u00e3o em 2001 e, dois anos depois, o Iraque.<\/p>\n\n\n\n<p>O resultado foi um novo cen\u00e1rio geopol\u00edtico, marcado pela ascens\u00e3o de guerras prolongadas e por debates sobre seguran\u00e7a, privacidade e direitos civis. Como destaca Magnotta, \u201co 11 de Setembro reorganizou o cotidiano do cidad\u00e3o comum e a estrat\u00e9gia global de combate a amea\u00e7as\u201d.<\/p>\n\n\n\n<p>Atualmente, no local onde ficavam as Torres G\u00eameas funciona o&nbsp;<strong>Memorial e Museu do 11 de Setembro<\/strong>, espa\u00e7o dedicado \u00e0s v\u00edtimas e \u00e0 preserva\u00e7\u00e3o da mem\u00f3ria do maior ataque terrorista j\u00e1 registrado em solo americano.<\/p>\n\n\n\n<figure class=\"wp-block-image\"><img decoding=\"async\" src=\"https:\/\/admin.cnnbrasil.com.br\/wp-content\/uploads\/sites\/12\/2021\/09\/1080px-9.11_Memorial_Wide_Angle.jpg?w=849&amp;h=477&amp;crop=0\" alt=\"Museu e Memorial do 11 de Setembro, em Nova York, no local onde ficavam as torres atingidas do World Trade Center \u2022 9\/11 Memorial and Museum\/Wikipedia\"\/><figcaption class=\"wp-element-caption\">Museu e Memorial do 11 de Setembro, em Nova York, no local onde ficavam as torres atingidas do World Trade Center \u2022 9\/11 Memorial and Museum\/Wikipedia<\/figcaption><\/figure>\n\n\n\n<h2 class=\"wp-block-heading\">Impacto econ\u00f4mico<\/h2>\n\n\n\n<p><strong>500 mil d\u00f3lares<\/strong>&nbsp;\u2013 Esta \u00e9 a quantia estimada que se acredita ter custado para planejar e executar os ataques de 11 de setembro.<\/p>\n\n\n\n<p><strong>123 bilh\u00f5es de d\u00f3lares<\/strong>&nbsp;\u2014 Esta \u00e9 a perda econ\u00f4mica estimada durante as primeiras duas a quatro semanas ap\u00f3s o colapso das torres g\u00e9meas do World Trade Center em Nova York, bem como o decl\u00ednio das viagens a\u00e9reas nos pr\u00f3ximos anos.<\/p>\n\n\n\n<p><strong>60 bilh\u00f5es de d\u00f3lares<\/strong>&nbsp;\u2014 O custo estimado dos danos no local do WTC, incluindo danos nos edif\u00edcios circundantes, infraestruturas e instala\u00e7\u00f5es de metr\u00f4.<\/p>\n\n\n\n<p><strong>40 bilh\u00f5es de d\u00f3lares<\/strong>&nbsp;\u2014 Este \u00e9 o valor do pacote emergencial antiterrorista aprovado pelo Congresso dos Estados Unidos em 14 de setembro de 2001.<\/p>\n\n\n\n<p><strong>15 bilh\u00f5es de d\u00f3lares&nbsp;<\/strong>\u2014 Foi o pacote de ajuda econ\u00f4mica aprovado pelo Congresso para resgatar companhias a\u00e9reas.<\/p>\n\n\n\n<p><strong>9,3 bilh\u00f5es de d\u00f3lares<\/strong>\u00a0\u2014 O valor dos reclama\u00e7\u00f5es de seguros decorrentes dos ataques de 11 de setembro.<\/p>\n\n\n\n<figure class=\"wp-block-image\"><img decoding=\"async\" src=\"https:\/\/admin.cnnbrasil.com.br\/wp-content\/uploads\/sites\/12\/2021\/09\/11-de-setembro.jpeg?w=849&amp;h=477&amp;crop=0\" alt=\"Ataque \u00e0s Torres G\u00eameas em 11 de Setembro de 2001 nos Estados Unidos \u2022 CNN\/Reprodu\u00e7\u00e3o\"\/><figcaption class=\"wp-element-caption\">Ataque \u00e0s Torres G\u00eameas em 11 de Setembro de 2001 nos Estados Unidos \u2022 CNN\/Reprodu\u00e7\u00e3o<\/figcaption><\/figure>\n\n\n\n<h2 class=\"wp-block-heading\">Cronologia dos eventos<\/h2>\n\n\n\n<ul class=\"wp-block-list\">\n<li><strong>11 de setembro de 2001<\/strong>\u00a0(hor\u00e1rio do leste dos Estados Unidos)<\/li>\n<\/ul>\n\n\n\n<p><strong>8h46 \u2014<\/strong>&nbsp;O voo 11 da American Airlines (viajando de Boston para Los Angeles) atinge a torre norte do World Trade Center na cidade de Nova York.<\/p>\n\n\n\n<p><strong>9h03 \u2014<\/strong>&nbsp;O voo 175 da United Airlines (viajando de Boston para Los Angeles) atinge a torre sul do World Trade Center na cidade de Nova York.<\/p>\n\n\n\n<p><strong>9h37 \u2014<\/strong>&nbsp;O voo 77 da American Airlines (viajando de Dulles, Virg\u00ednia, para Los Angeles) atinge o pr\u00e9dio do Pent\u00e1gono em Washington.<\/p>\n\n\n\n<p><strong>9h59 \u2014<\/strong>&nbsp;A torre sul do WTC desaba em aproximadamente 10 segundos.<\/p>\n\n\n\n<p><strong>10h03 \u2014<\/strong>&nbsp;O voo 93 da United Airlines (viajando de Newark, Nova Jersey, para S\u00e3o Francisco) cai em um campo perto de Shanksville, Pensilv\u00e2nia.<\/p>\n\n\n\n<p><strong>10h28 \u2014<\/strong>&nbsp;A torre norte do WTC desaba. O tempo entre o primeiro ataque e o colapso das duas torres do World Trade Center \u00e9 de 102 minutos.<\/p>\n\n\n\n<p><sub>por CNN<\/sub><\/p>\n\n\n\n<p><\/p>\n","protected":false},"excerpt":{"rendered":"<p>Atentados de 2001 deixaram quase 3 mil mortos e os impactos ultrapassaram o territ\u00f3rio americano Na manh\u00e3 de&nbsp;11 de setembro de 2001, os Estados Unidos enfrentaram um ataque que mudaria a hist\u00f3ria. \u00c0s&nbsp;8h46, o voo 11 da American Airlines atingiu a torre norte do&nbsp;World Trade Center, em Nova York. Vinte minutos depois, \u00e0s&nbsp;9h03, outro avi\u00e3o,&#8230;<\/p>\n","protected":false},"author":1,"featured_media":2993,"comment_status":"open","ping_status":"open","sticky":false,"template":"","format":"standard","meta":{"footnotes":""},"categories":[21],"tags":[],"class_list":["post-2992","post","type-post","status-publish","format-standard","has-post-thumbnail","hentry","category-mundo"],"_links":{"self":[{"href":"https:\/\/cafecommessias.com.br\/index.php?rest_route=\/wp\/v2\/posts\/2992","targetHints":{"allow":["GET"]}}],"collection":[{"href":"https:\/\/cafecommessias.com.br\/index.php?rest_route=\/wp\/v2\/posts"}],"about":[{"href":"https:\/\/cafecommessias.com.br\/index.php?rest_route=\/wp\/v2\/types\/post"}],"author":[{"embeddable":true,"href":"https:\/\/cafecommessias.com.br\/index.php?rest_route=\/wp\/v2\/users\/1"}],"replies":[{"embeddable":true,"href":"https:\/\/cafecommessias.com.br\/index.php?rest_route=%2Fwp%2Fv2%2Fcomments&post=2992"}],"version-history":[{"count":1,"href":"https:\/\/cafecommessias.com.br\/index.php?rest_route=\/wp\/v2\/posts\/2992\/revisions"}],"predecessor-version":[{"id":2994,"href":"https:\/\/cafecommessias.com.br\/index.php?rest_route=\/wp\/v2\/posts\/2992\/revisions\/2994"}],"wp:featuredmedia":[{"embeddable":true,"href":"https:\/\/cafecommessias.com.br\/index.php?rest_route=\/wp\/v2\/media\/2993"}],"wp:attachment":[{"href":"https:\/\/cafecommessias.com.br\/index.php?rest_route=%2Fwp%2Fv2%2Fmedia&parent=2992"}],"wp:term":[{"taxonomy":"category","embeddable":true,"href":"https:\/\/cafecommessias.com.br\/index.php?rest_route=%2Fwp%2Fv2%2Fcategories&post=2992"},{"taxonomy":"post_tag","embeddable":true,"href":"https:\/\/cafecommessias.com.br\/index.php?rest_route=%2Fwp%2Fv2%2Ftags&post=2992"}],"curies":[{"name":"wp","href":"https:\/\/api.w.org\/{rel}","templated":true}]}}