{"id":2998,"date":"2025-09-12T07:31:06","date_gmt":"2025-09-12T10:31:06","guid":{"rendered":"https:\/\/cafecommessias.com.br\/?p=2998"},"modified":"2025-09-12T07:31:06","modified_gmt":"2025-09-12T10:31:06","slug":"programa-cnh-popular-recebe-mais-de-65-mil-inscricoes-no-rn","status":"publish","type":"post","link":"https:\/\/cafecommessias.com.br\/?p=2998","title":{"rendered":"Programa CNH Popular recebe mais de 65 mil inscri\u00e7\u00f5es no RN"},"content":{"rendered":"\n<p>Pr\u00f3xima etapa ser\u00e1 a sele\u00e7\u00e3o dos candidatos de acordo com os crit\u00e9rios previstos em edital, que acontece at\u00e9 25 de setembro<\/p>\n\n\n\n<p>O Departamento Estadual de Tr\u00e2nsito do RN (Detran) divulgou nesta quinta-feira 11 o balan\u00e7o das inscri\u00e7\u00f5es da 3\u00aa edi\u00e7\u00e3o do Programa\u00a0CNH Popular, que registrou um total de 65.996 candidatos. A primeira etapa, de recebimento das inscri\u00e7\u00f5es, foi conclu\u00edda na quarta-feira 10.<\/p>\n\n\n\n<p>Seguindo o cronograma do Programa, a\u00a0pr\u00f3xima etapa ser\u00e1 a sele\u00e7\u00e3o dos candidatos de acordo com os crit\u00e9rios previstos em edital, que acontece at\u00e9 25 de setembro. As informa\u00e7\u00f5es sobre o CNH Popular 2025 est\u00e3o concentradas no endere\u00e7o:\u00a0cnhpopular.detran.rn.gov.br, onde ser\u00e1 publicada a lista com os classificados, no dia 26 deste m\u00eas.<\/p>\n\n\n\n<p>Nesta etapa de sele\u00e7\u00e3o, ser\u00e1 observado por meio de sistema eletr\u00f4nico, se os candidatos seguem os requisitos de ser maior de 18 anos, saber ler e escrever; comprovar moradia no RN nos \u00faltimos 12 meses; n\u00e3o estar judicialmente impedido de obter a CNH; n\u00e3o estar com CNH suspensa ou cassada; n\u00e3o ter cometido infra\u00e7\u00e3o penal na dire\u00e7\u00e3o de ve\u00edculos, n\u00e3o ter cometido infra\u00e7\u00e3o de tr\u00e2nsito grave ou grav\u00edssima ou ser reincidente em leve ou m\u00e9dia, nos \u00faltimos 12 meses; e possuir os demais requisitos para obten\u00e7\u00e3o da CNH.<\/p>\n\n\n\n<p>De acordo com normas previstas em edital, a Comiss\u00e3o organizadora do CNH Popular informou que, caso haja necessidade, o Programa utiliza alguns crit\u00e9rios de desempate. A come\u00e7ar pela ordem da menor renda por pessoa, maior n\u00famero de dependentes no grupo familiar; estar desempregado por mais tempo; quem tiver maior idade; data e hora da inscri\u00e7\u00e3o e, por fim, sorteio.<\/p>\n\n\n\n<p>O programa inclui a gratuidade total de taxas relativas a exames e licen\u00e7a de aprendizagem e dire\u00e7\u00e3o veicular; custos de confec\u00e7\u00e3o da primeira CNH ou, em caso de mudan\u00e7a, para a categoria C, D e E, e tamb\u00e9m das aulas nos Centros de Forma\u00e7\u00e3o de Condutores.<\/p>\n\n\n\n<p>Os candidatos selecionados dever\u00e3o se atentar ao prazo para entrega da documenta\u00e7\u00e3o exigida no edital, que ser\u00e1 de 29 deste m\u00eas a 28 de outubro, para tanto o agendamento pode ser feito para qualquer unidade do Detran. A Comiss\u00e3o organizadora do Programa vai fazer a an\u00e1lise dos documentos de 29 de outubro a 27 de novembro e o resultado final com os nomes dos selecionados ser\u00e1 divulgado em 28 de novembro.<\/p>\n\n\n\n<p><sub>por Agora RN<\/sub><\/p>\n\n\n\n<p><\/p>\n","protected":false},"excerpt":{"rendered":"<p>Pr\u00f3xima etapa ser\u00e1 a sele\u00e7\u00e3o dos candidatos de acordo com os crit\u00e9rios previstos em edital, que acontece at\u00e9 25 de setembro O Departamento Estadual de Tr\u00e2nsito do RN (Detran) divulgou nesta quinta-feira 11 o balan\u00e7o das inscri\u00e7\u00f5es da 3\u00aa edi\u00e7\u00e3o do Programa\u00a0CNH Popular, que registrou um total de 65.996 candidatos. A primeira etapa, de recebimento&#8230;<\/p>\n","protected":false},"author":1,"featured_media":2999,"comment_status":"open","ping_status":"open","sticky":false,"template":"","format":"standard","meta":{"footnotes":""},"categories":[3],"tags":[],"class_list":["post-2998","post","type-post","status-publish","format-standard","has-post-thumbnail","hentry","category-geral"],"_links":{"self":[{"href":"https:\/\/cafecommessias.com.br\/index.php?rest_route=\/wp\/v2\/posts\/2998","targetHints":{"allow":["GET"]}}],"collection":[{"href":"https:\/\/cafecommessias.com.br\/index.php?rest_route=\/wp\/v2\/posts"}],"about":[{"href":"https:\/\/cafecommessias.com.br\/index.php?rest_route=\/wp\/v2\/types\/post"}],"author":[{"embeddable":true,"href":"https:\/\/cafecommessias.com.br\/index.php?rest_route=\/wp\/v2\/users\/1"}],"replies":[{"embeddable":true,"href":"https:\/\/cafecommessias.com.br\/index.php?rest_route=%2Fwp%2Fv2%2Fcomments&post=2998"}],"version-history":[{"count":1,"href":"https:\/\/cafecommessias.com.br\/index.php?rest_route=\/wp\/v2\/posts\/2998\/revisions"}],"predecessor-version":[{"id":3000,"href":"https:\/\/cafecommessias.com.br\/index.php?rest_route=\/wp\/v2\/posts\/2998\/revisions\/3000"}],"wp:featuredmedia":[{"embeddable":true,"href":"https:\/\/cafecommessias.com.br\/index.php?rest_route=\/wp\/v2\/media\/2999"}],"wp:attachment":[{"href":"https:\/\/cafecommessias.com.br\/index.php?rest_route=%2Fwp%2Fv2%2Fmedia&parent=2998"}],"wp:term":[{"taxonomy":"category","embeddable":true,"href":"https:\/\/cafecommessias.com.br\/index.php?rest_route=%2Fwp%2Fv2%2Fcategories&post=2998"},{"taxonomy":"post_tag","embeddable":true,"href":"https:\/\/cafecommessias.com.br\/index.php?rest_route=%2Fwp%2Fv2%2Ftags&post=2998"}],"curies":[{"name":"wp","href":"https:\/\/api.w.org\/{rel}","templated":true}]}}