{"id":3001,"date":"2025-09-12T07:33:56","date_gmt":"2025-09-12T10:33:56","guid":{"rendered":"https:\/\/cafecommessias.com.br\/?p=3001"},"modified":"2025-09-12T07:33:57","modified_gmt":"2025-09-12T10:33:57","slug":"cristiano-zanin-reconhece-organizacao-criminosa-com-bolsonaro-e-outros-sete-reus","status":"publish","type":"post","link":"https:\/\/cafecommessias.com.br\/?p=3001","title":{"rendered":"Cristiano Zanin reconhece organiza\u00e7\u00e3o criminosa com Bolsonaro e outros sete r\u00e9us"},"content":{"rendered":"\n<p>\u00daltimo a votar na Primeira Turma do STF, Zanin confirmou planejamento do grupo para perman\u00eancia de Bolsonaro no poder \u00e0 revelia do processo eleitoral<\/p>\n\n\n\n<p>O ministro do Supremo Tribunal Federal (STF) Cristiano Zanin votou nesta quinta-feira 11 pelo reconhecimento da exist\u00eancia de uma organiza\u00e7\u00e3o criminosa envolvendo o ex-presidente Jair Bolsonaro (PL) e outros sete r\u00e9us.<\/p>\n\n\n\n<p>Segundo Zanin, o grupo \u201cconstituiu e estabeleceu uma organiza\u00e7\u00e3o est\u00e1vel com dura\u00e7\u00e3o superior a um ano cujo planejamento descrito em in\u00fameros documentos apreendidos previa a\u00e7\u00f5es coordenadas voltadas para a perman\u00eancia \u2013 \u00e0 revelia do processo eleitoral, pois, da vontade popular \u2013 no poder de Jair Messias Bolsonaro\u201d.<\/p>\n\n\n\n<p>O ministro acrescentou que \u201cos acusados objetivavam romper com o Estado Democr\u00e1tico de direito, valendo-se deliberadamente e da concerta\u00e7\u00e3o expressa a um desejado uso das For\u00e7as Armadas\u201d.<\/p>\n\n\n\n<p>Zanin \u00e9 o \u00faltimo a votar no julgamento, iniciado em 2 de setembro e com previs\u00e3o de conclus\u00e3o nesta sexta-feira 12. A sess\u00e3o desta quinta-feira foi retomada \u00e0s 14h22.<\/p>\n\n\n\n<p>At\u00e9 o momento, haviam votado os ministros Alexandre de Moraes, Fl\u00e1vio Dino, Luiz Fux e C\u00e1rmen L\u00facia. Moraes, Dino e C\u00e1rmen L\u00facia votaram pela condena\u00e7\u00e3o de todos os r\u00e9us pelos crimes denunciados pela Procuradoria-Geral da Rep\u00fablica (PGR), formando maioria pela puni\u00e7\u00e3o.<\/p>\n\n\n\n<p>O ministro Luiz Fux divergiu e votou pela absolvi\u00e7\u00e3o de Bolsonaro e outros cinco r\u00e9us, mantendo a condena\u00e7\u00e3o apenas de Mauro Cid e Walter Braga Netto pelo crime de tentativa de aboli\u00e7\u00e3o do Estado Democr\u00e1tico de Direito.<\/p>\n\n\n\n<p>Ap\u00f3s o voto de Zanin, ainda ser\u00e1 realizada a dosimetria, ou seja, a defini\u00e7\u00e3o do tempo de pena para os r\u00e9us. O c\u00e1lculo envolve tr\u00eas fases: a fixa\u00e7\u00e3o da pena-base conforme os limites da lei, a avalia\u00e7\u00e3o das circunst\u00e2ncias que atenuam ou agravam a pena e a verifica\u00e7\u00e3o de causas de diminui\u00e7\u00e3o ou aumento da pena.<\/p>\n\n\n\n<p><sub>por Agora RN<\/sub><\/p>\n","protected":false},"excerpt":{"rendered":"<p>\u00daltimo a votar na Primeira Turma do STF, Zanin confirmou planejamento do grupo para perman\u00eancia de Bolsonaro no poder \u00e0 revelia do processo eleitoral O ministro do Supremo Tribunal Federal (STF) Cristiano Zanin votou nesta quinta-feira 11 pelo reconhecimento da exist\u00eancia de uma organiza\u00e7\u00e3o criminosa envolvendo o ex-presidente Jair Bolsonaro (PL) e outros sete r\u00e9us&#8230;.<\/p>\n","protected":false},"author":1,"featured_media":3002,"comment_status":"open","ping_status":"open","sticky":false,"template":"","format":"standard","meta":{"footnotes":""},"categories":[3],"tags":[],"class_list":["post-3001","post","type-post","status-publish","format-standard","has-post-thumbnail","hentry","category-geral"],"_links":{"self":[{"href":"https:\/\/cafecommessias.com.br\/index.php?rest_route=\/wp\/v2\/posts\/3001","targetHints":{"allow":["GET"]}}],"collection":[{"href":"https:\/\/cafecommessias.com.br\/index.php?rest_route=\/wp\/v2\/posts"}],"about":[{"href":"https:\/\/cafecommessias.com.br\/index.php?rest_route=\/wp\/v2\/types\/post"}],"author":[{"embeddable":true,"href":"https:\/\/cafecommessias.com.br\/index.php?rest_route=\/wp\/v2\/users\/1"}],"replies":[{"embeddable":true,"href":"https:\/\/cafecommessias.com.br\/index.php?rest_route=%2Fwp%2Fv2%2Fcomments&post=3001"}],"version-history":[{"count":1,"href":"https:\/\/cafecommessias.com.br\/index.php?rest_route=\/wp\/v2\/posts\/3001\/revisions"}],"predecessor-version":[{"id":3003,"href":"https:\/\/cafecommessias.com.br\/index.php?rest_route=\/wp\/v2\/posts\/3001\/revisions\/3003"}],"wp:featuredmedia":[{"embeddable":true,"href":"https:\/\/cafecommessias.com.br\/index.php?rest_route=\/wp\/v2\/media\/3002"}],"wp:attachment":[{"href":"https:\/\/cafecommessias.com.br\/index.php?rest_route=%2Fwp%2Fv2%2Fmedia&parent=3001"}],"wp:term":[{"taxonomy":"category","embeddable":true,"href":"https:\/\/cafecommessias.com.br\/index.php?rest_route=%2Fwp%2Fv2%2Fcategories&post=3001"},{"taxonomy":"post_tag","embeddable":true,"href":"https:\/\/cafecommessias.com.br\/index.php?rest_route=%2Fwp%2Fv2%2Ftags&post=3001"}],"curies":[{"name":"wp","href":"https:\/\/api.w.org\/{rel}","templated":true}]}}