{"id":3004,"date":"2025-09-12T07:36:58","date_gmt":"2025-09-12T10:36:58","guid":{"rendered":"https:\/\/cafecommessias.com.br\/?p=3004"},"modified":"2025-09-12T07:37:02","modified_gmt":"2025-09-12T10:37:02","slug":"oposicao-aposta-em-anistia-e-a-base-comemora","status":"publish","type":"post","link":"https:\/\/cafecommessias.com.br\/?p=3004","title":{"rendered":"Oposi\u00e7\u00e3o aposta em anistia e a base comemora"},"content":{"rendered":"\n<p>O secret\u00e1rio-geral do Partido Liberal, senador Rog\u00e9rio Marinho, emitiu nota sobre o julgamento do ex-presidente Jair Bolsonaro na 1\u00aa Turma do Supremo Tribunal Federal (STF): \u201c\u00c9 um duro golpe contra a democracia e contra as liberdades no Brasil\u201d.<\/p>\n\n\n\n<p>Para o senador potiguar a senten\u00e7a \u00e9 \u201cuma condena\u00e7\u00e3o injusta de um inocente, conduzida em um processo onde faltou imparcialidade, sob a sombra do chamado inqu\u00e9rito das \u201cfake news\u201d, que virou instrumento de persegui\u00e7\u00e3o pol\u00edtica e precisa ser imediatamente encerrado\u201d.<\/p>\n\n\n\n<p>Marinho acrescentou, na nota, que \u201co Brasil precisa de paz, e a solu\u00e7\u00e3o est\u00e1 no Congresso Nacional, a quem cabe \u2014 com compet\u00eancia privativa \u2014 aprovar a anistia ampla, geral e irrestrita\u201d.<\/p>\n\n\n\n<p>Por fim, defendeu \u201cuma medida de justi\u00e7a e pacifica\u00e7\u00e3o, que contemple n\u00e3o apenas Bolsonaro, mas todos os perseguidos pelos eventos de 8 de janeiro. \u00c9 hora de virar a p\u00e1gina dessa escalada autorit\u00e1ria\u201d.<\/p>\n\n\n\n<p>O deputado Zucco (PL-RS), criticou o voto da ministra, categorizando C\u00e1rmen L\u00facia e Alexandre de Moraes, relator do caso, como \u201cpromotores de acusa\u00e7\u00e3o\u201d e Fl\u00e1vio Dino como \u201cpol\u00edtico\u201d. \u201cN\u00e3o estamos surpresos com o resultado, j\u00e1 era esperado. Sa\u00edmos daqui com a certeza que n\u00e3o houve o devido processo legal\u201d, afirmou o l\u00edder da oposi\u00e7\u00e3o.<\/p>\n\n\n\n<p>O deputado do PL ainda acredita que a forma\u00e7\u00e3o da maioria para condenar o ex-presidente Bolsonaro fortalece a oposi\u00e7\u00e3o.<\/p>\n\n\n\n<p>Ap\u00f3s a ministra C\u00e1rmen L\u00facia, do STF (Supremo Tribunal Federal), formar maioria para condenar o ex-presidente Jair Bolsonaro (PL) e outros sete r\u00e9us por tentativa de golpe de Estado, parlamentares que acompanhavam o voto na Primeira Turma se manifestaram.<\/p>\n\n\n\n<p>O l\u00edder do PT na C\u00e2mara, deputado Lindbergh Farias (RJ), afirmou que \u201choje \u00e9 um dia hist\u00f3rico para a democracia brasileira\u201d.<\/p>\n\n\n\n<p>O deputado ainda elogiou o voto da ministra e definiu como sendo \u201ccontundente\u201d. Com a maioria formada, o l\u00edder do PT acredita que anistia precisa ser \u201centerrada\u201d.<\/p>\n\n\n\n<p><sub>por Tribuna do Norte<\/sub><\/p>\n","protected":false},"excerpt":{"rendered":"<p>O secret\u00e1rio-geral do Partido Liberal, senador Rog\u00e9rio Marinho, emitiu nota sobre o julgamento do ex-presidente Jair Bolsonaro na 1\u00aa Turma do Supremo Tribunal Federal (STF): \u201c\u00c9 um duro golpe contra a democracia e contra as liberdades no Brasil\u201d. Para o senador potiguar a senten\u00e7a \u00e9 \u201cuma condena\u00e7\u00e3o injusta de um inocente, conduzida em um processo&#8230;<\/p>\n","protected":false},"author":1,"featured_media":3005,"comment_status":"open","ping_status":"open","sticky":false,"template":"","format":"standard","meta":{"footnotes":""},"categories":[6],"tags":[],"class_list":["post-3004","post","type-post","status-publish","format-standard","has-post-thumbnail","hentry","category-politica"],"_links":{"self":[{"href":"https:\/\/cafecommessias.com.br\/index.php?rest_route=\/wp\/v2\/posts\/3004","targetHints":{"allow":["GET"]}}],"collection":[{"href":"https:\/\/cafecommessias.com.br\/index.php?rest_route=\/wp\/v2\/posts"}],"about":[{"href":"https:\/\/cafecommessias.com.br\/index.php?rest_route=\/wp\/v2\/types\/post"}],"author":[{"embeddable":true,"href":"https:\/\/cafecommessias.com.br\/index.php?rest_route=\/wp\/v2\/users\/1"}],"replies":[{"embeddable":true,"href":"https:\/\/cafecommessias.com.br\/index.php?rest_route=%2Fwp%2Fv2%2Fcomments&post=3004"}],"version-history":[{"count":1,"href":"https:\/\/cafecommessias.com.br\/index.php?rest_route=\/wp\/v2\/posts\/3004\/revisions"}],"predecessor-version":[{"id":3006,"href":"https:\/\/cafecommessias.com.br\/index.php?rest_route=\/wp\/v2\/posts\/3004\/revisions\/3006"}],"wp:featuredmedia":[{"embeddable":true,"href":"https:\/\/cafecommessias.com.br\/index.php?rest_route=\/wp\/v2\/media\/3005"}],"wp:attachment":[{"href":"https:\/\/cafecommessias.com.br\/index.php?rest_route=%2Fwp%2Fv2%2Fmedia&parent=3004"}],"wp:term":[{"taxonomy":"category","embeddable":true,"href":"https:\/\/cafecommessias.com.br\/index.php?rest_route=%2Fwp%2Fv2%2Fcategories&post=3004"},{"taxonomy":"post_tag","embeddable":true,"href":"https:\/\/cafecommessias.com.br\/index.php?rest_route=%2Fwp%2Fv2%2Ftags&post=3004"}],"curies":[{"name":"wp","href":"https:\/\/api.w.org\/{rel}","templated":true}]}}