{"id":303,"date":"2025-07-11T16:52:19","date_gmt":"2025-07-11T19:52:19","guid":{"rendered":"http:\/\/cafecommessias.com.br\/?p=303"},"modified":"2025-07-11T16:54:50","modified_gmt":"2025-07-11T19:54:50","slug":"cidade-do-rn-tem-mais-de-90-da-populacao-morando-em-unidade-de-conservacao-ambiental-diz-ibge","status":"publish","type":"post","link":"https:\/\/cafecommessias.com.br\/?p=303","title":{"rendered":"Cidade do RN tem mais de 90% da popula\u00e7\u00e3o morando em unidade de conserva\u00e7\u00e3o ambiental, diz IBGE"},"content":{"rendered":"\n<p>Mais de 126,6 mil pessoas moram em Unidades de Conserva\u00e7\u00e3o da Natureza (UC\u2019s)\u00a0no Rio Grande do Norte, segundo dados in\u00e9ditos divulgados nesta sexta-feira (11) pelo Instituto Brasileiro de Geografia e Estat\u00edstica (IBGE). O levantamento foi feito no Censo 2022.<\/p>\n\n\n\n<p>O n\u00famero total representa 3,83% da popula\u00e7\u00e3o do estado. No entanto, chama a aten\u00e7\u00e3o a realidae do munic\u00edpio de\u00a0<strong>N\u00edsia Floresta<\/strong>, na Grande\u00a0Natal: segundo o IBGE,\u00a0<strong>91% da popula\u00e7\u00e3o da cidade, mais de 29 mil pessoas, moram dentro de unidade de conserva\u00e7\u00e3o<\/strong>.<\/p>\n\n\n\n<figure class=\"wp-block-image size-large\"><img loading=\"lazy\" decoding=\"async\" width=\"1024\" height=\"158\" src=\"http:\/\/cafecommessias.com.br\/wp-content\/uploads\/2025\/07\/Lixo-nas-Ruas_1300x200-5-1024x158.png\" alt=\"\" class=\"wp-image-231\" srcset=\"https:\/\/cafecommessias.com.br\/wp-content\/uploads\/2025\/07\/Lixo-nas-Ruas_1300x200-5-1024x158.png 1024w, https:\/\/cafecommessias.com.br\/wp-content\/uploads\/2025\/07\/Lixo-nas-Ruas_1300x200-5-300x46.png 300w, https:\/\/cafecommessias.com.br\/wp-content\/uploads\/2025\/07\/Lixo-nas-Ruas_1300x200-5-768x118.png 768w, https:\/\/cafecommessias.com.br\/wp-content\/uploads\/2025\/07\/Lixo-nas-Ruas_1300x200-5.png 1300w\" sizes=\"auto, (max-width: 1024px) 100vw, 1024px\" \/><\/figure>\n\n\n\n<p>O munic\u00edpio fica dentro da \u00c1rea de Prote\u00e7\u00e3o Ambiental Bonfim\/Guara\u00edra, que \u00e9 a unidade com a maior popula\u00e7\u00e3o no estado. Ao todo, 72.035 pessoas moram nela. Em segundo lugar, est\u00e1 a \u00c1rea de Prote\u00e7\u00e3o Ambiental Piquiri-Uma, com 43.423 residentes.<\/p>\n\n\n\n<p>Segundo o IBGE, as unidades de conserva\u00e7\u00e3o s\u00e3o espa\u00e7os territoriais e os seus recursos ambientais com caracter\u00edsticas naturais relevantes, institu\u00eddos pelo Poder P\u00fablico e com regime especial de administra\u00e7\u00e3o, com limites e objetivos de conserva\u00e7\u00e3o.<\/p>\n\n\n\n<p>No RN, foram identificados moradores em \u00c1reas de Prote\u00e7\u00e3o Ambiental (APP), em florestas, em parques e em uma reserva de desenvolvimento sustent\u00e1vel.<\/p>\n\n\n\n<p>De acordo com a superintende estadual do IBGE\/RN, Fabiana F\u00e1brega de Oliveira, uma das inova\u00e7\u00f5es do Censo 2022 \u00e9 o fornecimento das primeiras estat\u00edsticas oficiais sobre as caracter\u00edsticas sociodemogr\u00e1ficas dos grupos populacionais que moram nesses espa\u00e7os.<\/p>\n\n\n\n<p>\u201cOs gestores ter\u00e3o informa\u00e7\u00f5es demogr\u00e1ficas para as unidades que poder\u00e3o embasar decis\u00f5es mais assertivas de acordo com os objetivos planejados para cada um dos tipos de Unidade de Conserva\u00e7\u00e3o\u201d, explicou a superintendente.<\/p>\n\n\n\n<p>Veja os cinco munic\u00edpios do RN com maior popula\u00e7\u00e3o em \u00e1reas de conserva\u00e7\u00e3o ambiental<\/p>\n\n\n\n<figure class=\"wp-block-table\"><table class=\"has-fixed-layout\"><tbody><tr><td>Munic\u00edpio<\/td><td>Popula\u00e7\u00e3o total<\/td><td>Popula\u00e7\u00e3o residente em Unidades de Conserva\u00e7\u00e3o<\/td><\/tr><tr><td>N\u00edsia Floresta (RN)<\/td><td>31.942<\/td><td>29.356<\/td><\/tr><tr><td>S\u00e3o Jos\u00e9 de Mipibu (RN)<\/td><td>47.286<\/td><td>26.739<\/td><\/tr><tr><td>Goianinha (RN)<\/td><td>26.741<\/td><td>12.864<\/td><\/tr><tr><td>Tibau do Sul (RN)<\/td><td>16.929<\/td><td>11.478<\/td><\/tr><tr><td>Pedro Velho (RN)<\/td><td>13.824<\/td><td>11.467<\/td><\/tr><\/tbody><\/table><\/figure>\n\n\n\n<p><sub>Fonte: IBGE<\/sub><\/p>\n","protected":false},"excerpt":{"rendered":"<p>Mais de 126,6 mil pessoas moram em Unidades de Conserva\u00e7\u00e3o da Natureza (UC\u2019s)\u00a0no Rio Grande do Norte, segundo dados in\u00e9ditos divulgados nesta sexta-feira (11) pelo Instituto Brasileiro de Geografia e Estat\u00edstica (IBGE). O levantamento foi feito no Censo 2022. O n\u00famero total representa 3,83% da popula\u00e7\u00e3o do estado. No entanto, chama a aten\u00e7\u00e3o a realidae&#8230;<\/p>\n","protected":false},"author":1,"featured_media":304,"comment_status":"closed","ping_status":"closed","sticky":false,"template":"","format":"standard","meta":{"footnotes":""},"categories":[4,3],"tags":[],"class_list":["post-303","post","type-post","status-publish","format-standard","has-post-thumbnail","hentry","category-anuncie-aqui","category-geral"],"_links":{"self":[{"href":"https:\/\/cafecommessias.com.br\/index.php?rest_route=\/wp\/v2\/posts\/303","targetHints":{"allow":["GET"]}}],"collection":[{"href":"https:\/\/cafecommessias.com.br\/index.php?rest_route=\/wp\/v2\/posts"}],"about":[{"href":"https:\/\/cafecommessias.com.br\/index.php?rest_route=\/wp\/v2\/types\/post"}],"author":[{"embeddable":true,"href":"https:\/\/cafecommessias.com.br\/index.php?rest_route=\/wp\/v2\/users\/1"}],"replies":[{"embeddable":true,"href":"https:\/\/cafecommessias.com.br\/index.php?rest_route=%2Fwp%2Fv2%2Fcomments&post=303"}],"version-history":[{"count":3,"href":"https:\/\/cafecommessias.com.br\/index.php?rest_route=\/wp\/v2\/posts\/303\/revisions"}],"predecessor-version":[{"id":307,"href":"https:\/\/cafecommessias.com.br\/index.php?rest_route=\/wp\/v2\/posts\/303\/revisions\/307"}],"wp:featuredmedia":[{"embeddable":true,"href":"https:\/\/cafecommessias.com.br\/index.php?rest_route=\/wp\/v2\/media\/304"}],"wp:attachment":[{"href":"https:\/\/cafecommessias.com.br\/index.php?rest_route=%2Fwp%2Fv2%2Fmedia&parent=303"}],"wp:term":[{"taxonomy":"category","embeddable":true,"href":"https:\/\/cafecommessias.com.br\/index.php?rest_route=%2Fwp%2Fv2%2Fcategories&post=303"},{"taxonomy":"post_tag","embeddable":true,"href":"https:\/\/cafecommessias.com.br\/index.php?rest_route=%2Fwp%2Fv2%2Ftags&post=303"}],"curies":[{"name":"wp","href":"https:\/\/api.w.org\/{rel}","templated":true}]}}