{"id":3035,"date":"2025-09-12T15:06:58","date_gmt":"2025-09-12T18:06:58","guid":{"rendered":"https:\/\/cafecommessias.com.br\/?p=3035"},"modified":"2025-09-12T15:07:12","modified_gmt":"2025-09-12T18:07:12","slug":"assembleia-geral-da-onu-apoia-futuro-estado-palestino-mas-sem-o-hamas-vergonhoso-diz-israel","status":"publish","type":"post","link":"https:\/\/cafecommessias.com.br\/?p=3035","title":{"rendered":"Assembleia Geral da ONU apoia futuro Estado palestino, mas sem o Hamas; \u2018Vergonhoso\u2019, diz Israel"},"content":{"rendered":"\n<p>A Assembleia Geral da ONU adotou, nesta sexta-feira, a \u201cDeclara\u00e7\u00e3o de Nova York\u201d, que visa dar um novo impulso \u00e0 solu\u00e7\u00e3o de dois Estados para Israel e Palestina, mas exclui a participa\u00e7\u00e3o do Hamas. O texto, apresentado por Fran\u00e7a e Ar\u00e1bia Saudita, foi adotado por 142 votos a favor, 10 contra (incluindo Israel e seu principal aliado, Estados Unidos) e 12 absten\u00e7\u00f5es. Israel, por sua vez, disse que declara\u00e7\u00e3o \u00e9 \u201cvergonhosa\u201d.<\/p>\n\n\n\n<p>Embora Israel critique h\u00e1 quase dois anos os organismos das Na\u00e7\u00f5es Unidas por sua incapacidade de condenar o ataque do movimento islamista palestino ao territ\u00f3rio israelense em 7 de outubro de 2023, a declara\u00e7\u00e3o \u00e9 clara.<\/p>\n\n\n\n<p>\u201cCondenamos os ataques perpetrados em 7 de outubro pelo Hamas contra civis\u201d e o \u201cHamas deve libertar todos os ref\u00e9ns\u201d ainda sob seu poder em Gaza, afirma. Mas a declara\u00e7\u00e3o, respaldada pela Liga \u00c1rabe e assinada em julho por 17 pa\u00edses durante a primeira parte de uma das confer\u00eancias da ONU sobre a solu\u00e7\u00e3o de dois Estados, vai al\u00e9m.<\/p>\n\n\n\n<p>\u201cNo contexto da finaliza\u00e7\u00e3o da guerra em Gaza, o Hamas deve deixar de exercer sua autoridade sobre a Faixa de Gaza e entregar suas armas \u00e0 Autoridade Nacional Palestina, com o apoio e a colabora\u00e7\u00e3o da comunidade internacional, em conformidade com o objetivo de um Estados palestino soberano e independente\u201d, sinaliza o texto.<\/p>\n\n\n\n<p>Dos pa\u00edses europeus, a Hungria foi o \u00fanico que se op\u00f4s \u00e0 declara\u00e7\u00e3o, e a Rep\u00fablica Tcheca se absteve. Todos os outros pa\u00edses europeus votaram a favor.<\/p>\n\n\n\n<p>O Minist\u00e9rio das Rela\u00e7\u00f5es Exteriores de Israel escreveu nas redes sociais que \u201crejeita totalmente a decis\u00e3o\u201d, e chamou a Assembleia Geral de \u201cum circo pol\u00edtico desligado da realidade\u201d. \u201cN\u00e3o h\u00e1 refer\u00eancia ao simples fato de que o Hamas \u00e9 o \u00fanico respons\u00e1vel pela continua\u00e7\u00e3o da guerra, por sua recusa em devolver os ref\u00e9ns e se desarmar\u201d, acrescentou a declara\u00e7\u00e3o, dizendo que a resolu\u00e7\u00e3o \u201cencoraja o Hamas a continuar a guerra\u201d.<\/p>\n\n\n\n<p>A vota\u00e7\u00e3o antecede uma pr\u00f3xima c\u00fapula da ONU copresidida por Riade e Paris em 22 de setembro em Nova York, na qual o presidente da Fran\u00e7a, Emmanuel Macron, prometeu reconhecer formalmente o Estado palestino.<\/p>\n\n\n\n<p>\u2014 O fato de que a Assembleia Geral finalmente apoie um texto que condena diretamente o Hamas \u00e9 significativo, embora os israelenses digam que \u00e9 pouco demais e tarde demais \u2014 afirmou Richard Gowan, do International Crisis Group, \u00e0 AFP. \u2014 Agora, pelo menos, os Estados que apoiam os palestinos podem refutar as acusa\u00e7\u00f5es israelenses segundo as quais apoiam implicitamente ao Hamas. Isto oferece um escudo contra as cr\u00edticas de Israel.<\/p>\n\n\n\n<p>Al\u00e9m da Fran\u00e7a, outros pa\u00edses anunciaram sua inten\u00e7\u00e3o de reconhecer formalmente o Estado palestino durante a semana da Assembleia Geral da ONU, que come\u00e7a em 22 de setembro. O gesto \u00e9 visto, al\u00e9m disso, como uma forma de aumentar a press\u00e3o sobre Israel para que encerre a guerra em Gaza.<\/p>\n\n\n\n<p><em><sub>Por O Globo<\/sub><\/em><\/p>\n","protected":false},"excerpt":{"rendered":"<p>A Assembleia Geral da ONU adotou, nesta sexta-feira, a \u201cDeclara\u00e7\u00e3o de Nova York\u201d, que visa dar um novo impulso \u00e0 solu\u00e7\u00e3o de dois Estados para Israel e Palestina, mas exclui a participa\u00e7\u00e3o do Hamas. O texto, apresentado por Fran\u00e7a e Ar\u00e1bia Saudita, foi adotado por 142 votos a favor, 10 contra (incluindo Israel e seu&#8230;<\/p>\n","protected":false},"author":1,"featured_media":3036,"comment_status":"closed","ping_status":"closed","sticky":false,"template":"","format":"standard","meta":{"footnotes":""},"categories":[2],"tags":[],"class_list":["post-3035","post","type-post","status-publish","format-standard","has-post-thumbnail","hentry","category-internacional"],"_links":{"self":[{"href":"https:\/\/cafecommessias.com.br\/index.php?rest_route=\/wp\/v2\/posts\/3035","targetHints":{"allow":["GET"]}}],"collection":[{"href":"https:\/\/cafecommessias.com.br\/index.php?rest_route=\/wp\/v2\/posts"}],"about":[{"href":"https:\/\/cafecommessias.com.br\/index.php?rest_route=\/wp\/v2\/types\/post"}],"author":[{"embeddable":true,"href":"https:\/\/cafecommessias.com.br\/index.php?rest_route=\/wp\/v2\/users\/1"}],"replies":[{"embeddable":true,"href":"https:\/\/cafecommessias.com.br\/index.php?rest_route=%2Fwp%2Fv2%2Fcomments&post=3035"}],"version-history":[{"count":1,"href":"https:\/\/cafecommessias.com.br\/index.php?rest_route=\/wp\/v2\/posts\/3035\/revisions"}],"predecessor-version":[{"id":3037,"href":"https:\/\/cafecommessias.com.br\/index.php?rest_route=\/wp\/v2\/posts\/3035\/revisions\/3037"}],"wp:featuredmedia":[{"embeddable":true,"href":"https:\/\/cafecommessias.com.br\/index.php?rest_route=\/wp\/v2\/media\/3036"}],"wp:attachment":[{"href":"https:\/\/cafecommessias.com.br\/index.php?rest_route=%2Fwp%2Fv2%2Fmedia&parent=3035"}],"wp:term":[{"taxonomy":"category","embeddable":true,"href":"https:\/\/cafecommessias.com.br\/index.php?rest_route=%2Fwp%2Fv2%2Fcategories&post=3035"},{"taxonomy":"post_tag","embeddable":true,"href":"https:\/\/cafecommessias.com.br\/index.php?rest_route=%2Fwp%2Fv2%2Ftags&post=3035"}],"curies":[{"name":"wp","href":"https:\/\/api.w.org\/{rel}","templated":true}]}}