{"id":3057,"date":"2025-09-13T11:38:08","date_gmt":"2025-09-13T14:38:08","guid":{"rendered":"https:\/\/cafecommessias.com.br\/?p=3057"},"modified":"2025-09-13T11:47:56","modified_gmt":"2025-09-13T14:47:56","slug":"a-reacao-de-fux-e-os-bastidores-da-sessao-no-stf-que-condenou-bolsonaro","status":"publish","type":"post","link":"https:\/\/cafecommessias.com.br\/?p=3057","title":{"rendered":"A rea\u00e7\u00e3o de Fux e os bastidores da sess\u00e3o no STF que condenou Bolsonaro"},"content":{"rendered":"\n<p>Entre falas de descontra\u00e7\u00f5es, sil\u00eancios calculados e gestos sutis, sess\u00e3o hist\u00f3rica no Supremo exp\u00f4s rea\u00e7\u00f5es raras e n\u00e3o vis\u00edveis a todo p\u00fablico<\/p>\n\n\n\n<p>A sess\u00e3o na&nbsp;<strong>Primeira Turma do STF (Supremo Tribunal Federal)<\/strong>&nbsp;que condenou o ex-presidente&nbsp;<strong>Jair Bolsonaro<\/strong>&nbsp;(PL) e outros sete por um plano de&nbsp;<strong>golpe de Estado<\/strong>&nbsp;teve momentos tensos, descontra\u00eddos e muitas rea\u00e7\u00f5es que n\u00e3o foram transmitidas pelas c\u00e2meras.<\/p>\n\n\n\n<figure class=\"wp-block-embed is-type-video is-provider-youtube wp-block-embed-youtube wp-embed-aspect-16-9 wp-has-aspect-ratio\"><div class=\"wp-block-embed__wrapper\">\n<iframe loading=\"lazy\" title=\"An\u00e1lise: Fux abre maior diverg\u00eancia do julgamento at\u00e9 o momento | WW\" width=\"640\" height=\"360\" src=\"https:\/\/www.youtube.com\/embed\/XgzJwxOm248?feature=oembed\" frameborder=\"0\" allow=\"accelerometer; autoplay; clipboard-write; encrypted-media; gyroscope; picture-in-picture; web-share\" referrerpolicy=\"strict-origin-when-cross-origin\" allowfullscreen><\/iframe>\n<\/div><\/figure>\n\n\n\n<p class=\"has-text-align-center\"><strong>PUBLICIDADE<\/strong><\/p>\n\n\n\n<figure class=\"wp-block-image size-large\"><img decoding=\"async\" src=\"https:\/\/cafecommessias.com.br\/wp-content\/uploads\/2025\/09\/Banner-200DIAS-1400x300px.gif\" alt=\"\"\/><\/figure>\n\n\n\n<p>\u00c0s 14h22, o presidente do colegiado, ministro\u00a0<strong>Cristiano Zanin<\/strong>, deu in\u00edcio \u00e0 sess\u00e3o \u2014 j\u00e1 marcada como hist\u00f3rica por\u00a0resultar, pela primeira vez, na condena\u00e7\u00e3o de um ex-presidente da Rep\u00fablica por tentativa de golpe de Estado.<\/p>\n\n\n\n<p>A fala de Zanin se intercalava com os cliques feitos pelos fot\u00f3grafos da imprensa em geral, j\u00e1 que podiam registrar apenas os cinco minutos iniciais da sess\u00e3o. Depois disso, sa\u00edram da sala e apenas os jornalistas puderam acompanhar a sess\u00e3o inteira, sem fazer registros de fotos ou v\u00eddeos.Play Video<\/p>\n\n\n\n<p>Nas primeiras fileiras do audit\u00f3rio, a presen\u00e7a incomum do ministro decano do STF,&nbsp;<strong>Gilmar Mendes<\/strong>, e da irm\u00e3 da ministra&nbsp;<strong>C\u00e1rmen L\u00facia<\/strong>,&nbsp;<strong>Maria Luiza<\/strong>, j\u00e1 denotava que a sess\u00e3o seria carregada de falas marcantes e recados ao p\u00fablico externo.<\/p>\n\n\n\n<p>Todos que assistiam tinham expectativas do que viriam nos votos de C\u00e1rmen e Zanin \u2014 os dois \u00faltimos a darem seus pareceres no julgamento.<\/p>\n\n\n\n<p>O anseio era grande por todos que estavam na sess\u00e3o para ouvir, principalmente, C\u00e1rmen L\u00facia, que daria o voto de maioria para condenar Bolsonaro e, depois, Zanin votaria para confirmar o entendimento do colegiado.<\/p>\n\n\n\n<p>A sess\u00e3o da quinta-feira (11) ganhou mais relev\u00e2ncia ap\u00f3s um\u00a0voto de quase 14 horas no dia anterior do ministro Luiz Fux, que abriu diverg\u00eancia ao absolver Bolsonaro e condenar apenas\u00a0<strong>Mauro Cid<\/strong>\u00a0e\u00a0<strong>Braga Netto<\/strong>\u00a0por\u00a0<strong>tentativa de aboli\u00e7\u00e3o do Estado Democr\u00e1tico de Direito<\/strong>.<\/p>\n\n\n\n<p>Os ministros, que votariam com o relator,\u00a0precisariam desconstruir a narrativa elaborada por Fux em um tempo muito menor.<\/p>\n\n\n\n<figure class=\"wp-block-embed is-type-video is-provider-youtube wp-block-embed-youtube wp-embed-aspect-16-9 wp-has-aspect-ratio\"><div class=\"wp-block-embed__wrapper\">\n<iframe loading=\"lazy\" title=\"Bolsonaro \u00e9 acusado por minuta sem teor conhecido, afirma Fux | CNN ARENA\" width=\"640\" height=\"360\" src=\"https:\/\/www.youtube.com\/embed\/P-X4msg6sDI?feature=oembed\" frameborder=\"0\" allow=\"accelerometer; autoplay; clipboard-write; encrypted-media; gyroscope; picture-in-picture; web-share\" referrerpolicy=\"strict-origin-when-cross-origin\" allowfullscreen><\/iframe>\n<\/div><\/figure>\n\n\n\n<p>O audit\u00f3rio da sess\u00e3o, como todos os dias do julgamento, estava cheio de jornalistas, advogados dos r\u00e9us e assessores dos ministros. A seguran\u00e7a estava refor\u00e7ada, com sete policiais somente perto do p\u00falpito onde ficaram os magistrados.<\/p>\n\n\n\n<p>Um m\u00e9dico tamb\u00e9m estava presente na sala e perguntava espontaneamente para as pessoas para saber se tudo estava bem. Seu olhar atento parecia captar, naquele ambiente, emo\u00e7\u00f5es e estados de sa\u00fade que poderiam estar \u00e0 flor da pele.<\/p>\n\n\n\n<p>Presidente do\u00a0<strong>TSE (Tribunal Superior Eleitoral)<\/strong>, C\u00e1rmen L\u00facia,\u00a0fez um voto em defesa da democracia e do sistema eleitoral.<\/p>\n\n\n\n<p>A ministra tamb\u00e9m resgatou a proposta da&nbsp;<strong>PGR (Procuradoria-Geral da Rep\u00fablica)<\/strong>&nbsp;de analisar os atos de forma conjunta. Ao contr\u00e1rio de Fux, que examinou os atos de forma isolada e n\u00e3o verificou as descri\u00e7\u00f5es dos crimes conforme a lei, situa\u00e7\u00e3o que chamou que era preciso &#8220;encaixar as m\u00e3os nas luvas&#8221;.<\/p>\n\n\n\n<p>Durante o voto da ministra, Fux estava inquieto: mexia em pap\u00e9is, olhava para o computador e tomava caf\u00e9.<\/p>\n\n\n\n<p>Em diversos momentos, o ministro Fl\u00e1vio Dino e o relator\u00a0Alexandre de Moraes fizeram interven\u00e7\u00f5es durante o voto de C\u00e1rmen. No primeiro pedido, quando Dino solicitou para fazer um &#8220;aparte&#8221;, logo recebeu uma resposta em tom descontra\u00eddo: &#8220;todos&#8221;, disse a ministra.<\/p>\n\n\n\n<p>A situa\u00e7\u00e3o parecia uma alfinetada direta em Fux, que na primeira sess\u00e3o de julgamento disse publicamente que eles tinham um acordo de n\u00e3o interven\u00e7\u00e3o um no voto do outro. Mas a alfinetada n\u00e3o foi isolada.<\/p>\n\n\n\n<figure class=\"wp-block-embed is-type-video is-provider-youtube wp-block-embed-youtube wp-embed-aspect-16-9 wp-has-aspect-ratio\"><div class=\"wp-block-embed__wrapper\">\n<iframe loading=\"lazy\" title=\"Dino e C\u00e1rmen L\u00facia brincam sobre interrup\u00e7\u00f5es em votos: &quot;Sou da prosa&quot; | CNN Brasil\" width=\"640\" height=\"360\" src=\"https:\/\/www.youtube.com\/embed\/Himi1TONG60?feature=oembed\" frameborder=\"0\" allow=\"accelerometer; autoplay; clipboard-write; encrypted-media; gyroscope; picture-in-picture; web-share\" referrerpolicy=\"strict-origin-when-cross-origin\" allowfullscreen><\/iframe>\n<\/div><\/figure>\n\n\n\n<p>Luiz Fux parecia prever que viriam outras e se manteve contido: n\u00e3o fez pedidos de respostas e manteve o semblante impass\u00edvel diante das provoca\u00e7\u00f5es dos colegas \u2014 como quem j\u00e1 esperava o embate.<\/p>\n\n\n\n<p>Mesmo diante das diverg\u00eancias na interpreta\u00e7\u00e3o do voto, Fux chegou a cochichar ao menos duas vezes no ouvido de Fl\u00e1vio Dino. Ainda assim, manteve-se s\u00e9rio durante todo o tempo, sem esbo\u00e7ar um \u00fanico sorriso diante das diversas piadas trocadas entre Dino, Moraes e C\u00e1rmen.<\/p>\n\n\n\n<p>Em um dos momentos de descontra\u00e7\u00e3o, at\u00e9 o procurador-geral da Rep\u00fablica, Paulo Gonet, deixou escapar um sorriso largo \u2014 gesto mais raro, talvez, do que ouvir uma risada do pr\u00f3prio Fux.<\/p>\n\n\n\n<p>O \u00fanico grande momento em que o ministro demonstrou ouvir algo que n\u00e3o foi de seu agrado foi diante de uma fala de descontra\u00e7\u00e3o de Alexandre de Moraes.<\/p>\n\n\n\n<p>&#8220;Eu prometo a Vossa Excel\u00eancia [Fl\u00e1vio Dino] que n\u00e3o farei a maldade que me fizeram ontem.\u00a0De fazer eu perder quase dois ter\u00e7os do jogo do Corinthians e o Athletico-PR. Eu cheguei em casa e j\u00e1 estava 2 a 0 para a minha felicidade, mas perdi aquele momento dos dois gols&#8221;, disse Moraes em tom bem-humorado.<\/p>\n\n\n\n<p>Ao ouvir a palavra &#8220;maldade&#8221;, Fux que mexia com alguns pap\u00e9is, os levantou e aproveitou para olhar diretamente a Moraes. No entanto, nada respondeu.<\/p>\n\n\n\n<figure class=\"wp-block-embed is-type-video is-provider-youtube wp-block-embed-youtube wp-embed-aspect-16-9 wp-has-aspect-ratio\"><div class=\"wp-block-embed__wrapper\">\n<iframe loading=\"lazy\" title=\"Moraes brinca que perdeu quase todo o jogo do Corinthians por causa de voto de Fux | CNN PRIME TIME\" width=\"640\" height=\"360\" src=\"https:\/\/www.youtube.com\/embed\/PotzUFSGTHU?feature=oembed\" frameborder=\"0\" allow=\"accelerometer; autoplay; clipboard-write; encrypted-media; gyroscope; picture-in-picture; web-share\" referrerpolicy=\"strict-origin-when-cross-origin\" allowfullscreen><\/iframe>\n<\/div><\/figure>\n\n\n\n<p>Quando chegou a vez do voto do ministro Cristiano Zanin, a atitude de Fux mudou. O magistrado manteve o olhar fixo em Zanin durante a leitura, num gesto que revelava respeito e aten\u00e7\u00e3o. Era uma defer\u00eancia sutil \u2014 semelhante \u00e0 que Zanin demonstrara ao acompanhar, com igual cuidado, grande parte do voto de Fux.<\/p>\n\n\n\n<p>\u00c0s 18h13, Zanin encerrou seu voto,\u00a0confirmando a condena\u00e7\u00e3o de Bolsonaro e de outros sete r\u00e9us. Pouco depois, \u00e0s 20h39, os ministros j\u00e1 tinham debatido e definido as penas dos oito condenados.<\/p>\n\n\n\n<figure class=\"wp-block-table\"><table class=\"has-fixed-layout\"><thead><tr><th>Condenados<\/th><th>Penas<\/th><\/tr><\/thead><tbody><tr><td>Jair Bolsonaro<\/td><td>27 anos e 3 meses (regime fechado)<\/td><\/tr><tr><td>Walter Braga Netto<\/td><td>26 anos (regime fechado)<\/td><\/tr><tr><td>Anderson Torres<\/td><td>24 anos (regime fechado)<\/td><\/tr><tr><td>Almir Garnier<\/td><td>24 anos (regime fechado)<\/td><\/tr><tr><td>Augusto Heleno<\/td><td>21 anos (regime fechado)<\/td><\/tr><tr><td>Paulo S\u00e9rgio Nogueira<\/td><td>19 anos (regime fechado)<\/td><\/tr><tr><td>Alexandre Ramagem<\/td><td>16 anos (regime fechado)<\/td><\/tr><tr><td>Mauro Cid<\/td><td>2 anos (regime aberto)<\/td><\/tr><\/tbody><\/table><\/figure>\n\n\n\n<p><sub>Fonte: STF (Supremo Tribunal Federal)<\/sub><\/p>\n\n\n\n<p>Para concluir o julgamento hist\u00f3rico,\u00a0Zanin passou a palavra ao presidente do STF, ministro Lu\u00eds Roberto Barroso, que se fez presente j\u00e1 ao final da sess\u00e3o.<\/p>\n\n\n\n<p>\u00c0s 20h20, com seu tom erudito e precis\u00e3o nas palavras, Barroso afirmou que a decis\u00e3o representava um divisor de \u00e1guas na hist\u00f3ria e que o pa\u00eds encerrava \u201cciclos do atraso\u201d. Em seguida, o sino soou na sala, marcando o fim da sess\u00e3o.<\/p>\n\n\n\n<p><sub>por CNN<\/sub><\/p>\n\n\n\n<p><\/p>\n","protected":false},"excerpt":{"rendered":"<p>Entre falas de descontra\u00e7\u00f5es, sil\u00eancios calculados e gestos sutis, sess\u00e3o hist\u00f3rica no Supremo exp\u00f4s rea\u00e7\u00f5es raras e n\u00e3o vis\u00edveis a todo p\u00fablico A sess\u00e3o na&nbsp;Primeira Turma do STF (Supremo Tribunal Federal)&nbsp;que condenou o ex-presidente&nbsp;Jair Bolsonaro&nbsp;(PL) e outros sete por um plano de&nbsp;golpe de Estado&nbsp;teve momentos tensos, descontra\u00eddos e muitas rea\u00e7\u00f5es que n\u00e3o foram transmitidas pelas&#8230;<\/p>\n","protected":false},"author":1,"featured_media":3059,"comment_status":"open","ping_status":"open","sticky":false,"template":"","format":"standard","meta":{"footnotes":""},"categories":[3],"tags":[],"class_list":["post-3057","post","type-post","status-publish","format-standard","has-post-thumbnail","hentry","category-geral"],"_links":{"self":[{"href":"https:\/\/cafecommessias.com.br\/index.php?rest_route=\/wp\/v2\/posts\/3057","targetHints":{"allow":["GET"]}}],"collection":[{"href":"https:\/\/cafecommessias.com.br\/index.php?rest_route=\/wp\/v2\/posts"}],"about":[{"href":"https:\/\/cafecommessias.com.br\/index.php?rest_route=\/wp\/v2\/types\/post"}],"author":[{"embeddable":true,"href":"https:\/\/cafecommessias.com.br\/index.php?rest_route=\/wp\/v2\/users\/1"}],"replies":[{"embeddable":true,"href":"https:\/\/cafecommessias.com.br\/index.php?rest_route=%2Fwp%2Fv2%2Fcomments&post=3057"}],"version-history":[{"count":1,"href":"https:\/\/cafecommessias.com.br\/index.php?rest_route=\/wp\/v2\/posts\/3057\/revisions"}],"predecessor-version":[{"id":3058,"href":"https:\/\/cafecommessias.com.br\/index.php?rest_route=\/wp\/v2\/posts\/3057\/revisions\/3058"}],"wp:featuredmedia":[{"embeddable":true,"href":"https:\/\/cafecommessias.com.br\/index.php?rest_route=\/wp\/v2\/media\/3059"}],"wp:attachment":[{"href":"https:\/\/cafecommessias.com.br\/index.php?rest_route=%2Fwp%2Fv2%2Fmedia&parent=3057"}],"wp:term":[{"taxonomy":"category","embeddable":true,"href":"https:\/\/cafecommessias.com.br\/index.php?rest_route=%2Fwp%2Fv2%2Fcategories&post=3057"},{"taxonomy":"post_tag","embeddable":true,"href":"https:\/\/cafecommessias.com.br\/index.php?rest_route=%2Fwp%2Fv2%2Ftags&post=3057"}],"curies":[{"name":"wp","href":"https:\/\/api.w.org\/{rel}","templated":true}]}}