{"id":3060,"date":"2025-09-15T00:44:03","date_gmt":"2025-09-15T03:44:03","guid":{"rendered":"https:\/\/cafecommessias.com.br\/?p=3060"},"modified":"2025-09-15T00:44:11","modified_gmt":"2025-09-15T03:44:11","slug":"careca-do-inss-ira-depor-na-cpmi-nesta-segunda-feira-15","status":"publish","type":"post","link":"https:\/\/cafecommessias.com.br\/?p=3060","title":{"rendered":"\u201cCareca do INSS\u201d ir\u00e1 depor na CPMI nesta segunda-feira 15"},"content":{"rendered":"\n<p>Ant\u00f4nio Carlos Camilo Antunes, conhecido como \u201cCareca do INSS\u201d, est\u00e1 preso pela Pol\u00edcia Federal<\/p>\n\n\n\n<p>O\u00a0Careca do INSS\u00a0ir\u00e1 depor na CPMI que investiga fraudes no instituto nesta segunda-feira 15, \u00e0s 16h. A confirma\u00e7\u00e3o foi feita pelo presidente da comiss\u00e3o, senador Carlos Viana (Podemos-MG), neste domingo 14, por meio das redes sociais. Ant\u00f4nio Carlos Camilo Antunes, conhecido como \u201cCareca do INSS\u201d, est\u00e1 preso pela Pol\u00edcia Federal.<\/p>\n\n\n\n<p>A decis\u00e3o ocorre ap\u00f3s o\u00a0Supremo Tribunal Federal (STF)\u00a0ter tornado facultativa a ida do investigado. Mesmo assim, a defesa confirmou que ele estar\u00e1 presente e deseja apresentar sua vers\u00e3o sobre o caso.<\/p>\n\n\n\n<p>Careca do INSS e o esc\u00e2ndalo<\/p>\n\n\n\n<p>Segundo o senador Carlos Viana, a CPMI organizar\u00e1 um esquema especial de seguran\u00e7a em conjunto com a Pol\u00edcia Legislativa e a Pol\u00edcia Federal. O objetivo \u00e9 garantir que o depoimento ocorra de forma tranquila, aberta \u00e0 imprensa e com acompanhamento da sociedade.<\/p>\n\n\n\n<p>\u201cO investigado quer falar livremente e dizer aos brasileiros como tudo aconteceu. N\u00f3s esperamos que ele colabore voluntariamente, trazendo clareza ao esc\u00e2ndalo que causou preju\u00edzos bilion\u00e1rios \u00e0 Previd\u00eancia Social\u201d, declarou o presidente da comiss\u00e3o.<\/p>\n\n\n\n<p>Al\u00e9m disso, o relator Alfredo Gaspar refor\u00e7ou que o trabalho da comiss\u00e3o ser\u00e1 rigoroso e transparente. A expectativa \u00e9 que o relat\u00f3rio final aponte responsabilidades e indique medidas para recuperar os valores desviados.<\/p>\n\n\n\n<h4 class=\"wp-block-heading\">Decis\u00e3o do STF e precedentes<\/h4>\n\n\n\n<p>A decis\u00e3o do STF que autorizou a dispensa do comparecimento segue entendimentos anteriores em outras comiss\u00f5es, como a CPI da Petrobras (2015), a CPI da Covid (2021) e a CPI das Fake News (2019-2020). Nessas ocasi\u00f5es, o tribunal ressaltou direitos constitucionais como o sil\u00eancio e a n\u00e3o autoincrimina\u00e7\u00e3o.<\/p>\n\n\n\n<p><sub>por Agora RN<\/sub><a href=\"http:\/\/www.facebook.com\/sharer.php?u=https:\/\/agorarn.com.br\/ultimas\/careca-do-inss-ira-depor-na-cpmi-segunda\/\" target=\"_blank\" rel=\"noreferrer noopener\"><\/a><\/p>\n","protected":false},"excerpt":{"rendered":"<p>Ant\u00f4nio Carlos Camilo Antunes, conhecido como \u201cCareca do INSS\u201d, est\u00e1 preso pela Pol\u00edcia Federal O\u00a0Careca do INSS\u00a0ir\u00e1 depor na CPMI que investiga fraudes no instituto nesta segunda-feira 15, \u00e0s 16h. A confirma\u00e7\u00e3o foi feita pelo presidente da comiss\u00e3o, senador Carlos Viana (Podemos-MG), neste domingo 14, por meio das redes sociais. Ant\u00f4nio Carlos Camilo Antunes, conhecido&#8230;<\/p>\n","protected":false},"author":1,"featured_media":3061,"comment_status":"open","ping_status":"open","sticky":false,"template":"","format":"standard","meta":{"footnotes":""},"categories":[3],"tags":[],"class_list":["post-3060","post","type-post","status-publish","format-standard","has-post-thumbnail","hentry","category-geral"],"_links":{"self":[{"href":"https:\/\/cafecommessias.com.br\/index.php?rest_route=\/wp\/v2\/posts\/3060","targetHints":{"allow":["GET"]}}],"collection":[{"href":"https:\/\/cafecommessias.com.br\/index.php?rest_route=\/wp\/v2\/posts"}],"about":[{"href":"https:\/\/cafecommessias.com.br\/index.php?rest_route=\/wp\/v2\/types\/post"}],"author":[{"embeddable":true,"href":"https:\/\/cafecommessias.com.br\/index.php?rest_route=\/wp\/v2\/users\/1"}],"replies":[{"embeddable":true,"href":"https:\/\/cafecommessias.com.br\/index.php?rest_route=%2Fwp%2Fv2%2Fcomments&post=3060"}],"version-history":[{"count":1,"href":"https:\/\/cafecommessias.com.br\/index.php?rest_route=\/wp\/v2\/posts\/3060\/revisions"}],"predecessor-version":[{"id":3062,"href":"https:\/\/cafecommessias.com.br\/index.php?rest_route=\/wp\/v2\/posts\/3060\/revisions\/3062"}],"wp:featuredmedia":[{"embeddable":true,"href":"https:\/\/cafecommessias.com.br\/index.php?rest_route=\/wp\/v2\/media\/3061"}],"wp:attachment":[{"href":"https:\/\/cafecommessias.com.br\/index.php?rest_route=%2Fwp%2Fv2%2Fmedia&parent=3060"}],"wp:term":[{"taxonomy":"category","embeddable":true,"href":"https:\/\/cafecommessias.com.br\/index.php?rest_route=%2Fwp%2Fv2%2Fcategories&post=3060"},{"taxonomy":"post_tag","embeddable":true,"href":"https:\/\/cafecommessias.com.br\/index.php?rest_route=%2Fwp%2Fv2%2Ftags&post=3060"}],"curies":[{"name":"wp","href":"https:\/\/api.w.org\/{rel}","templated":true}]}}