{"id":308,"date":"2025-07-11T16:59:39","date_gmt":"2025-07-11T19:59:39","guid":{"rendered":"http:\/\/cafecommessias.com.br\/?p=308"},"modified":"2025-07-11T16:59:50","modified_gmt":"2025-07-11T19:59:50","slug":"contribuintes-de-natal-tem-ate-18-de-julho-para-aderir-ao-refis-2025-veja-condicoes","status":"publish","type":"post","link":"https:\/\/cafecommessias.com.br\/?p=308","title":{"rendered":"Contribuintes de Natal t\u00eam at\u00e9 18 de julho para aderir ao Refis 2025; veja condi\u00e7\u00f5es"},"content":{"rendered":"\n<figure class=\"wp-block-image size-large\"><img loading=\"lazy\" decoding=\"async\" width=\"1024\" height=\"158\" src=\"http:\/\/cafecommessias.com.br\/wp-content\/uploads\/2025\/07\/Banner-REFIS-1300x200px-PRORROGADO-6-1024x158.gif\" alt=\"\" class=\"wp-image-233\" srcset=\"https:\/\/cafecommessias.com.br\/wp-content\/uploads\/2025\/07\/Banner-REFIS-1300x200px-PRORROGADO-6-1024x158.gif 1024w, https:\/\/cafecommessias.com.br\/wp-content\/uploads\/2025\/07\/Banner-REFIS-1300x200px-PRORROGADO-6-300x46.gif 300w, https:\/\/cafecommessias.com.br\/wp-content\/uploads\/2025\/07\/Banner-REFIS-1300x200px-PRORROGADO-6-768x118.gif 768w\" sizes=\"auto, (max-width: 1024px) 100vw, 1024px\" \/><\/figure>\n\n\n\n<p>A Prefeitura do Natal, por meio da Secretaria Municipal de Finan\u00e7as (Sefin), est\u00e1 fazendo um \u00faltimo chamado para os contribuintes que desejam regularizar d\u00e9bitos com o munic\u00edpio. O prazo para ades\u00e3o ao Refis 2025, programa de regulariza\u00e7\u00e3o fiscal com condi\u00e7\u00f5es facilitadas de pagamento, encerra-se no pr\u00f3ximo dia 18 de julho.<\/p>\n\n\n\n<p>Com mais de 19 mil negocia\u00e7\u00f5es realizadas desde o lan\u00e7amento, o Refis 2025 j\u00e1 \u00e9 considerado o maior da hist\u00f3ria da capital potiguar em volume de ades\u00f5es e benef\u00edcios concedidos. O secret\u00e1rio municipal de Finan\u00e7as, Marcelo Oliveira, refor\u00e7a o alerta para que os interessados n\u00e3o deixem a oportunidade passar.<\/p>\n\n\n\n<p>\u201cSabemos que muita gente quer regularizar sua situa\u00e7\u00e3o, mas acaba adiando. O Refis 2025 oferece uma chance real, com descontos generosos, entrada facilitada e diversas op\u00e7\u00f5es de pagamento. \u00c9 o momento de pensar no futuro, evitar d\u00edvidas e contribuir para o desenvolvimento da nossa cidade\u201d, destacou Oliveira.<\/p>\n\n\n\n<p>O programa possibilita o pagamento \u00e0 vista com 100% de desconto nos juros e at\u00e9 90% na multa de mora. Tamb\u00e9m \u00e9 poss\u00edvel parcelar em at\u00e9 60 vezes, com abatimentos progressivos conforme o n\u00famero de parcelas:<\/p>\n\n\n\n<ul class=\"wp-block-list\">\n<li><strong>At\u00e9 12 parcelas<\/strong>: 100% de desconto nos juros e 80% na multa;<\/li>\n\n\n\n<li><strong>13 a 24 parcelas<\/strong>: 100% nos juros e 70% na multa;<\/li>\n\n\n\n<li><strong>25 a 36 parcelas<\/strong>: 100% nos juros e 60% na multa;<\/li>\n\n\n\n<li><strong>37 a 48 parcelas<\/strong>: 100% nos juros e 50% na multa;<\/li>\n\n\n\n<li><strong>49 a 60 parcelas<\/strong>: 100% nos juros e 40% na multa.<\/li>\n<\/ul>\n\n\n\n<p>O valor m\u00ednimo das parcelas \u00e9 de R$ 50 para pessoa f\u00edsica e R$ 200 para pessoa jur\u00eddica, e a entrada corresponde ao valor de uma parcela.<\/p>\n\n\n\n<p>Para aderir ao programa, o contribuinte pode acessar o Portal Directa (<a href=\"http:\/\/www.directa.natal.rn.gov.br\/\">www.directa.natal.rn.gov.br<\/a>) com login via Gov.br, entrar em contato pelo WhatsApp (84) 98786-1990, ou comparecer presencialmente na sede da Sefin (Rua A\u00e7u, 394 \u2013 Tirol).<\/p>\n\n\n\n<p>Entre as op\u00e7\u00f5es de pagamento est\u00e3o PIX, boletos banc\u00e1rios e conv\u00eanios com Banco do Brasil e Caixa Econ\u00f4mica Federal. Clientes do Banco do Brasil t\u00eam a facilidade de quitar d\u00e9bitos diretamente pelo aplicativo, terminais de autoatendimento ou internet banking.<\/p>\n\n\n\n<p>Al\u00e9m disso, \u00e9 poss\u00edvel utilizar cart\u00e3o de cr\u00e9dito para quitar os d\u00e9bitos, garantindo o desconto m\u00e1ximo \u00e0 vista e ainda parcelando o valor diretamente na fatura.<\/p>\n\n\n\n<p><sub>por Tribuna do Norte<\/sub><\/p>\n\n\n\n<p><\/p>\n","protected":false},"excerpt":{"rendered":"<p>A Prefeitura do Natal, por meio da Secretaria Municipal de Finan\u00e7as (Sefin), est\u00e1 fazendo um \u00faltimo chamado para os contribuintes que desejam regularizar d\u00e9bitos com o munic\u00edpio. O prazo para ades\u00e3o ao Refis 2025, programa de regulariza\u00e7\u00e3o fiscal com condi\u00e7\u00f5es facilitadas de pagamento, encerra-se no pr\u00f3ximo dia 18 de julho. Com mais de 19 mil&#8230;<\/p>\n","protected":false},"author":1,"featured_media":309,"comment_status":"closed","ping_status":"closed","sticky":false,"template":"","format":"standard","meta":{"footnotes":""},"categories":[4,3],"tags":[],"class_list":["post-308","post","type-post","status-publish","format-standard","has-post-thumbnail","hentry","category-anuncie-aqui","category-geral"],"_links":{"self":[{"href":"https:\/\/cafecommessias.com.br\/index.php?rest_route=\/wp\/v2\/posts\/308","targetHints":{"allow":["GET"]}}],"collection":[{"href":"https:\/\/cafecommessias.com.br\/index.php?rest_route=\/wp\/v2\/posts"}],"about":[{"href":"https:\/\/cafecommessias.com.br\/index.php?rest_route=\/wp\/v2\/types\/post"}],"author":[{"embeddable":true,"href":"https:\/\/cafecommessias.com.br\/index.php?rest_route=\/wp\/v2\/users\/1"}],"replies":[{"embeddable":true,"href":"https:\/\/cafecommessias.com.br\/index.php?rest_route=%2Fwp%2Fv2%2Fcomments&post=308"}],"version-history":[{"count":1,"href":"https:\/\/cafecommessias.com.br\/index.php?rest_route=\/wp\/v2\/posts\/308\/revisions"}],"predecessor-version":[{"id":310,"href":"https:\/\/cafecommessias.com.br\/index.php?rest_route=\/wp\/v2\/posts\/308\/revisions\/310"}],"wp:featuredmedia":[{"embeddable":true,"href":"https:\/\/cafecommessias.com.br\/index.php?rest_route=\/wp\/v2\/media\/309"}],"wp:attachment":[{"href":"https:\/\/cafecommessias.com.br\/index.php?rest_route=%2Fwp%2Fv2%2Fmedia&parent=308"}],"wp:term":[{"taxonomy":"category","embeddable":true,"href":"https:\/\/cafecommessias.com.br\/index.php?rest_route=%2Fwp%2Fv2%2Fcategories&post=308"},{"taxonomy":"post_tag","embeddable":true,"href":"https:\/\/cafecommessias.com.br\/index.php?rest_route=%2Fwp%2Fv2%2Ftags&post=308"}],"curies":[{"name":"wp","href":"https:\/\/api.w.org\/{rel}","templated":true}]}}