{"id":3082,"date":"2025-09-14T09:15:00","date_gmt":"2025-09-14T12:15:00","guid":{"rendered":"https:\/\/cafecommessias.com.br\/?p=3082"},"modified":"2025-09-15T01:15:38","modified_gmt":"2025-09-15T04:15:38","slug":"bolsonaro-deixa-hospital-apos-passar-por-procedimento-na-pele","status":"publish","type":"post","link":"https:\/\/cafecommessias.com.br\/?p=3082","title":{"rendered":"Bolsonaro deixa hospital ap\u00f3s passar por procedimento na pele"},"content":{"rendered":"\n<p>Ex-presidente retornou para sua resid\u00eancia, onde cumpre pris\u00e3o domiciliar desde 4 de agosto<\/p>\n\n\n\n<figure class=\"wp-block-embed is-type-video is-provider-youtube wp-block-embed-youtube wp-embed-aspect-16-9 wp-has-aspect-ratio\"><div class=\"wp-block-embed__wrapper\">\n<iframe loading=\"lazy\" title=\"Bolsonaro deixa hospital ap\u00f3s procedimento m\u00e9dico neste domingo (14) | CNN BRASIL\" width=\"640\" height=\"360\" src=\"https:\/\/www.youtube.com\/embed\/3zfPqtPe2vQ?feature=oembed\" frameborder=\"0\" allow=\"accelerometer; autoplay; clipboard-write; encrypted-media; gyroscope; picture-in-picture; web-share\" referrerpolicy=\"strict-origin-when-cross-origin\" allowfullscreen><\/iframe>\n<\/div><\/figure>\n\n\n\n<p>O ex-presidente Jair Bolsonaro deixou o hospital DF Star, em Bras\u00edlia, por volta das 14h00 deste domingo (14) ap\u00f3s um procedimento m\u00e9dico para remover les\u00f5es de pele. Ele chegou em sua resid\u00eancia, onde cumpre pris\u00e3o domiciliar, \u00e0s 14h25.<\/p>\n\n\n\n<p>O ex-chefe do Executivo tamb\u00e9m realizou exames nesta manh\u00e3 que identificaram um quadro de anemia por defici\u00eancia de ferro.<\/p>\n\n\n\n<p>Ele chegou ao hospital por volta das 8h da manh\u00e3. Al\u00e9m de seguran\u00e7as e policiais penais, o ex-presidente estava acompanhado dos filhos Carlos Bolsonaro (PL), vereador do Rio de Janeiro, e Jair Renan (PL), vereador de Balne\u00e1rio Cambori\u00fa (SC), que tamb\u00e9m estava com o pai na sa\u00edda da unidade hospitalar.Play Video<\/p>\n\n\n\n<p>A ida ao hospital foi a primeira vez que Bolsonaro deixou a pris\u00e3o domiciliar ap\u00f3s a sua condena\u00e7\u00e3o a 27 anos e tr\u00eas meses de pris\u00e3o, determinada pela Primeira Turma do STF (Supremo Tribunal Federal) na \u00faltima quinta-feira (11).<\/p>\n\n\n\n<p>Para ir ao hospital, a defesa do ex-presidente solicitou autoriza\u00e7\u00e3o e recebeu o aval do ministro Alexandre de Moraes, do STF. O ex-chefe do Executivo est\u00e1 em pris\u00e3o domiciliar desde 4 de agosto, ap\u00f3s descumprir medidas cautelares impostas pelo Supremo.<\/p>\n\n\n\n<p>A decis\u00e3o de Moraes estabeleceu exig\u00eancias \u00e0 defesa para libera\u00e7\u00e3o. Os advogados de Bolsonaro dever\u00e3o encaminhar ao Supremo, no prazo de at\u00e9 48 horas ap\u00f3s o procedimento m\u00e9dico, um atestado detalhado que comprove sua presen\u00e7a no hospital, especificando datas e hor\u00e1rios de cada atendimento realizado.<\/p>\n\n\n\n<p>Esta foi a segunda vez que Bolsonaro deixou a pris\u00e3o domiciliar para ir ao hospital. Em 16 de agosto, saiu para fazer exames relacionados a sintomas de refluxo e solu\u00e7os.<\/p>\n\n\n\n<h4 class=\"wp-block-heading\">Procedimento<\/h4>\n\n\n\n<p>O m\u00e9dico chefe da equipe cir\u00fargica que acompanha Bolsonaro, Cl\u00e1udio Birolini, afirmou que foram removidas oito les\u00e3o de pele, que ser\u00e3o enviadas para bi\u00f3psia. Segundo ele, o ex-chefe do Executivo est\u00e1 &#8220;bastante fragilizado&#8221; e mant\u00e9m ainda um &#8220;quadro eventual de solu\u00e7os&#8221;, al\u00e9m da anemia identifica.<\/p>\n\n\n\n<p>De acordo com o boletim m\u00e9dico, o &#8220;procedimento cir\u00fargico foi realizado sob anestesia local e seda\u00e7\u00e3o, e transcorreu sem intercorr\u00eancias&#8221;. Para tratar a anemia, Bolsonaro tamb\u00e9m recebeu reposi\u00e7\u00e3o de ferro por via endovenosa.<\/p>\n\n\n\n<p>Ap\u00f3s a cirurgia deste domingo, o ex-presidente deve precisar retornar ao hospital para a retirada dos pontos, ap\u00f3s cerca de 10 a 15 dias.<\/p>\n\n\n\n<h4 class=\"wp-block-heading\">Condena\u00e7\u00e3o<\/h4>\n\n\n\n<p>Bolsonaro e outros sete r\u00e9us envolvidos em uma tentativa de golpe de Estado foram condenados no STF na \u00faltima quinta-feira. Acusado de liderar a organiza\u00e7\u00e3o criminosa pelo golpe, Bolsonaro pegou a maior pena: 27 anos e 3 meses de pris\u00e3o em regime fechado.<\/p>\n\n\n\n<p>No Brasil a execu\u00e7\u00e3o da pena, por\u00e9m, s\u00f3 pode come\u00e7ar ap\u00f3s o tr\u00e2nsito em julgado do processo, ou seja, ap\u00f3s encerrarem todas as possibilidades de recurso. At\u00e9 l\u00e1, Bolsonaro deve seguir em pris\u00e3o domiciliar e respeitando outras medidas cautelares, como restri\u00e7\u00e3o de visitas e proibi\u00e7\u00e3o de usar o celular.<\/p>\n\n\n\n<p>Quando for decretado o in\u00edcio da execu\u00e7\u00e3o da pena, a defesa de Bolsonaro deve entrar com pedido de pris\u00e3o domiciliar alegando a sa\u00fade fr\u00e1gil do ex-presidente e a idade avan\u00e7ada.<\/p>\n\n\n\n<p><sub>por CNN<\/sub><\/p>\n\n\n\n<p><\/p>\n","protected":false},"excerpt":{"rendered":"<p>Ex-presidente retornou para sua resid\u00eancia, onde cumpre pris\u00e3o domiciliar desde 4 de agosto O ex-presidente Jair Bolsonaro deixou o hospital DF Star, em Bras\u00edlia, por volta das 14h00 deste domingo (14) ap\u00f3s um procedimento m\u00e9dico para remover les\u00f5es de pele. Ele chegou em sua resid\u00eancia, onde cumpre pris\u00e3o domiciliar, \u00e0s 14h25. O ex-chefe do Executivo&#8230;<\/p>\n","protected":false},"author":1,"featured_media":3083,"comment_status":"open","ping_status":"open","sticky":false,"template":"","format":"standard","meta":{"footnotes":""},"categories":[6],"tags":[],"class_list":["post-3082","post","type-post","status-publish","format-standard","has-post-thumbnail","hentry","category-politica"],"_links":{"self":[{"href":"https:\/\/cafecommessias.com.br\/index.php?rest_route=\/wp\/v2\/posts\/3082","targetHints":{"allow":["GET"]}}],"collection":[{"href":"https:\/\/cafecommessias.com.br\/index.php?rest_route=\/wp\/v2\/posts"}],"about":[{"href":"https:\/\/cafecommessias.com.br\/index.php?rest_route=\/wp\/v2\/types\/post"}],"author":[{"embeddable":true,"href":"https:\/\/cafecommessias.com.br\/index.php?rest_route=\/wp\/v2\/users\/1"}],"replies":[{"embeddable":true,"href":"https:\/\/cafecommessias.com.br\/index.php?rest_route=%2Fwp%2Fv2%2Fcomments&post=3082"}],"version-history":[{"count":1,"href":"https:\/\/cafecommessias.com.br\/index.php?rest_route=\/wp\/v2\/posts\/3082\/revisions"}],"predecessor-version":[{"id":3084,"href":"https:\/\/cafecommessias.com.br\/index.php?rest_route=\/wp\/v2\/posts\/3082\/revisions\/3084"}],"wp:featuredmedia":[{"embeddable":true,"href":"https:\/\/cafecommessias.com.br\/index.php?rest_route=\/wp\/v2\/media\/3083"}],"wp:attachment":[{"href":"https:\/\/cafecommessias.com.br\/index.php?rest_route=%2Fwp%2Fv2%2Fmedia&parent=3082"}],"wp:term":[{"taxonomy":"category","embeddable":true,"href":"https:\/\/cafecommessias.com.br\/index.php?rest_route=%2Fwp%2Fv2%2Fcategories&post=3082"},{"taxonomy":"post_tag","embeddable":true,"href":"https:\/\/cafecommessias.com.br\/index.php?rest_route=%2Fwp%2Fv2%2Ftags&post=3082"}],"curies":[{"name":"wp","href":"https:\/\/api.w.org\/{rel}","templated":true}]}}