{"id":3088,"date":"2025-09-15T10:27:28","date_gmt":"2025-09-15T13:27:28","guid":{"rendered":"https:\/\/cafecommessias.com.br\/?p=3088"},"modified":"2025-09-15T10:27:29","modified_gmt":"2025-09-15T13:27:29","slug":"advogado-diz-que-careca-do-inss-evitara-delacao","status":"publish","type":"post","link":"https:\/\/cafecommessias.com.br\/?p=3088","title":{"rendered":"Advogado diz que &#8220;Careca do INSS&#8221; evitar\u00e1 dela\u00e7\u00e3o"},"content":{"rendered":"\n<p>Defesa orientou empres\u00e1rio a colaborar\u00a0com\u00a0CPMI; depoimento est\u00e1 previsto para esta segunda (15)<\/p>\n\n\n\n<figure class=\"wp-block-embed is-type-video is-provider-youtube wp-block-embed-youtube wp-embed-aspect-16-9 wp-has-aspect-ratio\"><div class=\"wp-block-embed__wrapper\">\n<iframe loading=\"lazy\" title=\"Advogado diz que \u201cCareca do INSS\u201d evitar\u00e1 dela\u00e7\u00e3o premiada | CNN NOVO DIA\" width=\"640\" height=\"360\" src=\"https:\/\/www.youtube.com\/embed\/Vdt4oCICxzU?feature=oembed\" frameborder=\"0\" allow=\"accelerometer; autoplay; clipboard-write; encrypted-media; gyroscope; picture-in-picture; web-share\" referrerpolicy=\"strict-origin-when-cross-origin\" allowfullscreen><\/iframe>\n<\/div><\/figure>\n\n\n\n<p>Ant\u00f4nio Carlos Camilo Antunes, o\u00a0<strong>&#8220;Careca do INSS&#8221;<\/strong>, n\u00e3o trabalha com a ideia de firmar um acordo de colabora\u00e7\u00e3o premiada, segundo advogados. O empres\u00e1rio deve depor \u00e0\u00a0<strong>CPMI do INSS<\/strong>\u00a0nesta segunda-feira (15).<\/p>\n\n\n\n<p>O presidente da comiss\u00e3o, senador&nbsp;<strong>Carlos Viana (Podemos-MG)<\/strong>, afirma que a ideia da comiss\u00e3o \u00e9 buscar interlocu\u00e7\u00e3o com o&nbsp;<strong>STF (Supremo Tribunal Federal)<\/strong>&nbsp;antes de firmar qualquer dela\u00e7\u00e3o.<\/p>\n\n\n\n<p>&#8220;A nossa ideia \u00e9 uma dela\u00e7\u00e3o premiada conjunta, em que ele possa fazer as mesmas declara\u00e7\u00f5es \u00e0 Pol\u00edcia Federal, fazer essas declara\u00e7\u00f5es chegarem ao Supremo e tamb\u00e9m durante a CPMI e naturalmente conseguimos arrancar dessas pessoas, as informa\u00e7\u00f5es que o Brasil espera&#8221;, disse o parlamenta d\u00e0&nbsp;<strong>CNN<\/strong>.<\/p>\n\n\n\n<p>Ainda de acordo com advogados, Ant\u00f4nio Carlos\u00a0decidiu ir \u00e0 CPMI\u00a0para se defender e promete responder tudo o que souber.<\/p>\n\n\n\n<p>O \u201cCareca do INSS\u201d foi preso pela Pol\u00edcia Federal em Bras\u00edlia na sexta-feira (12). A suspeita \u00e9 de participa\u00e7\u00e3o em pagamentos de propina a dirigentes do \u00f3rg\u00e3o para ter acesso a dados de benefici\u00e1rios e repass\u00e1-los a entidades envolvidas nas fraudes.<\/p>\n\n\n\n<p><sub>por CNN<\/sub><\/p>\n","protected":false},"excerpt":{"rendered":"<p>Defesa orientou empres\u00e1rio a colaborar\u00a0com\u00a0CPMI; depoimento est\u00e1 previsto para esta segunda (15) Ant\u00f4nio Carlos Camilo Antunes, o\u00a0&#8220;Careca do INSS&#8221;, n\u00e3o trabalha com a ideia de firmar um acordo de colabora\u00e7\u00e3o premiada, segundo advogados. O empres\u00e1rio deve depor \u00e0\u00a0CPMI do INSS\u00a0nesta segunda-feira (15). O presidente da comiss\u00e3o, senador&nbsp;Carlos Viana (Podemos-MG), afirma que a ideia da comiss\u00e3o&#8230;<\/p>\n","protected":false},"author":1,"featured_media":3089,"comment_status":"open","ping_status":"open","sticky":false,"template":"","format":"standard","meta":{"footnotes":""},"categories":[3],"tags":[],"class_list":["post-3088","post","type-post","status-publish","format-standard","has-post-thumbnail","hentry","category-geral"],"_links":{"self":[{"href":"https:\/\/cafecommessias.com.br\/index.php?rest_route=\/wp\/v2\/posts\/3088","targetHints":{"allow":["GET"]}}],"collection":[{"href":"https:\/\/cafecommessias.com.br\/index.php?rest_route=\/wp\/v2\/posts"}],"about":[{"href":"https:\/\/cafecommessias.com.br\/index.php?rest_route=\/wp\/v2\/types\/post"}],"author":[{"embeddable":true,"href":"https:\/\/cafecommessias.com.br\/index.php?rest_route=\/wp\/v2\/users\/1"}],"replies":[{"embeddable":true,"href":"https:\/\/cafecommessias.com.br\/index.php?rest_route=%2Fwp%2Fv2%2Fcomments&post=3088"}],"version-history":[{"count":1,"href":"https:\/\/cafecommessias.com.br\/index.php?rest_route=\/wp\/v2\/posts\/3088\/revisions"}],"predecessor-version":[{"id":3090,"href":"https:\/\/cafecommessias.com.br\/index.php?rest_route=\/wp\/v2\/posts\/3088\/revisions\/3090"}],"wp:featuredmedia":[{"embeddable":true,"href":"https:\/\/cafecommessias.com.br\/index.php?rest_route=\/wp\/v2\/media\/3089"}],"wp:attachment":[{"href":"https:\/\/cafecommessias.com.br\/index.php?rest_route=%2Fwp%2Fv2%2Fmedia&parent=3088"}],"wp:term":[{"taxonomy":"category","embeddable":true,"href":"https:\/\/cafecommessias.com.br\/index.php?rest_route=%2Fwp%2Fv2%2Fcategories&post=3088"},{"taxonomy":"post_tag","embeddable":true,"href":"https:\/\/cafecommessias.com.br\/index.php?rest_route=%2Fwp%2Fv2%2Ftags&post=3088"}],"curies":[{"name":"wp","href":"https:\/\/api.w.org\/{rel}","templated":true}]}}