{"id":3095,"date":"2025-09-15T12:09:56","date_gmt":"2025-09-15T15:09:56","guid":{"rendered":"https:\/\/cafecommessias.com.br\/?p=3095"},"modified":"2025-09-15T12:10:51","modified_gmt":"2025-09-15T15:10:51","slug":"secretaria-geral-do-tse-celebra-condenacao-de-bolsonaro","status":"publish","type":"post","link":"https:\/\/cafecommessias.com.br\/?p=3095","title":{"rendered":"Secret\u00e1ria-geral do TSE celebra condena\u00e7\u00e3o de Bolsonaro"},"content":{"rendered":"\n<p>Desembargadora Andr\u00e9a Pach\u00e1 disse ter se sentido orgulhosa de contar com um STF independente ap\u00f3s decis\u00e3o contra ex-presidente<\/p>\n\n\n\n<p>A secret\u00e1ria-geral do TSE (Tribunal Superior Eleitoral) e desembargadora do TJ-RJ (Tribunal de Justi\u00e7a do Rio de Janeiro), Andr\u00e9a Pach\u00e1, celebrou em seu perfil no Instagram a condena\u00e7\u00e3o do ex-presidente Jair Bolsonaro (PL) pelo STF (Supremo Tribunal Federal). A atual presidente do TSE, C\u00e1rmen L\u00facia, foi o voto que consolidou a maioria para condenar Bolsonaro a 27 anos e 3 meses de pris\u00e3o por tentativa de golpe de Estado<\/p>\n\n\n\n<figure class=\"wp-block-image size-large\"><img loading=\"lazy\" decoding=\"async\" width=\"643\" height=\"1024\" src=\"https:\/\/cafecommessias.com.br\/wp-content\/uploads\/2025\/09\/secretaria-geral-do-TSE-fala-sobre-julgamento-de-Bolsonaro-643x1024.webp\" alt=\"\" class=\"wp-image-3096\" srcset=\"https:\/\/cafecommessias.com.br\/wp-content\/uploads\/2025\/09\/secretaria-geral-do-TSE-fala-sobre-julgamento-de-Bolsonaro-643x1024.webp 643w, https:\/\/cafecommessias.com.br\/wp-content\/uploads\/2025\/09\/secretaria-geral-do-TSE-fala-sobre-julgamento-de-Bolsonaro-188x300.webp 188w, https:\/\/cafecommessias.com.br\/wp-content\/uploads\/2025\/09\/secretaria-geral-do-TSE-fala-sobre-julgamento-de-Bolsonaro-768x1223.webp 768w, https:\/\/cafecommessias.com.br\/wp-content\/uploads\/2025\/09\/secretaria-geral-do-TSE-fala-sobre-julgamento-de-Bolsonaro-965x1536.webp 965w, https:\/\/cafecommessias.com.br\/wp-content\/uploads\/2025\/09\/secretaria-geral-do-TSE-fala-sobre-julgamento-de-Bolsonaro.webp 990w\" sizes=\"auto, (max-width: 643px) 100vw, 643px\" \/><\/figure>\n\n\n\n<p>\u201cN\u00e3o h\u00e1 garantia maior para quem precisa da Justi\u00e7a do que contar com um magistrado com independ\u00eancia funcional, coragem e seguran\u00e7a para n\u00e3o se submeter a press\u00f5es ou amea\u00e7as. Foi emocionante assistir, das vozes e dos votos dos ministros Alexandre de Moraes, Cristiano Zanin, Fl\u00e1vio Dino e da ministra C\u00e1rmen L\u00facia, manifesta\u00e7\u00f5es republicanas, afirma\u00e7\u00f5es de direitos e garantias essenciais para a experi\u00eancia coletiva de humanidade e dignidade. Democracia \u00e9 mat\u00e9ria viva\u201d, escreveu. Na publica\u00e7\u00e3o, Andr\u00e9a disse ter se sentido orgulhosa por \u201ccontar com um STF que fortalece a independ\u00eancia e a democracia&#8221;.<\/p>\n\n\n\n<p><\/p>\n\n\n\n<p><\/p>\n","protected":false},"excerpt":{"rendered":"<p>Desembargadora Andr\u00e9a Pach\u00e1 disse ter se sentido orgulhosa de contar com um STF independente ap\u00f3s decis\u00e3o contra ex-presidente A secret\u00e1ria-geral do TSE (Tribunal Superior Eleitoral) e desembargadora do TJ-RJ (Tribunal de Justi\u00e7a do Rio de Janeiro), Andr\u00e9a Pach\u00e1, celebrou em seu perfil no Instagram a condena\u00e7\u00e3o do ex-presidente Jair Bolsonaro (PL) pelo STF (Supremo Tribunal&#8230;<\/p>\n","protected":false},"author":1,"featured_media":3097,"comment_status":"open","ping_status":"open","sticky":false,"template":"","format":"standard","meta":{"footnotes":""},"categories":[3],"tags":[],"class_list":["post-3095","post","type-post","status-publish","format-standard","has-post-thumbnail","hentry","category-geral"],"_links":{"self":[{"href":"https:\/\/cafecommessias.com.br\/index.php?rest_route=\/wp\/v2\/posts\/3095","targetHints":{"allow":["GET"]}}],"collection":[{"href":"https:\/\/cafecommessias.com.br\/index.php?rest_route=\/wp\/v2\/posts"}],"about":[{"href":"https:\/\/cafecommessias.com.br\/index.php?rest_route=\/wp\/v2\/types\/post"}],"author":[{"embeddable":true,"href":"https:\/\/cafecommessias.com.br\/index.php?rest_route=\/wp\/v2\/users\/1"}],"replies":[{"embeddable":true,"href":"https:\/\/cafecommessias.com.br\/index.php?rest_route=%2Fwp%2Fv2%2Fcomments&post=3095"}],"version-history":[{"count":1,"href":"https:\/\/cafecommessias.com.br\/index.php?rest_route=\/wp\/v2\/posts\/3095\/revisions"}],"predecessor-version":[{"id":3098,"href":"https:\/\/cafecommessias.com.br\/index.php?rest_route=\/wp\/v2\/posts\/3095\/revisions\/3098"}],"wp:featuredmedia":[{"embeddable":true,"href":"https:\/\/cafecommessias.com.br\/index.php?rest_route=\/wp\/v2\/media\/3097"}],"wp:attachment":[{"href":"https:\/\/cafecommessias.com.br\/index.php?rest_route=%2Fwp%2Fv2%2Fmedia&parent=3095"}],"wp:term":[{"taxonomy":"category","embeddable":true,"href":"https:\/\/cafecommessias.com.br\/index.php?rest_route=%2Fwp%2Fv2%2Fcategories&post=3095"},{"taxonomy":"post_tag","embeddable":true,"href":"https:\/\/cafecommessias.com.br\/index.php?rest_route=%2Fwp%2Fv2%2Ftags&post=3095"}],"curies":[{"name":"wp","href":"https:\/\/api.w.org\/{rel}","templated":true}]}}