{"id":3107,"date":"2025-09-15T12:34:54","date_gmt":"2025-09-15T15:34:54","guid":{"rendered":"https:\/\/cafecommessias.com.br\/?p=3107"},"modified":"2025-09-15T12:34:55","modified_gmt":"2025-09-15T15:34:55","slug":"dolar-opera-em-baixa-com-foco-nas-decisoes-de-juros-no-brasil-e-nos-eua","status":"publish","type":"post","link":"https:\/\/cafecommessias.com.br\/?p=3107","title":{"rendered":"D\u00f3lar opera em baixa com foco nas decis\u00f5es de juros no Brasil e nos EUA"},"content":{"rendered":"\n<p>Na sexta-feira, o d\u00f3lar \u00e0 vista fechou em baixa de 0,69%, aos R$5,3537<\/p>\n\n\n\n<p>O d\u00f3lar comercial opera com baixa ante o real nesta segunda-feira (15), com investidores se preparando para decis\u00f5es de juros no Brasil e Estados Unidos, previstas para quarta-feira.<\/p>\n\n\n\n<h4 class=\"wp-block-heading\" id=\"h-qual-a-cotacao-do-dolar-hoje\"><strong>Qual a cota\u00e7\u00e3o do d\u00f3lar hoje?<\/strong><\/h4>\n\n\n\n<p>\u00c0s 10h07, o d\u00f3lar \u00e0 vista ca\u00eda 0,47%, aos R$ 5,329 na venda. Na B3 o d\u00f3lar para outubro \u2014 atualmente o mais l\u00edquido no Brasil \u2014 cedia 0,24%, aos 5.357 pontos.<\/p>\n\n\n\n<p>Na sexta-feira, o d\u00f3lar \u00e0 vista fechou em baixa de 0,69%, aos R$5,3537.<\/p>\n\n\n\n<p>O Banco Central far\u00e1 \u00e0s 11h30 leil\u00e3o de at\u00e9 40.000 contratos de swap cambial tradicional para fins de rolagem do vencimento de 1\u00ba de outubro de 2025.<\/p>\n\n\n\n<h3 class=\"wp-block-heading\" id=\"h-dolar-comercial\">D\u00f3lar comercial<\/h3>\n\n\n\n<ul class=\"wp-block-list\">\n<li>Compra: R$ 5,328<\/li>\n\n\n\n<li>Venda: R$ 5,329<\/li>\n<\/ul>\n\n\n\n<h3 class=\"wp-block-heading\" id=\"h-dolar-turismo\">D\u00f3lar turismo<\/h3>\n\n\n\n<ul class=\"wp-block-list\">\n<li>Compra: R$ 5,383<\/li>\n\n\n\n<li>Venda: R$ 5,563<\/li>\n<\/ul>\n\n\n\n<h4 class=\"wp-block-heading\" id=\"h-o-que-aconteceu-com-dolar-hoje\">O que aconteceu com d\u00f3lar hoje?<\/h4>\n\n\n\n<p>Na abertura do dia o BC informou que seu\u00a0\u00cdndice de Atividade Econ\u00f4mica (IBC-Br),\u00a0considerado um sinalizador do Produto Interno Bruto (PIB), recuou 0,5% em julho na compara\u00e7\u00e3o com o m\u00eas anterior. A leitura do m\u00eas frustrou a expectativa em pesquisa da Reuters de queda de 0,2%.<\/p>\n\n\n\n<p>O resultado do IBC-Br corrobora as avalia\u00e7\u00f5es de que a economia brasileira est\u00e1 desacelerando, o que \u00e9 uma boa not\u00edcia sob o ponto de vista do controle da infla\u00e7\u00e3o. Em rea\u00e7\u00e3o, as taxas dos DIs (Dep\u00f3sitos Interfinanceiros) cediam nesta manh\u00e3.<\/p>\n\n\n\n<p>As proje\u00e7\u00f5es de mercado para a infla\u00e7\u00e3o em 2025 foram revisadas para baixo nesta segunda-feira (15), segundo o\u00a0Relat\u00f3rio Focus divulgado pelo Banco Central. A estimativa para o IPCA no ano caiu de 4,85% para 4,83%.\u00a0<\/p>\n\n\n\n<p>No mercado de c\u00e2mbio, a expectativa de que o Fed cortar\u00e1 sua taxa de juros em pelo menos 25 pontos-base na pr\u00f3xima quarta, somada \u00e0 manuten\u00e7\u00e3o da Selic em 15% pelo BC brasileiro, seguia justificando a fraqueza do d\u00f3lar, que nesta segunda-feira tamb\u00e9m cedia ante a maioria das divisas no exterior.<\/p>\n\n\n\n<p><\/p>\n","protected":false},"excerpt":{"rendered":"<p>Na sexta-feira, o d\u00f3lar \u00e0 vista fechou em baixa de 0,69%, aos R$5,3537 O d\u00f3lar comercial opera com baixa ante o real nesta segunda-feira (15), com investidores se preparando para decis\u00f5es de juros no Brasil e Estados Unidos, previstas para quarta-feira. Qual a cota\u00e7\u00e3o do d\u00f3lar hoje? \u00c0s 10h07, o d\u00f3lar \u00e0 vista ca\u00eda 0,47%,&#8230;<\/p>\n","protected":false},"author":1,"featured_media":3108,"comment_status":"open","ping_status":"open","sticky":false,"template":"","format":"standard","meta":{"footnotes":""},"categories":[7],"tags":[],"class_list":["post-3107","post","type-post","status-publish","format-standard","has-post-thumbnail","hentry","category-economia"],"_links":{"self":[{"href":"https:\/\/cafecommessias.com.br\/index.php?rest_route=\/wp\/v2\/posts\/3107","targetHints":{"allow":["GET"]}}],"collection":[{"href":"https:\/\/cafecommessias.com.br\/index.php?rest_route=\/wp\/v2\/posts"}],"about":[{"href":"https:\/\/cafecommessias.com.br\/index.php?rest_route=\/wp\/v2\/types\/post"}],"author":[{"embeddable":true,"href":"https:\/\/cafecommessias.com.br\/index.php?rest_route=\/wp\/v2\/users\/1"}],"replies":[{"embeddable":true,"href":"https:\/\/cafecommessias.com.br\/index.php?rest_route=%2Fwp%2Fv2%2Fcomments&post=3107"}],"version-history":[{"count":1,"href":"https:\/\/cafecommessias.com.br\/index.php?rest_route=\/wp\/v2\/posts\/3107\/revisions"}],"predecessor-version":[{"id":3109,"href":"https:\/\/cafecommessias.com.br\/index.php?rest_route=\/wp\/v2\/posts\/3107\/revisions\/3109"}],"wp:featuredmedia":[{"embeddable":true,"href":"https:\/\/cafecommessias.com.br\/index.php?rest_route=\/wp\/v2\/media\/3108"}],"wp:attachment":[{"href":"https:\/\/cafecommessias.com.br\/index.php?rest_route=%2Fwp%2Fv2%2Fmedia&parent=3107"}],"wp:term":[{"taxonomy":"category","embeddable":true,"href":"https:\/\/cafecommessias.com.br\/index.php?rest_route=%2Fwp%2Fv2%2Fcategories&post=3107"},{"taxonomy":"post_tag","embeddable":true,"href":"https:\/\/cafecommessias.com.br\/index.php?rest_route=%2Fwp%2Fv2%2Ftags&post=3107"}],"curies":[{"name":"wp","href":"https:\/\/api.w.org\/{rel}","templated":true}]}}