{"id":3110,"date":"2025-09-15T13:41:01","date_gmt":"2025-09-15T16:41:01","guid":{"rendered":"https:\/\/cafecommessias.com.br\/?p=3110"},"modified":"2025-09-15T13:42:18","modified_gmt":"2025-09-15T16:42:18","slug":"governo-trump-restringe-vistos-para-onu-e-brasil-pode-abrir-disputa","status":"publish","type":"post","link":"https:\/\/cafecommessias.com.br\/?p=3110","title":{"rendered":"Governo Trump restringe vistos para ONU e Brasil pode abrir disputa"},"content":{"rendered":"\n<p>Na semana passada, o Itamaraty j\u00e1 protestou durante reuni\u00e3o de um comit\u00ea nas Na\u00e7\u00f5es Unidas sobre a restri\u00e7\u00e3o de acesso ao pa\u00eds, que viola o acordo de sede da ONU<\/p>\n\n\n\n<p>Uma semana antes do in\u00edcio do Debate Geral na Assembleia Geral das Na\u00e7\u00f5es Unidas, o governo brasileiro ainda n\u00e3o recebeu todos os vistos da comitiva que acompanhar\u00e1 o presidente Luiz In\u00e1cio Lula da Silva na viagem \u00e0 ONU, em Nova York.<\/p>\n\n\n\n<p>O governo brasileiro poder\u00e1, se houver restri\u00e7\u00f5es ao Pa\u00eds, como amea\u00e7ou Trump, abrir um procedimento arbitral dentro da pr\u00f3pria ONU, segundo o Minist\u00e9rio das Rela\u00e7\u00f5es Exteriores.<\/p>\n\n\n\n<p>O Itamaraty confirmou que h\u00e1 pend\u00eancias, mas n\u00e3o apresentou nesta segunda-feira (15) um panorama de quantos vistos faltam ser emitidos.<\/p>\n\n\n\n<p>Na semana passada, o Itamaraty j\u00e1 protestou durante reuni\u00e3o de um comit\u00ea nas Na\u00e7\u00f5es Unidas sobre a restri\u00e7\u00e3o de acesso ao pa\u00eds, que viola o acordo de sede da ONU. O encontro foi convocado para questionar o an\u00fancio de que Donald Trump n\u00e3o credenciaria a comitiva oficial da Palestina.<\/p>\n\n\n\n<p>Ao menos dois ministros de Estado, Alexandre Padilha (Sa\u00fade) e Ricardo Lewandowski (Justi\u00e7a), tiveram visto pessoal ou de seus familiares cancelados nas \u00faltimas semanas, como medida punitiva adotada pelos EUA no embate com o governo Lula. A quest\u00e3o segue pendente, segundo diplomatas.<\/p>\n\n\n\n<p><\/p>\n","protected":false},"excerpt":{"rendered":"<p>Na semana passada, o Itamaraty j\u00e1 protestou durante reuni\u00e3o de um comit\u00ea nas Na\u00e7\u00f5es Unidas sobre a restri\u00e7\u00e3o de acesso ao pa\u00eds, que viola o acordo de sede da ONU Uma semana antes do in\u00edcio do Debate Geral na Assembleia Geral das Na\u00e7\u00f5es Unidas, o governo brasileiro ainda n\u00e3o recebeu todos os vistos da comitiva&#8230;<\/p>\n","protected":false},"author":1,"featured_media":3112,"comment_status":"open","ping_status":"open","sticky":false,"template":"","format":"standard","meta":{"footnotes":""},"categories":[4,3],"tags":[],"class_list":["post-3110","post","type-post","status-publish","format-standard","has-post-thumbnail","hentry","category-anuncie-aqui","category-geral"],"_links":{"self":[{"href":"https:\/\/cafecommessias.com.br\/index.php?rest_route=\/wp\/v2\/posts\/3110","targetHints":{"allow":["GET"]}}],"collection":[{"href":"https:\/\/cafecommessias.com.br\/index.php?rest_route=\/wp\/v2\/posts"}],"about":[{"href":"https:\/\/cafecommessias.com.br\/index.php?rest_route=\/wp\/v2\/types\/post"}],"author":[{"embeddable":true,"href":"https:\/\/cafecommessias.com.br\/index.php?rest_route=\/wp\/v2\/users\/1"}],"replies":[{"embeddable":true,"href":"https:\/\/cafecommessias.com.br\/index.php?rest_route=%2Fwp%2Fv2%2Fcomments&post=3110"}],"version-history":[{"count":1,"href":"https:\/\/cafecommessias.com.br\/index.php?rest_route=\/wp\/v2\/posts\/3110\/revisions"}],"predecessor-version":[{"id":3111,"href":"https:\/\/cafecommessias.com.br\/index.php?rest_route=\/wp\/v2\/posts\/3110\/revisions\/3111"}],"wp:featuredmedia":[{"embeddable":true,"href":"https:\/\/cafecommessias.com.br\/index.php?rest_route=\/wp\/v2\/media\/3112"}],"wp:attachment":[{"href":"https:\/\/cafecommessias.com.br\/index.php?rest_route=%2Fwp%2Fv2%2Fmedia&parent=3110"}],"wp:term":[{"taxonomy":"category","embeddable":true,"href":"https:\/\/cafecommessias.com.br\/index.php?rest_route=%2Fwp%2Fv2%2Fcategories&post=3110"},{"taxonomy":"post_tag","embeddable":true,"href":"https:\/\/cafecommessias.com.br\/index.php?rest_route=%2Fwp%2Fv2%2Ftags&post=3110"}],"curies":[{"name":"wp","href":"https:\/\/api.w.org\/{rel}","templated":true}]}}